{"id":955,"date":"2017-03-28T16:00:56","date_gmt":"2017-03-28T16:00:56","guid":{"rendered":"http:\/\/www.fiestaclasica.org\/fr\/?p=955"},"modified":"2018-07-05T04:17:58","modified_gmt":"2018-07-05T04:17:58","slug":"concert-pour-la-hora-del-planeta","status":"publish","type":"post","link":"https:\/\/www.fiestaclasica.org\/fr\/concert-pour-la-hora-del-planeta\/","title":{"rendered":"Concert pour \u00ab\u00a0La Hora del Planeta\u00a0\u00bb"},"content":{"rendered":"<p>Saint Domingue \u2013 25 Mars 2017:\u00a0Ce samedi, le choeur des jeunes a \u00e9t\u00e9 invit\u00e9 \u00e0 participer \u00e0 \u201cLa hora del Planeta\u201d pour donner un r\u00e9cital sur la Plaza de Espa\u00f1a site embl\u00e9matique de la Zona Colonial. Un grand merci aux organisateurs pour leur accueil et au public pour son soutien.<\/p>\n<p>&nbsp;<\/p>\n","protected":false},"excerpt":{"rendered":"<p>Saint Domingue \u2013 25 Mars 2017:\u00a0Ce samedi, le choeur des jeunes a \u00e9t\u00e9 invit\u00e9 \u00e0 participer \u00e0 \u201cLa hora del Planeta\u201d pour donner un r\u00e9cital sur la Plaza de Espa\u00f1a site embl\u00e9matique de la Zona Colonial. Un grand merci aux organisateurs pour leur accueil et au public pour son soutien. &nbsp;<\/p>\n","protected":false},"author":3,"featured_media":907,"comment_status":"open","ping_status":"open","sticky":false,"template":"","format":"gallery","meta":[],"categories":[18],"tags":[],"post_series":[],"yoast_head":"<!-- This site is optimized with the Yoast SEO plugin v20.7 - https:\/\/yoast.com\/wordpress\/plugins\/seo\/ -->\n<title>Concert pour &quot;La Hora del Planeta&quot; - Fiesta Clasica<\/title>\n<meta name=\"robots\" content=\"index, follow, max-snippet:-1, max-image-preview:large, max-video-preview:-1\" \/>\n<link rel=\"canonical\" href=\"https:\/\/www.fiestaclasica.org\/fr\/concert-pour-la-hora-del-planeta\/\" \/>\n<meta property=\"og:locale\" content=\"fr_FR\" \/>\n<meta property=\"og:type\" content=\"article\" \/>\n<meta property=\"og:title\" content=\"Concert pour &quot;La Hora del Planeta&quot; - Fiesta Clasica\" \/>\n<meta property=\"og:description\" content=\"Saint Domingue \u2013 25 Mars 2017:\u00a0Ce samedi, le choeur des jeunes a \u00e9t\u00e9 invit\u00e9 \u00e0 participer \u00e0 \u201cLa hora del Planeta\u201d pour donner un r\u00e9cital sur la Plaza de Espa\u00f1a site embl\u00e9matique de la Zona Colonial. Un grand merci aux organisateurs pour leur accueil et au public pour son soutien. &nbsp;\" \/>\n<meta property=\"og:url\" content=\"https:\/\/www.fiestaclasica.org\/fr\/concert-pour-la-hora-del-planeta\/\" \/>\n<meta property=\"og:site_name\" content=\"Fiesta Clasica\" \/>\n<meta property=\"article:publisher\" content=\"https:\/\/www.facebook.com\/FiestaClasica\/\" \/>\n<meta property=\"article:published_time\" content=\"2017-03-28T16:00:56+00:00\" \/>\n<meta property=\"article:modified_time\" content=\"2018-07-05T04:17:58+00:00\" \/>\n<meta property=\"og:image\" content=\"https:\/\/www.fiestaclasica.org\/wp-content\/uploads\/2017\/03\/Untitled-7.png\" \/>\n\t<meta property=\"og:image:width\" content=\"847\" \/>\n\t<meta property=\"og:image:height\" content=\"565\" \/>\n\t<meta property=\"og:image:type\" content=\"image\/png\" \/>\n<meta name=\"author\" content=\"franck\" \/>\n<meta name=\"twitter:card\" content=\"summary_large_image\" \/>\n<meta name=\"twitter:creator\" content=\"@fiestaclasica\" \/>\n<meta name=\"twitter:site\" content=\"@fiestaclasica\" \/>\n<meta name=\"twitter:label1\" content=\"\u00c9crit par\" \/>\n\t<meta name=\"twitter:data1\" content=\"franck\" \/>\n<script type=\"application\/ld+json\" class=\"yoast-schema-graph\">{\"@context\":\"https:\/\/schema.org\",\"@graph\":[{\"@type\":\"Article\",\"@id\":\"https:\/\/www.fiestaclasica.org\/fr\/concert-pour-la-hora-del-planeta\/#article\",\"isPartOf\":{\"@id\":\"https:\/\/www.fiestaclasica.org\/fr\/concert-pour-la-hora-del-planeta\/\"},\"author\":{\"name\":\"franck\",\"@id\":\"https:\/\/www.fiestaclasica.org\/#\/schema\/person\/eef6c015d54f7abaf15ab423eea8e2cb\"},\"headline\":\"Concert pour \u00ab\u00a0La Hora del Planeta\u00a0\u00bb\",\"datePublished\":\"2017-03-28T16:00:56+00:00\",\"dateModified\":\"2018-07-05T04:17:58+00:00\",\"mainEntityOfPage\":{\"@id\":\"https:\/\/www.fiestaclasica.org\/fr\/concert-pour-la-hora-del-planeta\/\"},\"wordCount\":56,\"commentCount\":0,\"publisher\":{\"@id\":\"https:\/\/www.fiestaclasica.org\/#organization\"},\"articleSection\":[\"Actualit\u00e9s\"],\"inLanguage\":\"fr-FR\",\"potentialAction\":[{\"@type\":\"CommentAction\",\"name\":\"Comment\",\"target\":[\"https:\/\/www.fiestaclasica.org\/fr\/concert-pour-la-hora-del-planeta\/#respond\"]}]},{\"@type\":\"WebPage\",\"@id\":\"https:\/\/www.fiestaclasica.org\/fr\/concert-pour-la-hora-del-planeta\/\",\"url\":\"https:\/\/www.fiestaclasica.org\/fr\/concert-pour-la-hora-del-planeta\/\",\"name\":\"Concert pour \\\"La Hora del Planeta\\\" - Fiesta Clasica\",\"isPartOf\":{\"@id\":\"https:\/\/www.fiestaclasica.org\/#website\"},\"datePublished\":\"2017-03-28T16:00:56+00:00\",\"dateModified\":\"2018-07-05T04:17:58+00:00\",\"breadcrumb\":{\"@id\":\"https:\/\/www.fiestaclasica.org\/fr\/concert-pour-la-hora-del-planeta\/#breadcrumb\"},\"inLanguage\":\"fr-FR\",\"potentialAction\":[{\"@type\":\"ReadAction\",\"target\":[\"https:\/\/www.fiestaclasica.org\/fr\/concert-pour-la-hora-del-planeta\/\"]}]},{\"@type\":\"BreadcrumbList\",\"@id\":\"https:\/\/www.fiestaclasica.org\/fr\/concert-pour-la-hora-del-planeta\/#breadcrumb\",\"itemListElement\":[{\"@type\":\"ListItem\",\"position\":1,\"name\":\"Portada\",\"item\":\"https:\/\/www.fiestaclasica.org\/fr\/\"},{\"@type\":\"ListItem\",\"position\":2,\"name\":\"Concert pour \u00abLa Hora del Planeta\u00bb\"}]},{\"@type\":\"WebSite\",\"@id\":\"https:\/\/www.fiestaclasica.org\/#website\",\"url\":\"https:\/\/www.fiestaclasica.org\/\",\"name\":\"Fiesta Clasica\",\"description\":\"Fiesta Clasica\",\"publisher\":{\"@id\":\"https:\/\/www.fiestaclasica.org\/#organization\"},\"potentialAction\":[{\"@type\":\"SearchAction\",\"target\":{\"@type\":\"EntryPoint\",\"urlTemplate\":\"https:\/\/www.fiestaclasica.org\/?s={search_term_string}\"},\"query-input\":\"required name=search_term_string\"}],\"inLanguage\":\"fr-FR\"},{\"@type\":\"Organization\",\"@id\":\"https:\/\/www.fiestaclasica.org\/#organization\",\"name\":\"fiesta clasica\",\"url\":\"https:\/\/www.fiestaclasica.org\/\",\"logo\":{\"@type\":\"ImageObject\",\"inLanguage\":\"fr-FR\",\"@id\":\"https:\/\/www.fiestaclasica.org\/#\/schema\/logo\/image\/\",\"url\":\"https:\/\/www.fiestaclasica.org\/wp-content\/uploads\/2016\/04\/logo-FC-prensa.jpg\",\"contentUrl\":\"https:\/\/www.fiestaclasica.org\/wp-content\/uploads\/2016\/04\/logo-FC-prensa.jpg\",\"width\":449,\"height\":261,\"caption\":\"fiesta clasica\"},\"image\":{\"@id\":\"https:\/\/www.fiestaclasica.org\/#\/schema\/logo\/image\/\"},\"sameAs\":[\"https:\/\/www.facebook.com\/FiestaClasica\/\",\"https:\/\/twitter.com\/fiestaclasica\",\"https:\/\/www.instagram.com\/fiestaclasica\/\",\"https:\/\/www.youtube.com\/channel\/UCt82JYKhPM3Th7pNLCA7-xw\"]},{\"@type\":\"Person\",\"@id\":\"https:\/\/www.fiestaclasica.org\/#\/schema\/person\/eef6c015d54f7abaf15ab423eea8e2cb\",\"name\":\"franck\",\"image\":{\"@type\":\"ImageObject\",\"inLanguage\":\"fr-FR\",\"@id\":\"https:\/\/www.fiestaclasica.org\/#\/schema\/person\/image\/\",\"url\":\"https:\/\/secure.gravatar.com\/avatar\/7c772a983d393adbc6e0585fac01e1ff?s=96&d=mm&r=g\",\"contentUrl\":\"https:\/\/secure.gravatar.com\/avatar\/7c772a983d393adbc6e0585fac01e1ff?s=96&d=mm&r=g\",\"caption\":\"franck\"},\"url\":\"https:\/\/www.fiestaclasica.org\/fr\/author\/franck\/\"}]}<\/script>\n<!-- \/ Yoast SEO plugin. -->","yoast_head_json":{"title":"Concert pour \"La Hora del Planeta\" - Fiesta Clasica","robots":{"index":"index","follow":"follow","max-snippet":"max-snippet:-1","max-image-preview":"max-image-preview:large","max-video-preview":"max-video-preview:-1"},"canonical":"https:\/\/www.fiestaclasica.org\/fr\/concert-pour-la-hora-del-planeta\/","og_locale":"fr_FR","og_type":"article","og_title":"Concert pour \"La Hora del Planeta\" - Fiesta Clasica","og_description":"Saint Domingue \u2013 25 Mars 2017:\u00a0Ce samedi, le choeur des jeunes a \u00e9t\u00e9 invit\u00e9 \u00e0 participer \u00e0 \u201cLa hora del Planeta\u201d pour donner un r\u00e9cital sur la Plaza de Espa\u00f1a site embl\u00e9matique de la Zona Colonial. Un grand merci aux organisateurs pour leur accueil et au public pour son soutien. &nbsp;","og_url":"https:\/\/www.fiestaclasica.org\/fr\/concert-pour-la-hora-del-planeta\/","og_site_name":"Fiesta Clasica","article_publisher":"https:\/\/www.facebook.com\/FiestaClasica\/","article_published_time":"2017-03-28T16:00:56+00:00","article_modified_time":"2018-07-05T04:17:58+00:00","og_image":[{"width":847,"height":565,"url":"https:\/\/www.fiestaclasica.org\/wp-content\/uploads\/2017\/03\/Untitled-7.png","type":"image\/png"}],"author":"franck","twitter_card":"summary_large_image","twitter_creator":"@fiestaclasica","twitter_site":"@fiestaclasica","twitter_misc":{"\u00c9crit par":"franck"},"schema":{"@context":"https:\/\/schema.org","@graph":[{"@type":"Article","@id":"https:\/\/www.fiestaclasica.org\/fr\/concert-pour-la-hora-del-planeta\/#article","isPartOf":{"@id":"https:\/\/www.fiestaclasica.org\/fr\/concert-pour-la-hora-del-planeta\/"},"author":{"name":"franck","@id":"https:\/\/www.fiestaclasica.org\/#\/schema\/person\/eef6c015d54f7abaf15ab423eea8e2cb"},"headline":"Concert pour \u00ab\u00a0La Hora del Planeta\u00a0\u00bb","datePublished":"2017-03-28T16:00:56+00:00","dateModified":"2018-07-05T04:17:58+00:00","mainEntityOfPage":{"@id":"https:\/\/www.fiestaclasica.org\/fr\/concert-pour-la-hora-del-planeta\/"},"wordCount":56,"commentCount":0,"publisher":{"@id":"https:\/\/www.fiestaclasica.org\/#organization"},"articleSection":["Actualit\u00e9s"],"inLanguage":"fr-FR","potentialAction":[{"@type":"CommentAction","name":"Comment","target":["https:\/\/www.fiestaclasica.org\/fr\/concert-pour-la-hora-del-planeta\/#respond"]}]},{"@type":"WebPage","@id":"https:\/\/www.fiestaclasica.org\/fr\/concert-pour-la-hora-del-planeta\/","url":"https:\/\/www.fiestaclasica.org\/fr\/concert-pour-la-hora-del-planeta\/","name":"Concert pour \"La Hora del Planeta\" - Fiesta Clasica","isPartOf":{"@id":"https:\/\/www.fiestaclasica.org\/#website"},"datePublished":"2017-03-28T16:00:56+00:00","dateModified":"2018-07-05T04:17:58+00:00","breadcrumb":{"@id":"https:\/\/www.fiestaclasica.org\/fr\/concert-pour-la-hora-del-planeta\/#breadcrumb"},"inLanguage":"fr-FR","potentialAction":[{"@type":"ReadAction","target":["https:\/\/www.fiestaclasica.org\/fr\/concert-pour-la-hora-del-planeta\/"]}]},{"@type":"BreadcrumbList","@id":"https:\/\/www.fiestaclasica.org\/fr\/concert-pour-la-hora-del-planeta\/#breadcrumb","itemListElement":[{"@type":"ListItem","position":1,"name":"Portada","item":"https:\/\/www.fiestaclasica.org\/fr\/"},{"@type":"ListItem","position":2,"name":"Concert pour \u00abLa Hora del Planeta\u00bb"}]},{"@type":"WebSite","@id":"https:\/\/www.fiestaclasica.org\/#website","url":"https:\/\/www.fiestaclasica.org\/","name":"Fiesta Clasica","description":"Fiesta Clasica","publisher":{"@id":"https:\/\/www.fiestaclasica.org\/#organization"},"potentialAction":[{"@type":"SearchAction","target":{"@type":"EntryPoint","urlTemplate":"https:\/\/www.fiestaclasica.org\/?s={search_term_string}"},"query-input":"required name=search_term_string"}],"inLanguage":"fr-FR"},{"@type":"Organization","@id":"https:\/\/www.fiestaclasica.org\/#organization","name":"fiesta clasica","url":"https:\/\/www.fiestaclasica.org\/","logo":{"@type":"ImageObject","inLanguage":"fr-FR","@id":"https:\/\/www.fiestaclasica.org\/#\/schema\/logo\/image\/","url":"https:\/\/www.fiestaclasica.org\/wp-content\/uploads\/2016\/04\/logo-FC-prensa.jpg","contentUrl":"https:\/\/www.fiestaclasica.org\/wp-content\/uploads\/2016\/04\/logo-FC-prensa.jpg","width":449,"height":261,"caption":"fiesta clasica"},"image":{"@id":"https:\/\/www.fiestaclasica.org\/#\/schema\/logo\/image\/"},"sameAs":["https:\/\/www.facebook.com\/FiestaClasica\/","https:\/\/twitter.com\/fiestaclasica","https:\/\/www.instagram.com\/fiestaclasica\/","https:\/\/www.youtube.com\/channel\/UCt82JYKhPM3Th7pNLCA7-xw"]},{"@type":"Person","@id":"https:\/\/www.fiestaclasica.org\/#\/schema\/person\/eef6c015d54f7abaf15ab423eea8e2cb","name":"franck","image":{"@type":"ImageObject","inLanguage":"fr-FR","@id":"https:\/\/www.fiestaclasica.org\/#\/schema\/person\/image\/","url":"https:\/\/secure.gravatar.com\/avatar\/7c772a983d393adbc6e0585fac01e1ff?s=96&d=mm&r=g","contentUrl":"https:\/\/secure.gravatar.com\/avatar\/7c772a983d393adbc6e0585fac01e1ff?s=96&d=mm&r=g","caption":"franck"},"url":"https:\/\/www.fiestaclasica.org\/fr\/author\/franck\/"}]}},"_links":{"self":[{"href":"https:\/\/www.fiestaclasica.org\/fr\/wp-json\/wp\/v2\/posts\/955\/"}],"collection":[{"href":"https:\/\/www.fiestaclasica.org\/fr\/wp-json\/wp\/v2\/posts\/"}],"about":[{"href":"https:\/\/www.fiestaclasica.org\/fr\/wp-json\/wp\/v2\/types\/post\/"}],"author":[{"embeddable":true,"href":"https:\/\/www.fiestaclasica.org\/fr\/wp-json\/wp\/v2\/users\/3\/"}],"replies":[{"embeddable":true,"href":"https:\/\/www.fiestaclasica.org\/fr\/wp-json\/wp\/v2\/comments\/?post=955"}],"version-history":[{"count":1,"href":"https:\/\/www.fiestaclasica.org\/fr\/wp-json\/wp\/v2\/posts\/955\/revisions\/"}],"predecessor-version":[{"id":956,"href":"https:\/\/www.fiestaclasica.org\/fr\/wp-json\/wp\/v2\/posts\/955\/revisions\/956\/"}],"wp:featuredmedia":[{"embeddable":true,"href":"https:\/\/www.fiestaclasica.org\/fr\/wp-json\/wp\/v2\/media\/907\/"}],"wp:attachment":[{"href":"https:\/\/www.fiestaclasica.org\/fr\/wp-json\/wp\/v2\/media\/?parent=955"}],"wp:term":[{"taxonomy":"category","embeddable":true,"href":"https:\/\/www.fiestaclasica.org\/fr\/wp-json\/wp\/v2\/categories\/?post=955"},{"taxonomy":"post_tag","embeddable":true,"href":"https:\/\/www.fiestaclasica.org\/fr\/wp-json\/wp\/v2\/tags\/?post=955"},{"taxonomy":"post_series","embeddable":true,"href":"https:\/\/www.fiestaclasica.org\/fr\/wp-json\/wp\/v2\/post_series\/?post=955"}],"curies":[{"name":"wp","href":"https:\/\/api.w.org\/{rel}","templated":true}]}}