{"id":8846,"date":"2019-05-20T22:26:22","date_gmt":"2019-05-20T22:26:22","guid":{"rendered":"http:\/\/www.fiestaclasica.org\/?p=8846"},"modified":"2019-05-24T05:16:21","modified_gmt":"2019-05-24T05:16:21","slug":"visite-diplomatique","status":"publish","type":"post","link":"https:\/\/www.fiestaclasica.org\/fr\/visite-diplomatique\/","title":{"rendered":"Visite diplomatique"},"content":{"rendered":"[vc_row][vc_column][vc_column_text]A l\u2019initiative de Mme Nelsida Giacinti, Pr\u00e9sidente des Amis de Fiesta Cl\u00e1sica, l\u2019Association des Damas Diplom\u00e1ticas, qui regroupe les \u00e9pouses des Ambassadeurs en R\u00e9publique Dominicaine a \u00e9t\u00e9 invit\u00e9e \u00e0 un concert priv\u00e9 dans notre centre de la Zone Coloniale. Face \u00e0 ce prestigieux public nos \u00e9l\u00e8ves ont interpr\u00e9t\u00e9 plusieurs oeuvres classiques telles que Carmen de Georges Bizet ou la Serenatta Notturna de Mozart ou populaires telle que la Billirubina de Juan Luis Guerra. Le moment le plus \u00e9mouvant fut sans nul doute la prestation du Kinder Musical qui regroupe des enfants de 5 \u00e0 7 ans pour qui il s\u2019agissait de la premi\u00e8re repr\u00e9sentation en public.<\/p>\n<p>Ce concert a \u00e9t\u00e9 suivi d\u2019un cocktail dans le patio de la Logia Cuna de Am\u00e9rica ce qui permit \u00e0 nos invit\u00e9es d\u2019\u00e9changer avec les \u00e9l\u00e8ves, les professeurs et les repr\u00e9sentants de la fondation afin de d\u00e9couvrir tous les aspects du travail musical, social et \u00e9ducatif r\u00e9alis\u00e9.[\/vc_column_text][\/vc_column][\/vc_row][vc_row][vc_column][vc_video link=\u00a0\u00bbhttps:\/\/youtu.be\/O2JyK3AH924&Prime;][\/vc_column][\/vc_row]\n","protected":false},"excerpt":{"rendered":"<p>[vc_row][vc_column][vc_column_text]A l\u2019initiative de Mme Nelsida Giacinti, Pr\u00e9sidente des Amis de Fiesta Cl\u00e1sica, l\u2019Association des Damas Diplom\u00e1ticas, qui regroupe les \u00e9pouses des Ambassadeurs en R\u00e9publique Dominicaine a \u00e9t\u00e9 invit\u00e9e \u00e0 un concert priv\u00e9 dans notre centre de la Zone Coloniale. Face \u00e0 ce prestigieux public nos \u00e9l\u00e8ves ont interpr\u00e9t\u00e9 plusieurs oeuvres classiques telles que Carmen de&hellip;<\/p>\n","protected":false},"author":1,"featured_media":8850,"comment_status":"open","ping_status":"open","sticky":false,"template":"","format":"gallery","meta":[],"categories":[18],"tags":[],"post_series":[],"yoast_head":"<!-- This site is optimized with the Yoast SEO plugin v20.7 - https:\/\/yoast.com\/wordpress\/plugins\/seo\/ -->\n<title>Visite diplomatique - Fiesta Clasica<\/title>\n<meta name=\"robots\" content=\"index, follow, max-snippet:-1, max-image-preview:large, max-video-preview:-1\" \/>\n<link rel=\"canonical\" href=\"https:\/\/www.fiestaclasica.org\/fr\/visite-diplomatique\/\" \/>\n<meta property=\"og:locale\" content=\"fr_FR\" \/>\n<meta property=\"og:type\" content=\"article\" \/>\n<meta property=\"og:title\" content=\"Visite diplomatique - Fiesta Clasica\" \/>\n<meta property=\"og:description\" content=\"[vc_row][vc_column][vc_column_text]A l\u2019initiative de Mme Nelsida Giacinti, Pr\u00e9sidente des Amis de Fiesta Cl\u00e1sica, l\u2019Association des Damas Diplom\u00e1ticas, qui regroupe les \u00e9pouses des Ambassadeurs en R\u00e9publique Dominicaine a \u00e9t\u00e9 invit\u00e9e \u00e0 un concert priv\u00e9 dans notre centre de la Zone Coloniale. Face \u00e0 ce prestigieux public nos \u00e9l\u00e8ves ont interpr\u00e9t\u00e9 plusieurs oeuvres classiques telles que Carmen de&hellip;\" \/>\n<meta property=\"og:url\" content=\"https:\/\/www.fiestaclasica.org\/fr\/visite-diplomatique\/\" \/>\n<meta property=\"og:site_name\" content=\"Fiesta Clasica\" \/>\n<meta property=\"article:publisher\" content=\"https:\/\/www.facebook.com\/FiestaClasica\/\" \/>\n<meta property=\"article:published_time\" content=\"2019-05-20T22:26:22+00:00\" \/>\n<meta property=\"article:modified_time\" content=\"2019-05-24T05:16:21+00:00\" \/>\n<meta property=\"og:image\" content=\"https:\/\/www.fiestaclasica.org\/wp-content\/uploads\/2019\/05\/not_damas.jpg\" \/>\n\t<meta property=\"og:image:width\" content=\"1280\" \/>\n\t<meta property=\"og:image:height\" content=\"960\" \/>\n\t<meta property=\"og:image:type\" content=\"image\/jpeg\" \/>\n<meta name=\"author\" content=\"webzwin\" \/>\n<meta name=\"twitter:card\" content=\"summary_large_image\" \/>\n<meta name=\"twitter:creator\" content=\"@fiestaclasica\" \/>\n<meta name=\"twitter:site\" content=\"@fiestaclasica\" \/>\n<meta name=\"twitter:label1\" content=\"\u00c9crit par\" \/>\n\t<meta name=\"twitter:data1\" content=\"webzwin\" \/>\n\t<meta name=\"twitter:label2\" content=\"Dur\u00e9e de lecture estim\u00e9e\" \/>\n\t<meta name=\"twitter:data2\" content=\"1 minute\" \/>\n<script type=\"application\/ld+json\" class=\"yoast-schema-graph\">{\"@context\":\"https:\/\/schema.org\",\"@graph\":[{\"@type\":\"Article\",\"@id\":\"https:\/\/www.fiestaclasica.org\/fr\/visite-diplomatique\/#article\",\"isPartOf\":{\"@id\":\"https:\/\/www.fiestaclasica.org\/fr\/visite-diplomatique\/\"},\"author\":{\"name\":\"webzwin\",\"@id\":\"https:\/\/www.fiestaclasica.org\/#\/schema\/person\/e8219b53c2a1c7e6b03ea5329053f8ac\"},\"headline\":\"Visite diplomatique\",\"datePublished\":\"2019-05-20T22:26:22+00:00\",\"dateModified\":\"2019-05-24T05:16:21+00:00\",\"mainEntityOfPage\":{\"@id\":\"https:\/\/www.fiestaclasica.org\/fr\/visite-diplomatique\/\"},\"wordCount\":200,\"commentCount\":0,\"publisher\":{\"@id\":\"https:\/\/www.fiestaclasica.org\/#organization\"},\"articleSection\":[\"Actualit\u00e9s\"],\"inLanguage\":\"fr-FR\",\"potentialAction\":[{\"@type\":\"CommentAction\",\"name\":\"Comment\",\"target\":[\"https:\/\/www.fiestaclasica.org\/fr\/visite-diplomatique\/#respond\"]}]},{\"@type\":\"WebPage\",\"@id\":\"https:\/\/www.fiestaclasica.org\/fr\/visite-diplomatique\/\",\"url\":\"https:\/\/www.fiestaclasica.org\/fr\/visite-diplomatique\/\",\"name\":\"Visite diplomatique - Fiesta Clasica\",\"isPartOf\":{\"@id\":\"https:\/\/www.fiestaclasica.org\/#website\"},\"datePublished\":\"2019-05-20T22:26:22+00:00\",\"dateModified\":\"2019-05-24T05:16:21+00:00\",\"breadcrumb\":{\"@id\":\"https:\/\/www.fiestaclasica.org\/fr\/visite-diplomatique\/#breadcrumb\"},\"inLanguage\":\"fr-FR\",\"potentialAction\":[{\"@type\":\"ReadAction\",\"target\":[\"https:\/\/www.fiestaclasica.org\/fr\/visite-diplomatique\/\"]}]},{\"@type\":\"BreadcrumbList\",\"@id\":\"https:\/\/www.fiestaclasica.org\/fr\/visite-diplomatique\/#breadcrumb\",\"itemListElement\":[{\"@type\":\"ListItem\",\"position\":1,\"name\":\"Portada\",\"item\":\"https:\/\/www.fiestaclasica.org\/fr\/\"},{\"@type\":\"ListItem\",\"position\":2,\"name\":\"Visite diplomatique\"}]},{\"@type\":\"WebSite\",\"@id\":\"https:\/\/www.fiestaclasica.org\/#website\",\"url\":\"https:\/\/www.fiestaclasica.org\/\",\"name\":\"Fiesta Clasica\",\"description\":\"Fiesta Clasica\",\"publisher\":{\"@id\":\"https:\/\/www.fiestaclasica.org\/#organization\"},\"potentialAction\":[{\"@type\":\"SearchAction\",\"target\":{\"@type\":\"EntryPoint\",\"urlTemplate\":\"https:\/\/www.fiestaclasica.org\/?s={search_term_string}\"},\"query-input\":\"required name=search_term_string\"}],\"inLanguage\":\"fr-FR\"},{\"@type\":\"Organization\",\"@id\":\"https:\/\/www.fiestaclasica.org\/#organization\",\"name\":\"fiesta clasica\",\"url\":\"https:\/\/www.fiestaclasica.org\/\",\"logo\":{\"@type\":\"ImageObject\",\"inLanguage\":\"fr-FR\",\"@id\":\"https:\/\/www.fiestaclasica.org\/#\/schema\/logo\/image\/\",\"url\":\"https:\/\/www.fiestaclasica.org\/wp-content\/uploads\/2016\/04\/logo-FC-prensa.jpg\",\"contentUrl\":\"https:\/\/www.fiestaclasica.org\/wp-content\/uploads\/2016\/04\/logo-FC-prensa.jpg\",\"width\":449,\"height\":261,\"caption\":\"fiesta clasica\"},\"image\":{\"@id\":\"https:\/\/www.fiestaclasica.org\/#\/schema\/logo\/image\/\"},\"sameAs\":[\"https:\/\/www.facebook.com\/FiestaClasica\/\",\"https:\/\/twitter.com\/fiestaclasica\",\"https:\/\/www.instagram.com\/fiestaclasica\/\",\"https:\/\/www.youtube.com\/channel\/UCt82JYKhPM3Th7pNLCA7-xw\"]},{\"@type\":\"Person\",\"@id\":\"https:\/\/www.fiestaclasica.org\/#\/schema\/person\/e8219b53c2a1c7e6b03ea5329053f8ac\",\"name\":\"webzwin\",\"image\":{\"@type\":\"ImageObject\",\"inLanguage\":\"fr-FR\",\"@id\":\"https:\/\/www.fiestaclasica.org\/#\/schema\/person\/image\/\",\"url\":\"https:\/\/secure.gravatar.com\/avatar\/b61cecce942f25228da00c5f6ea9bef8?s=96&d=mm&r=g\",\"contentUrl\":\"https:\/\/secure.gravatar.com\/avatar\/b61cecce942f25228da00c5f6ea9bef8?s=96&d=mm&r=g\",\"caption\":\"webzwin\"},\"url\":\"https:\/\/www.fiestaclasica.org\/fr\/author\/webzwin\/\"}]}<\/script>\n<!-- \/ Yoast SEO plugin. -->","yoast_head_json":{"title":"Visite diplomatique - Fiesta Clasica","robots":{"index":"index","follow":"follow","max-snippet":"max-snippet:-1","max-image-preview":"max-image-preview:large","max-video-preview":"max-video-preview:-1"},"canonical":"https:\/\/www.fiestaclasica.org\/fr\/visite-diplomatique\/","og_locale":"fr_FR","og_type":"article","og_title":"Visite diplomatique - Fiesta Clasica","og_description":"[vc_row][vc_column][vc_column_text]A l\u2019initiative de Mme Nelsida Giacinti, Pr\u00e9sidente des Amis de Fiesta Cl\u00e1sica, l\u2019Association des Damas Diplom\u00e1ticas, qui regroupe les \u00e9pouses des Ambassadeurs en R\u00e9publique Dominicaine a \u00e9t\u00e9 invit\u00e9e \u00e0 un concert priv\u00e9 dans notre centre de la Zone Coloniale. Face \u00e0 ce prestigieux public nos \u00e9l\u00e8ves ont interpr\u00e9t\u00e9 plusieurs oeuvres classiques telles que Carmen de&hellip;","og_url":"https:\/\/www.fiestaclasica.org\/fr\/visite-diplomatique\/","og_site_name":"Fiesta Clasica","article_publisher":"https:\/\/www.facebook.com\/FiestaClasica\/","article_published_time":"2019-05-20T22:26:22+00:00","article_modified_time":"2019-05-24T05:16:21+00:00","og_image":[{"width":1280,"height":960,"url":"https:\/\/www.fiestaclasica.org\/wp-content\/uploads\/2019\/05\/not_damas.jpg","type":"image\/jpeg"}],"author":"webzwin","twitter_card":"summary_large_image","twitter_creator":"@fiestaclasica","twitter_site":"@fiestaclasica","twitter_misc":{"\u00c9crit par":"webzwin","Dur\u00e9e de lecture estim\u00e9e":"1 minute"},"schema":{"@context":"https:\/\/schema.org","@graph":[{"@type":"Article","@id":"https:\/\/www.fiestaclasica.org\/fr\/visite-diplomatique\/#article","isPartOf":{"@id":"https:\/\/www.fiestaclasica.org\/fr\/visite-diplomatique\/"},"author":{"name":"webzwin","@id":"https:\/\/www.fiestaclasica.org\/#\/schema\/person\/e8219b53c2a1c7e6b03ea5329053f8ac"},"headline":"Visite diplomatique","datePublished":"2019-05-20T22:26:22+00:00","dateModified":"2019-05-24T05:16:21+00:00","mainEntityOfPage":{"@id":"https:\/\/www.fiestaclasica.org\/fr\/visite-diplomatique\/"},"wordCount":200,"commentCount":0,"publisher":{"@id":"https:\/\/www.fiestaclasica.org\/#organization"},"articleSection":["Actualit\u00e9s"],"inLanguage":"fr-FR","potentialAction":[{"@type":"CommentAction","name":"Comment","target":["https:\/\/www.fiestaclasica.org\/fr\/visite-diplomatique\/#respond"]}]},{"@type":"WebPage","@id":"https:\/\/www.fiestaclasica.org\/fr\/visite-diplomatique\/","url":"https:\/\/www.fiestaclasica.org\/fr\/visite-diplomatique\/","name":"Visite diplomatique - Fiesta Clasica","isPartOf":{"@id":"https:\/\/www.fiestaclasica.org\/#website"},"datePublished":"2019-05-20T22:26:22+00:00","dateModified":"2019-05-24T05:16:21+00:00","breadcrumb":{"@id":"https:\/\/www.fiestaclasica.org\/fr\/visite-diplomatique\/#breadcrumb"},"inLanguage":"fr-FR","potentialAction":[{"@type":"ReadAction","target":["https:\/\/www.fiestaclasica.org\/fr\/visite-diplomatique\/"]}]},{"@type":"BreadcrumbList","@id":"https:\/\/www.fiestaclasica.org\/fr\/visite-diplomatique\/#breadcrumb","itemListElement":[{"@type":"ListItem","position":1,"name":"Portada","item":"https:\/\/www.fiestaclasica.org\/fr\/"},{"@type":"ListItem","position":2,"name":"Visite diplomatique"}]},{"@type":"WebSite","@id":"https:\/\/www.fiestaclasica.org\/#website","url":"https:\/\/www.fiestaclasica.org\/","name":"Fiesta Clasica","description":"Fiesta Clasica","publisher":{"@id":"https:\/\/www.fiestaclasica.org\/#organization"},"potentialAction":[{"@type":"SearchAction","target":{"@type":"EntryPoint","urlTemplate":"https:\/\/www.fiestaclasica.org\/?s={search_term_string}"},"query-input":"required name=search_term_string"}],"inLanguage":"fr-FR"},{"@type":"Organization","@id":"https:\/\/www.fiestaclasica.org\/#organization","name":"fiesta clasica","url":"https:\/\/www.fiestaclasica.org\/","logo":{"@type":"ImageObject","inLanguage":"fr-FR","@id":"https:\/\/www.fiestaclasica.org\/#\/schema\/logo\/image\/","url":"https:\/\/www.fiestaclasica.org\/wp-content\/uploads\/2016\/04\/logo-FC-prensa.jpg","contentUrl":"https:\/\/www.fiestaclasica.org\/wp-content\/uploads\/2016\/04\/logo-FC-prensa.jpg","width":449,"height":261,"caption":"fiesta clasica"},"image":{"@id":"https:\/\/www.fiestaclasica.org\/#\/schema\/logo\/image\/"},"sameAs":["https:\/\/www.facebook.com\/FiestaClasica\/","https:\/\/twitter.com\/fiestaclasica","https:\/\/www.instagram.com\/fiestaclasica\/","https:\/\/www.youtube.com\/channel\/UCt82JYKhPM3Th7pNLCA7-xw"]},{"@type":"Person","@id":"https:\/\/www.fiestaclasica.org\/#\/schema\/person\/e8219b53c2a1c7e6b03ea5329053f8ac","name":"webzwin","image":{"@type":"ImageObject","inLanguage":"fr-FR","@id":"https:\/\/www.fiestaclasica.org\/#\/schema\/person\/image\/","url":"https:\/\/secure.gravatar.com\/avatar\/b61cecce942f25228da00c5f6ea9bef8?s=96&d=mm&r=g","contentUrl":"https:\/\/secure.gravatar.com\/avatar\/b61cecce942f25228da00c5f6ea9bef8?s=96&d=mm&r=g","caption":"webzwin"},"url":"https:\/\/www.fiestaclasica.org\/fr\/author\/webzwin\/"}]}},"_links":{"self":[{"href":"https:\/\/www.fiestaclasica.org\/fr\/wp-json\/wp\/v2\/posts\/8846\/"}],"collection":[{"href":"https:\/\/www.fiestaclasica.org\/fr\/wp-json\/wp\/v2\/posts\/"}],"about":[{"href":"https:\/\/www.fiestaclasica.org\/fr\/wp-json\/wp\/v2\/types\/post\/"}],"author":[{"embeddable":true,"href":"https:\/\/www.fiestaclasica.org\/fr\/wp-json\/wp\/v2\/users\/1\/"}],"replies":[{"embeddable":true,"href":"https:\/\/www.fiestaclasica.org\/fr\/wp-json\/wp\/v2\/comments\/?post=8846"}],"version-history":[{"count":2,"href":"https:\/\/www.fiestaclasica.org\/fr\/wp-json\/wp\/v2\/posts\/8846\/revisions\/"}],"predecessor-version":[{"id":8901,"href":"https:\/\/www.fiestaclasica.org\/fr\/wp-json\/wp\/v2\/posts\/8846\/revisions\/8901\/"}],"wp:featuredmedia":[{"embeddable":true,"href":"https:\/\/www.fiestaclasica.org\/fr\/wp-json\/wp\/v2\/media\/8850\/"}],"wp:attachment":[{"href":"https:\/\/www.fiestaclasica.org\/fr\/wp-json\/wp\/v2\/media\/?parent=8846"}],"wp:term":[{"taxonomy":"category","embeddable":true,"href":"https:\/\/www.fiestaclasica.org\/fr\/wp-json\/wp\/v2\/categories\/?post=8846"},{"taxonomy":"post_tag","embeddable":true,"href":"https:\/\/www.fiestaclasica.org\/fr\/wp-json\/wp\/v2\/tags\/?post=8846"},{"taxonomy":"post_series","embeddable":true,"href":"https:\/\/www.fiestaclasica.org\/fr\/wp-json\/wp\/v2\/post_series\/?post=8846"}],"curies":[{"name":"wp","href":"https:\/\/api.w.org\/{rel}","templated":true}]}}