{"id":6974,"date":"2019-05-13T16:01:49","date_gmt":"2019-05-13T16:01:49","guid":{"rendered":"http:\/\/www.fiestaclasica.org\/?p=6974"},"modified":"2020-03-13T19:33:35","modified_gmt":"2020-03-13T19:33:35","slug":"visites","status":"publish","type":"post","link":"https:\/\/www.fiestaclasica.org\/fr\/visites\/","title":{"rendered":"Visites"},"content":{"rendered":"[vc_row][vc_column][vc_column_text]La rencontre de musiciens professionnels est toujours une source d\u2019enrichissement pour nos \u00e9l\u00e8ves. Derni\u00e8rement ils ont re\u00e7u la visite de la violoniste Rachel Puccini et du groupe de cuivres Axiom Brass invit\u00e9s en R\u00e9publique Dominicaine par les Conciertos de la Villa. Musiciens en provenance de Chicago, ils ont pu partager leur passion et donner de pr\u00e9cieux conseils \u00e0 nos jeunes musiciens.[\/vc_column_text][\/vc_column][\/vc_row]\n","protected":false},"excerpt":{"rendered":"<p>[vc_row][vc_column][vc_column_text]La rencontre de musiciens professionnels est toujours une source d\u2019enrichissement pour nos \u00e9l\u00e8ves. Derni\u00e8rement ils ont re\u00e7u la visite de la violoniste Rachel Puccini et du groupe de cuivres Axiom Brass invit\u00e9s en R\u00e9publique Dominicaine par les Conciertos de la Villa. Musiciens en provenance de Chicago, ils ont pu partager leur passion et donner de&hellip;<\/p>\n","protected":false},"author":1,"featured_media":6967,"comment_status":"open","ping_status":"open","sticky":false,"template":"","format":"gallery","meta":[],"categories":[18],"tags":[],"post_series":[],"yoast_head":"<!-- This site is optimized with the Yoast SEO plugin v20.7 - https:\/\/yoast.com\/wordpress\/plugins\/seo\/ -->\n<title>Visites - Fiesta Clasica<\/title>\n<meta name=\"robots\" content=\"index, follow, max-snippet:-1, max-image-preview:large, max-video-preview:-1\" \/>\n<link rel=\"canonical\" href=\"https:\/\/www.fiestaclasica.org\/fr\/visites\/\" \/>\n<meta property=\"og:locale\" content=\"fr_FR\" \/>\n<meta property=\"og:type\" content=\"article\" \/>\n<meta property=\"og:title\" content=\"Visites - Fiesta Clasica\" \/>\n<meta property=\"og:description\" content=\"[vc_row][vc_column][vc_column_text]La rencontre de musiciens professionnels est toujours une source d\u2019enrichissement pour nos \u00e9l\u00e8ves. Derni\u00e8rement ils ont re\u00e7u la visite de la violoniste Rachel Puccini et du groupe de cuivres Axiom Brass invit\u00e9s en R\u00e9publique Dominicaine par les Conciertos de la Villa. Musiciens en provenance de Chicago, ils ont pu partager leur passion et donner de&hellip;\" \/>\n<meta property=\"og:url\" content=\"https:\/\/www.fiestaclasica.org\/fr\/visites\/\" \/>\n<meta property=\"og:site_name\" content=\"Fiesta Clasica\" \/>\n<meta property=\"article:publisher\" content=\"https:\/\/www.facebook.com\/FiestaClasica\/\" \/>\n<meta property=\"article:published_time\" content=\"2019-05-13T16:01:49+00:00\" \/>\n<meta property=\"article:modified_time\" content=\"2020-03-13T19:33:35+00:00\" \/>\n<meta property=\"og:image\" content=\"https:\/\/www.fiestaclasica.org\/wp-content\/uploads\/2019\/05\/Not_visitas_VignetteVisites.jpg\" \/>\n\t<meta property=\"og:image:width\" content=\"1280\" \/>\n\t<meta property=\"og:image:height\" content=\"960\" \/>\n\t<meta property=\"og:image:type\" content=\"image\/jpeg\" \/>\n<meta name=\"author\" content=\"webzwin\" \/>\n<meta name=\"twitter:card\" content=\"summary_large_image\" \/>\n<meta name=\"twitter:creator\" content=\"@fiestaclasica\" \/>\n<meta name=\"twitter:site\" content=\"@fiestaclasica\" \/>\n<meta name=\"twitter:label1\" content=\"\u00c9crit par\" \/>\n\t<meta name=\"twitter:data1\" content=\"webzwin\" \/>\n<script type=\"application\/ld+json\" class=\"yoast-schema-graph\">{\"@context\":\"https:\/\/schema.org\",\"@graph\":[{\"@type\":\"Article\",\"@id\":\"https:\/\/www.fiestaclasica.org\/fr\/visites\/#article\",\"isPartOf\":{\"@id\":\"https:\/\/www.fiestaclasica.org\/fr\/visites\/\"},\"author\":{\"name\":\"webzwin\",\"@id\":\"https:\/\/www.fiestaclasica.org\/#\/schema\/person\/e8219b53c2a1c7e6b03ea5329053f8ac\"},\"headline\":\"Visites\",\"datePublished\":\"2019-05-13T16:01:49+00:00\",\"dateModified\":\"2020-03-13T19:33:35+00:00\",\"mainEntityOfPage\":{\"@id\":\"https:\/\/www.fiestaclasica.org\/fr\/visites\/\"},\"wordCount\":82,\"commentCount\":0,\"publisher\":{\"@id\":\"https:\/\/www.fiestaclasica.org\/#organization\"},\"articleSection\":[\"Actualit\u00e9s\"],\"inLanguage\":\"fr-FR\",\"potentialAction\":[{\"@type\":\"CommentAction\",\"name\":\"Comment\",\"target\":[\"https:\/\/www.fiestaclasica.org\/fr\/visites\/#respond\"]}]},{\"@type\":\"WebPage\",\"@id\":\"https:\/\/www.fiestaclasica.org\/fr\/visites\/\",\"url\":\"https:\/\/www.fiestaclasica.org\/fr\/visites\/\",\"name\":\"Visites - Fiesta Clasica\",\"isPartOf\":{\"@id\":\"https:\/\/www.fiestaclasica.org\/#website\"},\"datePublished\":\"2019-05-13T16:01:49+00:00\",\"dateModified\":\"2020-03-13T19:33:35+00:00\",\"breadcrumb\":{\"@id\":\"https:\/\/www.fiestaclasica.org\/fr\/visites\/#breadcrumb\"},\"inLanguage\":\"fr-FR\",\"potentialAction\":[{\"@type\":\"ReadAction\",\"target\":[\"https:\/\/www.fiestaclasica.org\/fr\/visites\/\"]}]},{\"@type\":\"BreadcrumbList\",\"@id\":\"https:\/\/www.fiestaclasica.org\/fr\/visites\/#breadcrumb\",\"itemListElement\":[{\"@type\":\"ListItem\",\"position\":1,\"name\":\"Portada\",\"item\":\"https:\/\/www.fiestaclasica.org\/fr\/\"},{\"@type\":\"ListItem\",\"position\":2,\"name\":\"Visites\"}]},{\"@type\":\"WebSite\",\"@id\":\"https:\/\/www.fiestaclasica.org\/#website\",\"url\":\"https:\/\/www.fiestaclasica.org\/\",\"name\":\"Fiesta Clasica\",\"description\":\"Fiesta Clasica\",\"publisher\":{\"@id\":\"https:\/\/www.fiestaclasica.org\/#organization\"},\"potentialAction\":[{\"@type\":\"SearchAction\",\"target\":{\"@type\":\"EntryPoint\",\"urlTemplate\":\"https:\/\/www.fiestaclasica.org\/?s={search_term_string}\"},\"query-input\":\"required name=search_term_string\"}],\"inLanguage\":\"fr-FR\"},{\"@type\":\"Organization\",\"@id\":\"https:\/\/www.fiestaclasica.org\/#organization\",\"name\":\"fiesta clasica\",\"url\":\"https:\/\/www.fiestaclasica.org\/\",\"logo\":{\"@type\":\"ImageObject\",\"inLanguage\":\"fr-FR\",\"@id\":\"https:\/\/www.fiestaclasica.org\/#\/schema\/logo\/image\/\",\"url\":\"https:\/\/www.fiestaclasica.org\/wp-content\/uploads\/2016\/04\/logo-FC-prensa.jpg\",\"contentUrl\":\"https:\/\/www.fiestaclasica.org\/wp-content\/uploads\/2016\/04\/logo-FC-prensa.jpg\",\"width\":449,\"height\":261,\"caption\":\"fiesta clasica\"},\"image\":{\"@id\":\"https:\/\/www.fiestaclasica.org\/#\/schema\/logo\/image\/\"},\"sameAs\":[\"https:\/\/www.facebook.com\/FiestaClasica\/\",\"https:\/\/twitter.com\/fiestaclasica\",\"https:\/\/www.instagram.com\/fiestaclasica\/\",\"https:\/\/www.youtube.com\/channel\/UCt82JYKhPM3Th7pNLCA7-xw\"]},{\"@type\":\"Person\",\"@id\":\"https:\/\/www.fiestaclasica.org\/#\/schema\/person\/e8219b53c2a1c7e6b03ea5329053f8ac\",\"name\":\"webzwin\",\"image\":{\"@type\":\"ImageObject\",\"inLanguage\":\"fr-FR\",\"@id\":\"https:\/\/www.fiestaclasica.org\/#\/schema\/person\/image\/\",\"url\":\"https:\/\/secure.gravatar.com\/avatar\/b61cecce942f25228da00c5f6ea9bef8?s=96&d=mm&r=g\",\"contentUrl\":\"https:\/\/secure.gravatar.com\/avatar\/b61cecce942f25228da00c5f6ea9bef8?s=96&d=mm&r=g\",\"caption\":\"webzwin\"},\"url\":\"https:\/\/www.fiestaclasica.org\/fr\/author\/webzwin\/\"}]}<\/script>\n<!-- \/ Yoast SEO plugin. -->","yoast_head_json":{"title":"Visites - Fiesta Clasica","robots":{"index":"index","follow":"follow","max-snippet":"max-snippet:-1","max-image-preview":"max-image-preview:large","max-video-preview":"max-video-preview:-1"},"canonical":"https:\/\/www.fiestaclasica.org\/fr\/visites\/","og_locale":"fr_FR","og_type":"article","og_title":"Visites - Fiesta Clasica","og_description":"[vc_row][vc_column][vc_column_text]La rencontre de musiciens professionnels est toujours une source d\u2019enrichissement pour nos \u00e9l\u00e8ves. Derni\u00e8rement ils ont re\u00e7u la visite de la violoniste Rachel Puccini et du groupe de cuivres Axiom Brass invit\u00e9s en R\u00e9publique Dominicaine par les Conciertos de la Villa. Musiciens en provenance de Chicago, ils ont pu partager leur passion et donner de&hellip;","og_url":"https:\/\/www.fiestaclasica.org\/fr\/visites\/","og_site_name":"Fiesta Clasica","article_publisher":"https:\/\/www.facebook.com\/FiestaClasica\/","article_published_time":"2019-05-13T16:01:49+00:00","article_modified_time":"2020-03-13T19:33:35+00:00","og_image":[{"width":1280,"height":960,"url":"https:\/\/www.fiestaclasica.org\/wp-content\/uploads\/2019\/05\/Not_visitas_VignetteVisites.jpg","type":"image\/jpeg"}],"author":"webzwin","twitter_card":"summary_large_image","twitter_creator":"@fiestaclasica","twitter_site":"@fiestaclasica","twitter_misc":{"\u00c9crit par":"webzwin"},"schema":{"@context":"https:\/\/schema.org","@graph":[{"@type":"Article","@id":"https:\/\/www.fiestaclasica.org\/fr\/visites\/#article","isPartOf":{"@id":"https:\/\/www.fiestaclasica.org\/fr\/visites\/"},"author":{"name":"webzwin","@id":"https:\/\/www.fiestaclasica.org\/#\/schema\/person\/e8219b53c2a1c7e6b03ea5329053f8ac"},"headline":"Visites","datePublished":"2019-05-13T16:01:49+00:00","dateModified":"2020-03-13T19:33:35+00:00","mainEntityOfPage":{"@id":"https:\/\/www.fiestaclasica.org\/fr\/visites\/"},"wordCount":82,"commentCount":0,"publisher":{"@id":"https:\/\/www.fiestaclasica.org\/#organization"},"articleSection":["Actualit\u00e9s"],"inLanguage":"fr-FR","potentialAction":[{"@type":"CommentAction","name":"Comment","target":["https:\/\/www.fiestaclasica.org\/fr\/visites\/#respond"]}]},{"@type":"WebPage","@id":"https:\/\/www.fiestaclasica.org\/fr\/visites\/","url":"https:\/\/www.fiestaclasica.org\/fr\/visites\/","name":"Visites - Fiesta Clasica","isPartOf":{"@id":"https:\/\/www.fiestaclasica.org\/#website"},"datePublished":"2019-05-13T16:01:49+00:00","dateModified":"2020-03-13T19:33:35+00:00","breadcrumb":{"@id":"https:\/\/www.fiestaclasica.org\/fr\/visites\/#breadcrumb"},"inLanguage":"fr-FR","potentialAction":[{"@type":"ReadAction","target":["https:\/\/www.fiestaclasica.org\/fr\/visites\/"]}]},{"@type":"BreadcrumbList","@id":"https:\/\/www.fiestaclasica.org\/fr\/visites\/#breadcrumb","itemListElement":[{"@type":"ListItem","position":1,"name":"Portada","item":"https:\/\/www.fiestaclasica.org\/fr\/"},{"@type":"ListItem","position":2,"name":"Visites"}]},{"@type":"WebSite","@id":"https:\/\/www.fiestaclasica.org\/#website","url":"https:\/\/www.fiestaclasica.org\/","name":"Fiesta Clasica","description":"Fiesta Clasica","publisher":{"@id":"https:\/\/www.fiestaclasica.org\/#organization"},"potentialAction":[{"@type":"SearchAction","target":{"@type":"EntryPoint","urlTemplate":"https:\/\/www.fiestaclasica.org\/?s={search_term_string}"},"query-input":"required name=search_term_string"}],"inLanguage":"fr-FR"},{"@type":"Organization","@id":"https:\/\/www.fiestaclasica.org\/#organization","name":"fiesta clasica","url":"https:\/\/www.fiestaclasica.org\/","logo":{"@type":"ImageObject","inLanguage":"fr-FR","@id":"https:\/\/www.fiestaclasica.org\/#\/schema\/logo\/image\/","url":"https:\/\/www.fiestaclasica.org\/wp-content\/uploads\/2016\/04\/logo-FC-prensa.jpg","contentUrl":"https:\/\/www.fiestaclasica.org\/wp-content\/uploads\/2016\/04\/logo-FC-prensa.jpg","width":449,"height":261,"caption":"fiesta clasica"},"image":{"@id":"https:\/\/www.fiestaclasica.org\/#\/schema\/logo\/image\/"},"sameAs":["https:\/\/www.facebook.com\/FiestaClasica\/","https:\/\/twitter.com\/fiestaclasica","https:\/\/www.instagram.com\/fiestaclasica\/","https:\/\/www.youtube.com\/channel\/UCt82JYKhPM3Th7pNLCA7-xw"]},{"@type":"Person","@id":"https:\/\/www.fiestaclasica.org\/#\/schema\/person\/e8219b53c2a1c7e6b03ea5329053f8ac","name":"webzwin","image":{"@type":"ImageObject","inLanguage":"fr-FR","@id":"https:\/\/www.fiestaclasica.org\/#\/schema\/person\/image\/","url":"https:\/\/secure.gravatar.com\/avatar\/b61cecce942f25228da00c5f6ea9bef8?s=96&d=mm&r=g","contentUrl":"https:\/\/secure.gravatar.com\/avatar\/b61cecce942f25228da00c5f6ea9bef8?s=96&d=mm&r=g","caption":"webzwin"},"url":"https:\/\/www.fiestaclasica.org\/fr\/author\/webzwin\/"}]}},"_links":{"self":[{"href":"https:\/\/www.fiestaclasica.org\/fr\/wp-json\/wp\/v2\/posts\/6974\/"}],"collection":[{"href":"https:\/\/www.fiestaclasica.org\/fr\/wp-json\/wp\/v2\/posts\/"}],"about":[{"href":"https:\/\/www.fiestaclasica.org\/fr\/wp-json\/wp\/v2\/types\/post\/"}],"author":[{"embeddable":true,"href":"https:\/\/www.fiestaclasica.org\/fr\/wp-json\/wp\/v2\/users\/1\/"}],"replies":[{"embeddable":true,"href":"https:\/\/www.fiestaclasica.org\/fr\/wp-json\/wp\/v2\/comments\/?post=6974"}],"version-history":[{"count":4,"href":"https:\/\/www.fiestaclasica.org\/fr\/wp-json\/wp\/v2\/posts\/6974\/revisions\/"}],"predecessor-version":[{"id":11346,"href":"https:\/\/www.fiestaclasica.org\/fr\/wp-json\/wp\/v2\/posts\/6974\/revisions\/11346\/"}],"wp:featuredmedia":[{"embeddable":true,"href":"https:\/\/www.fiestaclasica.org\/fr\/wp-json\/wp\/v2\/media\/6967\/"}],"wp:attachment":[{"href":"https:\/\/www.fiestaclasica.org\/fr\/wp-json\/wp\/v2\/media\/?parent=6974"}],"wp:term":[{"taxonomy":"category","embeddable":true,"href":"https:\/\/www.fiestaclasica.org\/fr\/wp-json\/wp\/v2\/categories\/?post=6974"},{"taxonomy":"post_tag","embeddable":true,"href":"https:\/\/www.fiestaclasica.org\/fr\/wp-json\/wp\/v2\/tags\/?post=6974"},{"taxonomy":"post_series","embeddable":true,"href":"https:\/\/www.fiestaclasica.org\/fr\/wp-json\/wp\/v2\/post_series\/?post=6974"}],"curies":[{"name":"wp","href":"https:\/\/api.w.org\/{rel}","templated":true}]}}