{"id":6743,"date":"2019-06-21T14:42:23","date_gmt":"2019-06-21T14:42:23","guid":{"rendered":"http:\/\/www.fiestaclasica.org\/?p=6743"},"modified":"2019-09-20T22:05:37","modified_gmt":"2019-09-20T22:05:37","slug":"fete-de-la-musique-2019","status":"publish","type":"post","link":"https:\/\/www.fiestaclasica.org\/fr\/fete-de-la-musique-2019\/","title":{"rendered":"F\u00eate de la Musique 2019"},"content":{"rendered":"[vc_row][vc_column][vc_column_text]Pour la 3e ann\u00e9e cons\u00e9cutive, Fiesta Cl\u00e1sica est invit\u00e9e \u00e0 participer \u00e0 la F\u00eate de la Musique organis\u00e9e comme chaque ann\u00e9e par l\u2019Alliance Fran\u00e7aise de Saint Domingue. Cette ann\u00e9e nos \u00e9l\u00e8ves disposeront d\u2019un espace enti\u00e8rement r\u00e9serv\u00e9: la Hodelpa Casa Real situ\u00e9e au coeur de la Zone coloniale. Cet espace r\u00e9cemment r\u00e9nov\u00e9 est constitu\u00e9 d\u2019un patio de 200 m\u00e8tres carr\u00e9s, d\u2019une grande salle de r\u00e9ception et de superbes galeries. A cette occasion nous proposerons un concert tr\u00e8s complet durant lequel se succ\u00e8deront le choeur, l\u2019orchestre de chambre et l\u2019orchestre symphonique. Pour clore cette soir\u00e9e les professeurs de Fiesta Cl\u00e1sica donneront un r\u00e9cital de musique de chambre accompagn\u00e9s par leurs invit\u00e9s.<\/p>\n<p>Vendredi 28 Juin \u2013 7:00 p.m. &#8211; Entr\u00e9e libre.<\/p>\n[\/vc_column_text][\/vc_column][\/vc_row][vc_row][vc_column][vc_video link=\u00a0\u00bbhttps:\/\/www.youtube.com\/watch?v=atvQm6WGbbw\u00a0\u00bb][\/vc_column][\/vc_row][vc_row el_class=\u00a0\u00bblogo-blog\u00a0\u00bb][vc_column css=\u00a0\u00bb.vc_custom_1567430548817{padding: 0px !important;}\u00a0\u00bb]<div class=\"vcex-image-grid-wrap wpex-clr\"><div class=\"vcex-module vcex-image-grid grid-style-default wpex-row wpex-clr wpex-lightbox-group\"><div class=\"id-9532 vcex-image-grid-entry vcex-grid-item textcenter span_1_of_2 col col-1\"><figure class=\"vcex-image-grid-entry-figure wpex-last-mb-0 wpex-clr\"><div class=\"vcex-image-grid-entry-img entry-media wpex-mb-20\"><a href=\"https:\/\/www.fiestaclasica.org\/wp-content\/uploads\/2019\/06\/logo_AF.jpg\" class=\"vcex-image-grid-entry-link wpex-lightbox-group-item\" ><img width=\"374\" height=\"203\" src=\"https:\/\/www.fiestaclasica.org\/wp-content\/uploads\/2019\/06\/logo_AF.jpg\" class=\"wpex-align-middle\" alt=\"\" decoding=\"async\" loading=\"lazy\" srcset=\"https:\/\/www.fiestaclasica.org\/wp-content\/uploads\/2019\/06\/logo_AF.jpg 374w, https:\/\/www.fiestaclasica.org\/wp-content\/uploads\/2019\/06\/logo_AF-300x163.jpg 300w\" sizes=\"(max-width: 374px) 100vw, 374px\" \/><\/a><\/div><\/figure><\/div><div class=\"id-9535 vcex-image-grid-entry vcex-grid-item textcenter span_1_of_2 col col-2\"><figure class=\"vcex-image-grid-entry-figure wpex-last-mb-0 wpex-clr\"><div class=\"vcex-image-grid-entry-img entry-media wpex-mb-20\"><a href=\"https:\/\/www.fiestaclasica.org\/wp-content\/uploads\/2019\/06\/logo_hodelpa.jpg\" class=\"vcex-image-grid-entry-link wpex-lightbox-group-item\" ><img width=\"374\" height=\"203\" src=\"https:\/\/www.fiestaclasica.org\/wp-content\/uploads\/2019\/06\/logo_hodelpa.jpg\" class=\"wpex-align-middle\" alt=\"\" decoding=\"async\" loading=\"lazy\" srcset=\"https:\/\/www.fiestaclasica.org\/wp-content\/uploads\/2019\/06\/logo_hodelpa.jpg 374w, https:\/\/www.fiestaclasica.org\/wp-content\/uploads\/2019\/06\/logo_hodelpa-300x163.jpg 300w\" sizes=\"(max-width: 374px) 100vw, 374px\" \/><\/a><\/div><\/figure><\/div><\/div><\/div>[\/vc_column][\/vc_row]\n","protected":false},"excerpt":{"rendered":"<p>[vc_row][vc_column][vc_column_text]Pour la 3e ann\u00e9e cons\u00e9cutive, Fiesta Cl\u00e1sica est invit\u00e9e \u00e0 participer \u00e0 la F\u00eate de la Musique organis\u00e9e comme chaque ann\u00e9e par l\u2019Alliance Fran\u00e7aise de Saint Domingue. Cette ann\u00e9e nos \u00e9l\u00e8ves disposeront d\u2019un espace enti\u00e8rement r\u00e9serv\u00e9: la Hodelpa Casa Real situ\u00e9e au coeur de la Zone coloniale. Cet espace r\u00e9cemment r\u00e9nov\u00e9 est constitu\u00e9 d\u2019un patio&hellip;<\/p>\n","protected":false},"author":1,"featured_media":6736,"comment_status":"open","ping_status":"open","sticky":false,"template":"","format":"gallery","meta":[],"categories":[18],"tags":[],"post_series":[],"yoast_head":"<!-- This site is optimized with the Yoast SEO plugin v20.7 - https:\/\/yoast.com\/wordpress\/plugins\/seo\/ -->\n<title>F\u00eate de la Musique 2019 - Fiesta Clasica<\/title>\n<meta name=\"robots\" content=\"index, follow, max-snippet:-1, max-image-preview:large, max-video-preview:-1\" \/>\n<link rel=\"canonical\" href=\"https:\/\/www.fiestaclasica.org\/fr\/fete-de-la-musique-2019\/\" \/>\n<meta property=\"og:locale\" content=\"fr_FR\" \/>\n<meta property=\"og:type\" content=\"article\" \/>\n<meta property=\"og:title\" content=\"F\u00eate de la Musique 2019 - Fiesta Clasica\" \/>\n<meta property=\"og:description\" content=\"[vc_row][vc_column][vc_column_text]Pour la 3e ann\u00e9e cons\u00e9cutive, Fiesta Cl\u00e1sica est invit\u00e9e \u00e0 participer \u00e0 la F\u00eate de la Musique organis\u00e9e comme chaque ann\u00e9e par l\u2019Alliance Fran\u00e7aise de Saint Domingue. Cette ann\u00e9e nos \u00e9l\u00e8ves disposeront d\u2019un espace enti\u00e8rement r\u00e9serv\u00e9: la Hodelpa Casa Real situ\u00e9e au coeur de la Zone coloniale. Cet espace r\u00e9cemment r\u00e9nov\u00e9 est constitu\u00e9 d\u2019un patio&hellip;\" \/>\n<meta property=\"og:url\" content=\"https:\/\/www.fiestaclasica.org\/fr\/fete-de-la-musique-2019\/\" \/>\n<meta property=\"og:site_name\" content=\"Fiesta Clasica\" \/>\n<meta property=\"article:publisher\" content=\"https:\/\/www.facebook.com\/FiestaClasica\/\" \/>\n<meta property=\"article:published_time\" content=\"2019-06-21T14:42:23+00:00\" \/>\n<meta property=\"article:modified_time\" content=\"2019-09-20T22:05:37+00:00\" \/>\n<meta property=\"og:image\" content=\"https:\/\/www.fiestaclasica.org\/wp-content\/uploads\/2019\/05\/VignetteFe\u0302teMusique_ok.jpg\" \/>\n\t<meta property=\"og:image:width\" content=\"1280\" \/>\n\t<meta property=\"og:image:height\" content=\"853\" \/>\n\t<meta property=\"og:image:type\" content=\"image\/jpeg\" \/>\n<meta name=\"author\" content=\"webzwin\" \/>\n<meta name=\"twitter:card\" content=\"summary_large_image\" \/>\n<meta name=\"twitter:creator\" content=\"@fiestaclasica\" \/>\n<meta name=\"twitter:site\" content=\"@fiestaclasica\" \/>\n<meta name=\"twitter:label1\" content=\"\u00c9crit par\" \/>\n\t<meta name=\"twitter:data1\" content=\"webzwin\" \/>\n\t<meta name=\"twitter:label2\" content=\"Dur\u00e9e de lecture estim\u00e9e\" \/>\n\t<meta name=\"twitter:data2\" content=\"1 minute\" \/>\n<script type=\"application\/ld+json\" class=\"yoast-schema-graph\">{\"@context\":\"https:\/\/schema.org\",\"@graph\":[{\"@type\":\"Article\",\"@id\":\"https:\/\/www.fiestaclasica.org\/fr\/fete-de-la-musique-2019\/#article\",\"isPartOf\":{\"@id\":\"https:\/\/www.fiestaclasica.org\/fr\/fete-de-la-musique-2019\/\"},\"author\":{\"name\":\"webzwin\",\"@id\":\"https:\/\/www.fiestaclasica.org\/#\/schema\/person\/e8219b53c2a1c7e6b03ea5329053f8ac\"},\"headline\":\"F\u00eate de la Musique 2019\",\"datePublished\":\"2019-06-21T14:42:23+00:00\",\"dateModified\":\"2019-09-20T22:05:37+00:00\",\"mainEntityOfPage\":{\"@id\":\"https:\/\/www.fiestaclasica.org\/fr\/fete-de-la-musique-2019\/\"},\"wordCount\":209,\"commentCount\":0,\"publisher\":{\"@id\":\"https:\/\/www.fiestaclasica.org\/#organization\"},\"articleSection\":[\"Actualit\u00e9s\"],\"inLanguage\":\"fr-FR\",\"potentialAction\":[{\"@type\":\"CommentAction\",\"name\":\"Comment\",\"target\":[\"https:\/\/www.fiestaclasica.org\/fr\/fete-de-la-musique-2019\/#respond\"]}]},{\"@type\":\"WebPage\",\"@id\":\"https:\/\/www.fiestaclasica.org\/fr\/fete-de-la-musique-2019\/\",\"url\":\"https:\/\/www.fiestaclasica.org\/fr\/fete-de-la-musique-2019\/\",\"name\":\"F\u00eate de la Musique 2019 - Fiesta Clasica\",\"isPartOf\":{\"@id\":\"https:\/\/www.fiestaclasica.org\/#website\"},\"datePublished\":\"2019-06-21T14:42:23+00:00\",\"dateModified\":\"2019-09-20T22:05:37+00:00\",\"breadcrumb\":{\"@id\":\"https:\/\/www.fiestaclasica.org\/fr\/fete-de-la-musique-2019\/#breadcrumb\"},\"inLanguage\":\"fr-FR\",\"potentialAction\":[{\"@type\":\"ReadAction\",\"target\":[\"https:\/\/www.fiestaclasica.org\/fr\/fete-de-la-musique-2019\/\"]}]},{\"@type\":\"BreadcrumbList\",\"@id\":\"https:\/\/www.fiestaclasica.org\/fr\/fete-de-la-musique-2019\/#breadcrumb\",\"itemListElement\":[{\"@type\":\"ListItem\",\"position\":1,\"name\":\"Portada\",\"item\":\"https:\/\/www.fiestaclasica.org\/fr\/\"},{\"@type\":\"ListItem\",\"position\":2,\"name\":\"F\u00eate de la Musique 2019\"}]},{\"@type\":\"WebSite\",\"@id\":\"https:\/\/www.fiestaclasica.org\/#website\",\"url\":\"https:\/\/www.fiestaclasica.org\/\",\"name\":\"Fiesta Clasica\",\"description\":\"Fiesta Clasica\",\"publisher\":{\"@id\":\"https:\/\/www.fiestaclasica.org\/#organization\"},\"potentialAction\":[{\"@type\":\"SearchAction\",\"target\":{\"@type\":\"EntryPoint\",\"urlTemplate\":\"https:\/\/www.fiestaclasica.org\/?s={search_term_string}\"},\"query-input\":\"required name=search_term_string\"}],\"inLanguage\":\"fr-FR\"},{\"@type\":\"Organization\",\"@id\":\"https:\/\/www.fiestaclasica.org\/#organization\",\"name\":\"fiesta clasica\",\"url\":\"https:\/\/www.fiestaclasica.org\/\",\"logo\":{\"@type\":\"ImageObject\",\"inLanguage\":\"fr-FR\",\"@id\":\"https:\/\/www.fiestaclasica.org\/#\/schema\/logo\/image\/\",\"url\":\"https:\/\/www.fiestaclasica.org\/wp-content\/uploads\/2016\/04\/logo-FC-prensa.jpg\",\"contentUrl\":\"https:\/\/www.fiestaclasica.org\/wp-content\/uploads\/2016\/04\/logo-FC-prensa.jpg\",\"width\":449,\"height\":261,\"caption\":\"fiesta clasica\"},\"image\":{\"@id\":\"https:\/\/www.fiestaclasica.org\/#\/schema\/logo\/image\/\"},\"sameAs\":[\"https:\/\/www.facebook.com\/FiestaClasica\/\",\"https:\/\/twitter.com\/fiestaclasica\",\"https:\/\/www.instagram.com\/fiestaclasica\/\",\"https:\/\/www.youtube.com\/channel\/UCt82JYKhPM3Th7pNLCA7-xw\"]},{\"@type\":\"Person\",\"@id\":\"https:\/\/www.fiestaclasica.org\/#\/schema\/person\/e8219b53c2a1c7e6b03ea5329053f8ac\",\"name\":\"webzwin\",\"image\":{\"@type\":\"ImageObject\",\"inLanguage\":\"fr-FR\",\"@id\":\"https:\/\/www.fiestaclasica.org\/#\/schema\/person\/image\/\",\"url\":\"https:\/\/secure.gravatar.com\/avatar\/b61cecce942f25228da00c5f6ea9bef8?s=96&d=mm&r=g\",\"contentUrl\":\"https:\/\/secure.gravatar.com\/avatar\/b61cecce942f25228da00c5f6ea9bef8?s=96&d=mm&r=g\",\"caption\":\"webzwin\"},\"url\":\"https:\/\/www.fiestaclasica.org\/fr\/author\/webzwin\/\"}]}<\/script>\n<!-- \/ Yoast SEO plugin. -->","yoast_head_json":{"title":"F\u00eate de la Musique 2019 - Fiesta Clasica","robots":{"index":"index","follow":"follow","max-snippet":"max-snippet:-1","max-image-preview":"max-image-preview:large","max-video-preview":"max-video-preview:-1"},"canonical":"https:\/\/www.fiestaclasica.org\/fr\/fete-de-la-musique-2019\/","og_locale":"fr_FR","og_type":"article","og_title":"F\u00eate de la Musique 2019 - Fiesta Clasica","og_description":"[vc_row][vc_column][vc_column_text]Pour la 3e ann\u00e9e cons\u00e9cutive, Fiesta Cl\u00e1sica est invit\u00e9e \u00e0 participer \u00e0 la F\u00eate de la Musique organis\u00e9e comme chaque ann\u00e9e par l\u2019Alliance Fran\u00e7aise de Saint Domingue. Cette ann\u00e9e nos \u00e9l\u00e8ves disposeront d\u2019un espace enti\u00e8rement r\u00e9serv\u00e9: la Hodelpa Casa Real situ\u00e9e au coeur de la Zone coloniale. Cet espace r\u00e9cemment r\u00e9nov\u00e9 est constitu\u00e9 d\u2019un patio&hellip;","og_url":"https:\/\/www.fiestaclasica.org\/fr\/fete-de-la-musique-2019\/","og_site_name":"Fiesta Clasica","article_publisher":"https:\/\/www.facebook.com\/FiestaClasica\/","article_published_time":"2019-06-21T14:42:23+00:00","article_modified_time":"2019-09-20T22:05:37+00:00","og_image":[{"width":1280,"height":853,"url":"https:\/\/www.fiestaclasica.org\/wp-content\/uploads\/2019\/05\/VignetteFe\u0302teMusique_ok.jpg","type":"image\/jpeg"}],"author":"webzwin","twitter_card":"summary_large_image","twitter_creator":"@fiestaclasica","twitter_site":"@fiestaclasica","twitter_misc":{"\u00c9crit par":"webzwin","Dur\u00e9e de lecture estim\u00e9e":"1 minute"},"schema":{"@context":"https:\/\/schema.org","@graph":[{"@type":"Article","@id":"https:\/\/www.fiestaclasica.org\/fr\/fete-de-la-musique-2019\/#article","isPartOf":{"@id":"https:\/\/www.fiestaclasica.org\/fr\/fete-de-la-musique-2019\/"},"author":{"name":"webzwin","@id":"https:\/\/www.fiestaclasica.org\/#\/schema\/person\/e8219b53c2a1c7e6b03ea5329053f8ac"},"headline":"F\u00eate de la Musique 2019","datePublished":"2019-06-21T14:42:23+00:00","dateModified":"2019-09-20T22:05:37+00:00","mainEntityOfPage":{"@id":"https:\/\/www.fiestaclasica.org\/fr\/fete-de-la-musique-2019\/"},"wordCount":209,"commentCount":0,"publisher":{"@id":"https:\/\/www.fiestaclasica.org\/#organization"},"articleSection":["Actualit\u00e9s"],"inLanguage":"fr-FR","potentialAction":[{"@type":"CommentAction","name":"Comment","target":["https:\/\/www.fiestaclasica.org\/fr\/fete-de-la-musique-2019\/#respond"]}]},{"@type":"WebPage","@id":"https:\/\/www.fiestaclasica.org\/fr\/fete-de-la-musique-2019\/","url":"https:\/\/www.fiestaclasica.org\/fr\/fete-de-la-musique-2019\/","name":"F\u00eate de la Musique 2019 - Fiesta Clasica","isPartOf":{"@id":"https:\/\/www.fiestaclasica.org\/#website"},"datePublished":"2019-06-21T14:42:23+00:00","dateModified":"2019-09-20T22:05:37+00:00","breadcrumb":{"@id":"https:\/\/www.fiestaclasica.org\/fr\/fete-de-la-musique-2019\/#breadcrumb"},"inLanguage":"fr-FR","potentialAction":[{"@type":"ReadAction","target":["https:\/\/www.fiestaclasica.org\/fr\/fete-de-la-musique-2019\/"]}]},{"@type":"BreadcrumbList","@id":"https:\/\/www.fiestaclasica.org\/fr\/fete-de-la-musique-2019\/#breadcrumb","itemListElement":[{"@type":"ListItem","position":1,"name":"Portada","item":"https:\/\/www.fiestaclasica.org\/fr\/"},{"@type":"ListItem","position":2,"name":"F\u00eate de la Musique 2019"}]},{"@type":"WebSite","@id":"https:\/\/www.fiestaclasica.org\/#website","url":"https:\/\/www.fiestaclasica.org\/","name":"Fiesta Clasica","description":"Fiesta Clasica","publisher":{"@id":"https:\/\/www.fiestaclasica.org\/#organization"},"potentialAction":[{"@type":"SearchAction","target":{"@type":"EntryPoint","urlTemplate":"https:\/\/www.fiestaclasica.org\/?s={search_term_string}"},"query-input":"required name=search_term_string"}],"inLanguage":"fr-FR"},{"@type":"Organization","@id":"https:\/\/www.fiestaclasica.org\/#organization","name":"fiesta clasica","url":"https:\/\/www.fiestaclasica.org\/","logo":{"@type":"ImageObject","inLanguage":"fr-FR","@id":"https:\/\/www.fiestaclasica.org\/#\/schema\/logo\/image\/","url":"https:\/\/www.fiestaclasica.org\/wp-content\/uploads\/2016\/04\/logo-FC-prensa.jpg","contentUrl":"https:\/\/www.fiestaclasica.org\/wp-content\/uploads\/2016\/04\/logo-FC-prensa.jpg","width":449,"height":261,"caption":"fiesta clasica"},"image":{"@id":"https:\/\/www.fiestaclasica.org\/#\/schema\/logo\/image\/"},"sameAs":["https:\/\/www.facebook.com\/FiestaClasica\/","https:\/\/twitter.com\/fiestaclasica","https:\/\/www.instagram.com\/fiestaclasica\/","https:\/\/www.youtube.com\/channel\/UCt82JYKhPM3Th7pNLCA7-xw"]},{"@type":"Person","@id":"https:\/\/www.fiestaclasica.org\/#\/schema\/person\/e8219b53c2a1c7e6b03ea5329053f8ac","name":"webzwin","image":{"@type":"ImageObject","inLanguage":"fr-FR","@id":"https:\/\/www.fiestaclasica.org\/#\/schema\/person\/image\/","url":"https:\/\/secure.gravatar.com\/avatar\/b61cecce942f25228da00c5f6ea9bef8?s=96&d=mm&r=g","contentUrl":"https:\/\/secure.gravatar.com\/avatar\/b61cecce942f25228da00c5f6ea9bef8?s=96&d=mm&r=g","caption":"webzwin"},"url":"https:\/\/www.fiestaclasica.org\/fr\/author\/webzwin\/"}]}},"_links":{"self":[{"href":"https:\/\/www.fiestaclasica.org\/fr\/wp-json\/wp\/v2\/posts\/6743\/"}],"collection":[{"href":"https:\/\/www.fiestaclasica.org\/fr\/wp-json\/wp\/v2\/posts\/"}],"about":[{"href":"https:\/\/www.fiestaclasica.org\/fr\/wp-json\/wp\/v2\/types\/post\/"}],"author":[{"embeddable":true,"href":"https:\/\/www.fiestaclasica.org\/fr\/wp-json\/wp\/v2\/users\/1\/"}],"replies":[{"embeddable":true,"href":"https:\/\/www.fiestaclasica.org\/fr\/wp-json\/wp\/v2\/comments\/?post=6743"}],"version-history":[{"count":4,"href":"https:\/\/www.fiestaclasica.org\/fr\/wp-json\/wp\/v2\/posts\/6743\/revisions\/"}],"predecessor-version":[{"id":10355,"href":"https:\/\/www.fiestaclasica.org\/fr\/wp-json\/wp\/v2\/posts\/6743\/revisions\/10355\/"}],"wp:featuredmedia":[{"embeddable":true,"href":"https:\/\/www.fiestaclasica.org\/fr\/wp-json\/wp\/v2\/media\/6736\/"}],"wp:attachment":[{"href":"https:\/\/www.fiestaclasica.org\/fr\/wp-json\/wp\/v2\/media\/?parent=6743"}],"wp:term":[{"taxonomy":"category","embeddable":true,"href":"https:\/\/www.fiestaclasica.org\/fr\/wp-json\/wp\/v2\/categories\/?post=6743"},{"taxonomy":"post_tag","embeddable":true,"href":"https:\/\/www.fiestaclasica.org\/fr\/wp-json\/wp\/v2\/tags\/?post=6743"},{"taxonomy":"post_series","embeddable":true,"href":"https:\/\/www.fiestaclasica.org\/fr\/wp-json\/wp\/v2\/post_series\/?post=6743"}],"curies":[{"name":"wp","href":"https:\/\/api.w.org\/{rel}","templated":true}]}}