{"id":6671,"date":"2019-03-22T15:35:35","date_gmt":"2019-03-22T15:35:35","guid":{"rendered":"http:\/\/www.fiestaclasica.org\/?p=6671"},"modified":"2019-03-22T15:59:15","modified_gmt":"2019-03-22T15:59:15","slug":"nuit-de-bienfaisance-a-saint-domingue-23-01-19","status":"publish","type":"post","link":"https:\/\/www.fiestaclasica.org\/fr\/nuit-de-bienfaisance-a-saint-domingue-23-01-19\/","title":{"rendered":"Nuit de bienfaisance \u00e0 Saint Domingue (23-01-19)"},"content":{"rendered":"<p>La Fondation Fiesta Cl\u00e1sica a c\u00e9l\u00e9br\u00e9 son second anniversaire le mercredi 23 janvier 2019 avec un concert offert dans le th\u00e9\u00e2tre M\u00e1ximo Avil\u00e9s Blonda du Palais des Beaux Arts de Saint Domingue (R\u00e9publique Dominicaine). Les 155 \u00e9l\u00e8ves des choeurs et de l\u2019orchestre symphonique de la fondation se sont produits sur sc\u00e8ne et l\u2019invit\u00e9 \u00e9tait le violoniste virtuose Nemanja Radulovic et son quintet de cordes The Trills.<\/p>\n<p>L\u2019objectif de cette soir\u00e9e \u00e9tait d\u2019offrir aux 600 invit\u00e9s un spectacle complet et divertissant. N\u2019oubliez jamais que nous nous appelons \u201cFiesta Cl\u00e1sica\u201d. Ce concert a \u00e9t\u00e9 suivi d\u2019un cocktail dans les jardins du Palais des Beaux Arts.<\/p>\n<p>Parmi les invit\u00e9s on remarquait particuli\u00e8rement Mme Margarita Cede\u00f1o de Fren\u00e1ndez, Vice-Pr\u00e9sidente de la R\u00e9publique, Mr Eduardo Selman, Ministre de la Culture, Mr Claudio Cayo Espinal, Vice Minsitre de la Culture, Mr David Collado, Maire de Saint Domingue, plusieurs ambassadeurs et repr\u00e9sentants du Coprs Diplomatique, ainsi que de nombreux chefs d\u2019entreprises.<\/p>\n","protected":false},"excerpt":{"rendered":"<p>La Fondation Fiesta Cl\u00e1sica a c\u00e9l\u00e9br\u00e9 son second anniversaire le mercredi 23 janvier 2019 avec un concert offert dans le th\u00e9\u00e2tre M\u00e1ximo Avil\u00e9s Blonda du Palais des Beaux Arts de Saint Domingue (R\u00e9publique Dominicaine). Les 155 \u00e9l\u00e8ves des choeurs et de l\u2019orchestre symphonique de la fondation se sont produits sur sc\u00e8ne et l\u2019invit\u00e9 \u00e9tait le&hellip;<\/p>\n","protected":false},"author":1,"featured_media":6645,"comment_status":"open","ping_status":"open","sticky":false,"template":"","format":"gallery","meta":[],"categories":[18],"tags":[],"post_series":[],"yoast_head":"<!-- This site is optimized with the Yoast SEO plugin v20.7 - https:\/\/yoast.com\/wordpress\/plugins\/seo\/ -->\n<title>Nuit de bienfaisance \u00e0 Saint Domingue (23-01-19) - Fiesta Clasica<\/title>\n<meta name=\"robots\" content=\"index, follow, max-snippet:-1, max-image-preview:large, max-video-preview:-1\" \/>\n<link rel=\"canonical\" href=\"https:\/\/www.fiestaclasica.org\/fr\/nuit-de-bienfaisance-a-saint-domingue-23-01-19\/\" \/>\n<meta property=\"og:locale\" content=\"fr_FR\" \/>\n<meta property=\"og:type\" content=\"article\" \/>\n<meta property=\"og:title\" content=\"Nuit de bienfaisance \u00e0 Saint Domingue (23-01-19) - Fiesta Clasica\" \/>\n<meta property=\"og:description\" content=\"La Fondation Fiesta Cl\u00e1sica a c\u00e9l\u00e9br\u00e9 son second anniversaire le mercredi 23 janvier 2019 avec un concert offert dans le th\u00e9\u00e2tre M\u00e1ximo Avil\u00e9s Blonda du Palais des Beaux Arts de Saint Domingue (R\u00e9publique Dominicaine). Les 155 \u00e9l\u00e8ves des choeurs et de l\u2019orchestre symphonique de la fondation se sont produits sur sc\u00e8ne et l\u2019invit\u00e9 \u00e9tait le&hellip;\" \/>\n<meta property=\"og:url\" content=\"https:\/\/www.fiestaclasica.org\/fr\/nuit-de-bienfaisance-a-saint-domingue-23-01-19\/\" \/>\n<meta property=\"og:site_name\" content=\"Fiesta Clasica\" \/>\n<meta property=\"article:publisher\" content=\"https:\/\/www.facebook.com\/FiestaClasica\/\" \/>\n<meta property=\"article:published_time\" content=\"2019-03-22T15:35:35+00:00\" \/>\n<meta property=\"article:modified_time\" content=\"2019-03-22T15:59:15+00:00\" \/>\n<meta property=\"og:image\" content=\"https:\/\/www.fiestaclasica.org\/wp-content\/uploads\/2019\/03\/Fc-concierto-2019-4082-2-1.jpg\" \/>\n\t<meta property=\"og:image:width\" content=\"1280\" \/>\n\t<meta property=\"og:image:height\" content=\"960\" \/>\n\t<meta property=\"og:image:type\" content=\"image\/jpeg\" \/>\n<meta name=\"author\" content=\"webzwin\" \/>\n<meta name=\"twitter:card\" content=\"summary_large_image\" \/>\n<meta name=\"twitter:creator\" content=\"@fiestaclasica\" \/>\n<meta name=\"twitter:site\" content=\"@fiestaclasica\" \/>\n<meta name=\"twitter:label1\" content=\"\u00c9crit par\" \/>\n\t<meta name=\"twitter:data1\" content=\"webzwin\" \/>\n\t<meta name=\"twitter:label2\" content=\"Dur\u00e9e de lecture estim\u00e9e\" \/>\n\t<meta name=\"twitter:data2\" content=\"1 minute\" \/>\n<script type=\"application\/ld+json\" class=\"yoast-schema-graph\">{\"@context\":\"https:\/\/schema.org\",\"@graph\":[{\"@type\":\"Article\",\"@id\":\"https:\/\/www.fiestaclasica.org\/fr\/nuit-de-bienfaisance-a-saint-domingue-23-01-19\/#article\",\"isPartOf\":{\"@id\":\"https:\/\/www.fiestaclasica.org\/fr\/nuit-de-bienfaisance-a-saint-domingue-23-01-19\/\"},\"author\":{\"name\":\"webzwin\",\"@id\":\"https:\/\/www.fiestaclasica.org\/#\/schema\/person\/e8219b53c2a1c7e6b03ea5329053f8ac\"},\"headline\":\"Nuit de bienfaisance \u00e0 Saint Domingue (23-01-19)\",\"datePublished\":\"2019-03-22T15:35:35+00:00\",\"dateModified\":\"2019-03-22T15:59:15+00:00\",\"mainEntityOfPage\":{\"@id\":\"https:\/\/www.fiestaclasica.org\/fr\/nuit-de-bienfaisance-a-saint-domingue-23-01-19\/\"},\"wordCount\":183,\"commentCount\":0,\"publisher\":{\"@id\":\"https:\/\/www.fiestaclasica.org\/#organization\"},\"articleSection\":[\"Actualit\u00e9s\"],\"inLanguage\":\"fr-FR\",\"potentialAction\":[{\"@type\":\"CommentAction\",\"name\":\"Comment\",\"target\":[\"https:\/\/www.fiestaclasica.org\/fr\/nuit-de-bienfaisance-a-saint-domingue-23-01-19\/#respond\"]}]},{\"@type\":\"WebPage\",\"@id\":\"https:\/\/www.fiestaclasica.org\/fr\/nuit-de-bienfaisance-a-saint-domingue-23-01-19\/\",\"url\":\"https:\/\/www.fiestaclasica.org\/fr\/nuit-de-bienfaisance-a-saint-domingue-23-01-19\/\",\"name\":\"Nuit de bienfaisance \u00e0 Saint Domingue (23-01-19) - Fiesta Clasica\",\"isPartOf\":{\"@id\":\"https:\/\/www.fiestaclasica.org\/#website\"},\"datePublished\":\"2019-03-22T15:35:35+00:00\",\"dateModified\":\"2019-03-22T15:59:15+00:00\",\"breadcrumb\":{\"@id\":\"https:\/\/www.fiestaclasica.org\/fr\/nuit-de-bienfaisance-a-saint-domingue-23-01-19\/#breadcrumb\"},\"inLanguage\":\"fr-FR\",\"potentialAction\":[{\"@type\":\"ReadAction\",\"target\":[\"https:\/\/www.fiestaclasica.org\/fr\/nuit-de-bienfaisance-a-saint-domingue-23-01-19\/\"]}]},{\"@type\":\"BreadcrumbList\",\"@id\":\"https:\/\/www.fiestaclasica.org\/fr\/nuit-de-bienfaisance-a-saint-domingue-23-01-19\/#breadcrumb\",\"itemListElement\":[{\"@type\":\"ListItem\",\"position\":1,\"name\":\"Portada\",\"item\":\"https:\/\/www.fiestaclasica.org\/fr\/\"},{\"@type\":\"ListItem\",\"position\":2,\"name\":\"Nuit de bienfaisance \u00e0 Saint Domingue (23-01-19)\"}]},{\"@type\":\"WebSite\",\"@id\":\"https:\/\/www.fiestaclasica.org\/#website\",\"url\":\"https:\/\/www.fiestaclasica.org\/\",\"name\":\"Fiesta Clasica\",\"description\":\"Fiesta Clasica\",\"publisher\":{\"@id\":\"https:\/\/www.fiestaclasica.org\/#organization\"},\"potentialAction\":[{\"@type\":\"SearchAction\",\"target\":{\"@type\":\"EntryPoint\",\"urlTemplate\":\"https:\/\/www.fiestaclasica.org\/?s={search_term_string}\"},\"query-input\":\"required name=search_term_string\"}],\"inLanguage\":\"fr-FR\"},{\"@type\":\"Organization\",\"@id\":\"https:\/\/www.fiestaclasica.org\/#organization\",\"name\":\"fiesta clasica\",\"url\":\"https:\/\/www.fiestaclasica.org\/\",\"logo\":{\"@type\":\"ImageObject\",\"inLanguage\":\"fr-FR\",\"@id\":\"https:\/\/www.fiestaclasica.org\/#\/schema\/logo\/image\/\",\"url\":\"https:\/\/www.fiestaclasica.org\/wp-content\/uploads\/2016\/04\/logo-FC-prensa.jpg\",\"contentUrl\":\"https:\/\/www.fiestaclasica.org\/wp-content\/uploads\/2016\/04\/logo-FC-prensa.jpg\",\"width\":449,\"height\":261,\"caption\":\"fiesta clasica\"},\"image\":{\"@id\":\"https:\/\/www.fiestaclasica.org\/#\/schema\/logo\/image\/\"},\"sameAs\":[\"https:\/\/www.facebook.com\/FiestaClasica\/\",\"https:\/\/twitter.com\/fiestaclasica\",\"https:\/\/www.instagram.com\/fiestaclasica\/\",\"https:\/\/www.youtube.com\/channel\/UCt82JYKhPM3Th7pNLCA7-xw\"]},{\"@type\":\"Person\",\"@id\":\"https:\/\/www.fiestaclasica.org\/#\/schema\/person\/e8219b53c2a1c7e6b03ea5329053f8ac\",\"name\":\"webzwin\",\"image\":{\"@type\":\"ImageObject\",\"inLanguage\":\"fr-FR\",\"@id\":\"https:\/\/www.fiestaclasica.org\/#\/schema\/person\/image\/\",\"url\":\"https:\/\/secure.gravatar.com\/avatar\/b61cecce942f25228da00c5f6ea9bef8?s=96&d=mm&r=g\",\"contentUrl\":\"https:\/\/secure.gravatar.com\/avatar\/b61cecce942f25228da00c5f6ea9bef8?s=96&d=mm&r=g\",\"caption\":\"webzwin\"},\"url\":\"https:\/\/www.fiestaclasica.org\/fr\/author\/webzwin\/\"}]}<\/script>\n<!-- \/ Yoast SEO plugin. -->","yoast_head_json":{"title":"Nuit de bienfaisance \u00e0 Saint Domingue (23-01-19) - Fiesta Clasica","robots":{"index":"index","follow":"follow","max-snippet":"max-snippet:-1","max-image-preview":"max-image-preview:large","max-video-preview":"max-video-preview:-1"},"canonical":"https:\/\/www.fiestaclasica.org\/fr\/nuit-de-bienfaisance-a-saint-domingue-23-01-19\/","og_locale":"fr_FR","og_type":"article","og_title":"Nuit de bienfaisance \u00e0 Saint Domingue (23-01-19) - Fiesta Clasica","og_description":"La Fondation Fiesta Cl\u00e1sica a c\u00e9l\u00e9br\u00e9 son second anniversaire le mercredi 23 janvier 2019 avec un concert offert dans le th\u00e9\u00e2tre M\u00e1ximo Avil\u00e9s Blonda du Palais des Beaux Arts de Saint Domingue (R\u00e9publique Dominicaine). Les 155 \u00e9l\u00e8ves des choeurs et de l\u2019orchestre symphonique de la fondation se sont produits sur sc\u00e8ne et l\u2019invit\u00e9 \u00e9tait le&hellip;","og_url":"https:\/\/www.fiestaclasica.org\/fr\/nuit-de-bienfaisance-a-saint-domingue-23-01-19\/","og_site_name":"Fiesta Clasica","article_publisher":"https:\/\/www.facebook.com\/FiestaClasica\/","article_published_time":"2019-03-22T15:35:35+00:00","article_modified_time":"2019-03-22T15:59:15+00:00","og_image":[{"width":1280,"height":960,"url":"https:\/\/www.fiestaclasica.org\/wp-content\/uploads\/2019\/03\/Fc-concierto-2019-4082-2-1.jpg","type":"image\/jpeg"}],"author":"webzwin","twitter_card":"summary_large_image","twitter_creator":"@fiestaclasica","twitter_site":"@fiestaclasica","twitter_misc":{"\u00c9crit par":"webzwin","Dur\u00e9e de lecture estim\u00e9e":"1 minute"},"schema":{"@context":"https:\/\/schema.org","@graph":[{"@type":"Article","@id":"https:\/\/www.fiestaclasica.org\/fr\/nuit-de-bienfaisance-a-saint-domingue-23-01-19\/#article","isPartOf":{"@id":"https:\/\/www.fiestaclasica.org\/fr\/nuit-de-bienfaisance-a-saint-domingue-23-01-19\/"},"author":{"name":"webzwin","@id":"https:\/\/www.fiestaclasica.org\/#\/schema\/person\/e8219b53c2a1c7e6b03ea5329053f8ac"},"headline":"Nuit de bienfaisance \u00e0 Saint Domingue (23-01-19)","datePublished":"2019-03-22T15:35:35+00:00","dateModified":"2019-03-22T15:59:15+00:00","mainEntityOfPage":{"@id":"https:\/\/www.fiestaclasica.org\/fr\/nuit-de-bienfaisance-a-saint-domingue-23-01-19\/"},"wordCount":183,"commentCount":0,"publisher":{"@id":"https:\/\/www.fiestaclasica.org\/#organization"},"articleSection":["Actualit\u00e9s"],"inLanguage":"fr-FR","potentialAction":[{"@type":"CommentAction","name":"Comment","target":["https:\/\/www.fiestaclasica.org\/fr\/nuit-de-bienfaisance-a-saint-domingue-23-01-19\/#respond"]}]},{"@type":"WebPage","@id":"https:\/\/www.fiestaclasica.org\/fr\/nuit-de-bienfaisance-a-saint-domingue-23-01-19\/","url":"https:\/\/www.fiestaclasica.org\/fr\/nuit-de-bienfaisance-a-saint-domingue-23-01-19\/","name":"Nuit de bienfaisance \u00e0 Saint Domingue (23-01-19) - Fiesta Clasica","isPartOf":{"@id":"https:\/\/www.fiestaclasica.org\/#website"},"datePublished":"2019-03-22T15:35:35+00:00","dateModified":"2019-03-22T15:59:15+00:00","breadcrumb":{"@id":"https:\/\/www.fiestaclasica.org\/fr\/nuit-de-bienfaisance-a-saint-domingue-23-01-19\/#breadcrumb"},"inLanguage":"fr-FR","potentialAction":[{"@type":"ReadAction","target":["https:\/\/www.fiestaclasica.org\/fr\/nuit-de-bienfaisance-a-saint-domingue-23-01-19\/"]}]},{"@type":"BreadcrumbList","@id":"https:\/\/www.fiestaclasica.org\/fr\/nuit-de-bienfaisance-a-saint-domingue-23-01-19\/#breadcrumb","itemListElement":[{"@type":"ListItem","position":1,"name":"Portada","item":"https:\/\/www.fiestaclasica.org\/fr\/"},{"@type":"ListItem","position":2,"name":"Nuit de bienfaisance \u00e0 Saint Domingue (23-01-19)"}]},{"@type":"WebSite","@id":"https:\/\/www.fiestaclasica.org\/#website","url":"https:\/\/www.fiestaclasica.org\/","name":"Fiesta Clasica","description":"Fiesta Clasica","publisher":{"@id":"https:\/\/www.fiestaclasica.org\/#organization"},"potentialAction":[{"@type":"SearchAction","target":{"@type":"EntryPoint","urlTemplate":"https:\/\/www.fiestaclasica.org\/?s={search_term_string}"},"query-input":"required name=search_term_string"}],"inLanguage":"fr-FR"},{"@type":"Organization","@id":"https:\/\/www.fiestaclasica.org\/#organization","name":"fiesta clasica","url":"https:\/\/www.fiestaclasica.org\/","logo":{"@type":"ImageObject","inLanguage":"fr-FR","@id":"https:\/\/www.fiestaclasica.org\/#\/schema\/logo\/image\/","url":"https:\/\/www.fiestaclasica.org\/wp-content\/uploads\/2016\/04\/logo-FC-prensa.jpg","contentUrl":"https:\/\/www.fiestaclasica.org\/wp-content\/uploads\/2016\/04\/logo-FC-prensa.jpg","width":449,"height":261,"caption":"fiesta clasica"},"image":{"@id":"https:\/\/www.fiestaclasica.org\/#\/schema\/logo\/image\/"},"sameAs":["https:\/\/www.facebook.com\/FiestaClasica\/","https:\/\/twitter.com\/fiestaclasica","https:\/\/www.instagram.com\/fiestaclasica\/","https:\/\/www.youtube.com\/channel\/UCt82JYKhPM3Th7pNLCA7-xw"]},{"@type":"Person","@id":"https:\/\/www.fiestaclasica.org\/#\/schema\/person\/e8219b53c2a1c7e6b03ea5329053f8ac","name":"webzwin","image":{"@type":"ImageObject","inLanguage":"fr-FR","@id":"https:\/\/www.fiestaclasica.org\/#\/schema\/person\/image\/","url":"https:\/\/secure.gravatar.com\/avatar\/b61cecce942f25228da00c5f6ea9bef8?s=96&d=mm&r=g","contentUrl":"https:\/\/secure.gravatar.com\/avatar\/b61cecce942f25228da00c5f6ea9bef8?s=96&d=mm&r=g","caption":"webzwin"},"url":"https:\/\/www.fiestaclasica.org\/fr\/author\/webzwin\/"}]}},"_links":{"self":[{"href":"https:\/\/www.fiestaclasica.org\/fr\/wp-json\/wp\/v2\/posts\/6671\/"}],"collection":[{"href":"https:\/\/www.fiestaclasica.org\/fr\/wp-json\/wp\/v2\/posts\/"}],"about":[{"href":"https:\/\/www.fiestaclasica.org\/fr\/wp-json\/wp\/v2\/types\/post\/"}],"author":[{"embeddable":true,"href":"https:\/\/www.fiestaclasica.org\/fr\/wp-json\/wp\/v2\/users\/1\/"}],"replies":[{"embeddable":true,"href":"https:\/\/www.fiestaclasica.org\/fr\/wp-json\/wp\/v2\/comments\/?post=6671"}],"version-history":[{"count":4,"href":"https:\/\/www.fiestaclasica.org\/fr\/wp-json\/wp\/v2\/posts\/6671\/revisions\/"}],"predecessor-version":[{"id":6675,"href":"https:\/\/www.fiestaclasica.org\/fr\/wp-json\/wp\/v2\/posts\/6671\/revisions\/6675\/"}],"wp:featuredmedia":[{"embeddable":true,"href":"https:\/\/www.fiestaclasica.org\/fr\/wp-json\/wp\/v2\/media\/6645\/"}],"wp:attachment":[{"href":"https:\/\/www.fiestaclasica.org\/fr\/wp-json\/wp\/v2\/media\/?parent=6671"}],"wp:term":[{"taxonomy":"category","embeddable":true,"href":"https:\/\/www.fiestaclasica.org\/fr\/wp-json\/wp\/v2\/categories\/?post=6671"},{"taxonomy":"post_tag","embeddable":true,"href":"https:\/\/www.fiestaclasica.org\/fr\/wp-json\/wp\/v2\/tags\/?post=6671"},{"taxonomy":"post_series","embeddable":true,"href":"https:\/\/www.fiestaclasica.org\/fr\/wp-json\/wp\/v2\/post_series\/?post=6671"}],"curies":[{"name":"wp","href":"https:\/\/api.w.org\/{rel}","templated":true}]}}