{"id":6011,"date":"2018-10-11T20:22:43","date_gmt":"2018-10-11T20:22:43","guid":{"rendered":"http:\/\/www.fiestaclasica.org\/?p=6011"},"modified":"2018-10-15T03:35:39","modified_gmt":"2018-10-15T03:35:39","slug":"concert-a-agora-mall","status":"publish","type":"post","link":"https:\/\/www.fiestaclasica.org\/fr\/concert-a-agora-mall\/","title":{"rendered":"Concert \u00e0 Agora Mall"},"content":{"rendered":"<p>Notre orchestre symphonique juv\u00e9nile et notre choeur ont \u00e9t\u00e9 invit\u00e9s \u00e0 participer \u00e0 l\u2019activit\u00e9 \u201cArbre de l\u2019Esp\u00e9rance\u201d (\u00c1rbol de la Esperanza) \u00e0 l\u2019Agora Mall de Saint Domingue le 30 septembre dernier. L\u2019Arbre de l\u2019Esp\u00e9rance est une plateforme d\u00e9di\u00e9e aux causes sociales. Son objectif est d\u2019am\u00e9liorer la qualit\u00e9s de vie de personnes en conditions sp\u00e9ciales gr\u00e2ce \u00e0 l\u2019aide de tous les dominicains qui le souhaitent. Pour la Fondation Fiesta Cl\u00e1sica, c\u2019est un honneur et un motif de fiert\u00e9 de contribuer \u00e0 ce travail social. Agissons ensemble pour am\u00e9liorer la vie de toute la communaut\u00e9.<\/p>\n","protected":false},"excerpt":{"rendered":"<p>Notre orchestre symphonique juv\u00e9nile et notre choeur ont \u00e9t\u00e9 invit\u00e9s \u00e0 participer \u00e0 l\u2019activit\u00e9 \u201cArbre de l\u2019Esp\u00e9rance\u201d (\u00c1rbol de la Esperanza) \u00e0 l\u2019Agora Mall de Saint Domingue le 30 septembre dernier. L\u2019Arbre de l\u2019Esp\u00e9rance est une plateforme d\u00e9di\u00e9e aux causes sociales. Son objectif est d\u2019am\u00e9liorer la qualit\u00e9s de vie de personnes en conditions sp\u00e9ciales gr\u00e2ce&hellip;<\/p>\n","protected":false},"author":1,"featured_media":6251,"comment_status":"open","ping_status":"open","sticky":false,"template":"","format":"gallery","meta":[],"categories":[18],"tags":[],"post_series":[],"yoast_head":"<!-- This site is optimized with the Yoast SEO plugin v20.7 - https:\/\/yoast.com\/wordpress\/plugins\/seo\/ -->\n<title>Concert \u00e0 Agora Mall - Fiesta Clasica<\/title>\n<meta name=\"robots\" content=\"index, follow, max-snippet:-1, max-image-preview:large, max-video-preview:-1\" \/>\n<link rel=\"canonical\" href=\"https:\/\/www.fiestaclasica.org\/fr\/concert-a-agora-mall\/\" \/>\n<meta property=\"og:locale\" content=\"fr_FR\" \/>\n<meta property=\"og:type\" content=\"article\" \/>\n<meta property=\"og:title\" content=\"Concert \u00e0 Agora Mall - Fiesta Clasica\" \/>\n<meta property=\"og:description\" content=\"Notre orchestre symphonique juv\u00e9nile et notre choeur ont \u00e9t\u00e9 invit\u00e9s \u00e0 participer \u00e0 l\u2019activit\u00e9 \u201cArbre de l\u2019Esp\u00e9rance\u201d (\u00c1rbol de la Esperanza) \u00e0 l\u2019Agora Mall de Saint Domingue le 30 septembre dernier. L\u2019Arbre de l\u2019Esp\u00e9rance est une plateforme d\u00e9di\u00e9e aux causes sociales. Son objectif est d\u2019am\u00e9liorer la qualit\u00e9s de vie de personnes en conditions sp\u00e9ciales gr\u00e2ce&hellip;\" \/>\n<meta property=\"og:url\" content=\"https:\/\/www.fiestaclasica.org\/fr\/concert-a-agora-mall\/\" \/>\n<meta property=\"og:site_name\" content=\"Fiesta Clasica\" \/>\n<meta property=\"article:publisher\" content=\"https:\/\/www.facebook.com\/FiestaClasica\/\" \/>\n<meta property=\"article:published_time\" content=\"2018-10-11T20:22:43+00:00\" \/>\n<meta property=\"article:modified_time\" content=\"2018-10-15T03:35:39+00:00\" \/>\n<meta property=\"og:image\" content=\"https:\/\/www.fiestaclasica.org\/wp-content\/uploads\/2018\/10\/Not_agora_WhatsApp-Image2-2018-09-23-at-7.55.11-PM.jpeg\" \/>\n\t<meta property=\"og:image:width\" content=\"1280\" \/>\n\t<meta property=\"og:image:height\" content=\"960\" \/>\n\t<meta property=\"og:image:type\" content=\"image\/jpeg\" \/>\n<meta name=\"author\" content=\"webzwin\" \/>\n<meta name=\"twitter:card\" content=\"summary_large_image\" \/>\n<meta name=\"twitter:creator\" content=\"@fiestaclasica\" \/>\n<meta name=\"twitter:site\" content=\"@fiestaclasica\" \/>\n<meta name=\"twitter:label1\" content=\"\u00c9crit par\" \/>\n\t<meta name=\"twitter:data1\" content=\"webzwin\" \/>\n\t<meta name=\"twitter:label2\" content=\"Dur\u00e9e de lecture estim\u00e9e\" \/>\n\t<meta name=\"twitter:data2\" content=\"1 minute\" \/>\n<script type=\"application\/ld+json\" class=\"yoast-schema-graph\">{\"@context\":\"https:\/\/schema.org\",\"@graph\":[{\"@type\":\"Article\",\"@id\":\"https:\/\/www.fiestaclasica.org\/fr\/concert-a-agora-mall\/#article\",\"isPartOf\":{\"@id\":\"https:\/\/www.fiestaclasica.org\/fr\/concert-a-agora-mall\/\"},\"author\":{\"name\":\"webzwin\",\"@id\":\"https:\/\/www.fiestaclasica.org\/#\/schema\/person\/e8219b53c2a1c7e6b03ea5329053f8ac\"},\"headline\":\"Concert \u00e0 Agora Mall\",\"datePublished\":\"2018-10-11T20:22:43+00:00\",\"dateModified\":\"2018-10-15T03:35:39+00:00\",\"mainEntityOfPage\":{\"@id\":\"https:\/\/www.fiestaclasica.org\/fr\/concert-a-agora-mall\/\"},\"wordCount\":110,\"commentCount\":0,\"publisher\":{\"@id\":\"https:\/\/www.fiestaclasica.org\/#organization\"},\"articleSection\":[\"Actualit\u00e9s\"],\"inLanguage\":\"fr-FR\",\"potentialAction\":[{\"@type\":\"CommentAction\",\"name\":\"Comment\",\"target\":[\"https:\/\/www.fiestaclasica.org\/fr\/concert-a-agora-mall\/#respond\"]}]},{\"@type\":\"WebPage\",\"@id\":\"https:\/\/www.fiestaclasica.org\/fr\/concert-a-agora-mall\/\",\"url\":\"https:\/\/www.fiestaclasica.org\/fr\/concert-a-agora-mall\/\",\"name\":\"Concert \u00e0 Agora Mall - Fiesta Clasica\",\"isPartOf\":{\"@id\":\"https:\/\/www.fiestaclasica.org\/#website\"},\"datePublished\":\"2018-10-11T20:22:43+00:00\",\"dateModified\":\"2018-10-15T03:35:39+00:00\",\"breadcrumb\":{\"@id\":\"https:\/\/www.fiestaclasica.org\/fr\/concert-a-agora-mall\/#breadcrumb\"},\"inLanguage\":\"fr-FR\",\"potentialAction\":[{\"@type\":\"ReadAction\",\"target\":[\"https:\/\/www.fiestaclasica.org\/fr\/concert-a-agora-mall\/\"]}]},{\"@type\":\"BreadcrumbList\",\"@id\":\"https:\/\/www.fiestaclasica.org\/fr\/concert-a-agora-mall\/#breadcrumb\",\"itemListElement\":[{\"@type\":\"ListItem\",\"position\":1,\"name\":\"Portada\",\"item\":\"https:\/\/www.fiestaclasica.org\/fr\/\"},{\"@type\":\"ListItem\",\"position\":2,\"name\":\"Concert \u00e0 Agora Mall\"}]},{\"@type\":\"WebSite\",\"@id\":\"https:\/\/www.fiestaclasica.org\/#website\",\"url\":\"https:\/\/www.fiestaclasica.org\/\",\"name\":\"Fiesta Clasica\",\"description\":\"Fiesta Clasica\",\"publisher\":{\"@id\":\"https:\/\/www.fiestaclasica.org\/#organization\"},\"potentialAction\":[{\"@type\":\"SearchAction\",\"target\":{\"@type\":\"EntryPoint\",\"urlTemplate\":\"https:\/\/www.fiestaclasica.org\/?s={search_term_string}\"},\"query-input\":\"required name=search_term_string\"}],\"inLanguage\":\"fr-FR\"},{\"@type\":\"Organization\",\"@id\":\"https:\/\/www.fiestaclasica.org\/#organization\",\"name\":\"fiesta clasica\",\"url\":\"https:\/\/www.fiestaclasica.org\/\",\"logo\":{\"@type\":\"ImageObject\",\"inLanguage\":\"fr-FR\",\"@id\":\"https:\/\/www.fiestaclasica.org\/#\/schema\/logo\/image\/\",\"url\":\"https:\/\/www.fiestaclasica.org\/wp-content\/uploads\/2016\/04\/logo-FC-prensa.jpg\",\"contentUrl\":\"https:\/\/www.fiestaclasica.org\/wp-content\/uploads\/2016\/04\/logo-FC-prensa.jpg\",\"width\":449,\"height\":261,\"caption\":\"fiesta clasica\"},\"image\":{\"@id\":\"https:\/\/www.fiestaclasica.org\/#\/schema\/logo\/image\/\"},\"sameAs\":[\"https:\/\/www.facebook.com\/FiestaClasica\/\",\"https:\/\/twitter.com\/fiestaclasica\",\"https:\/\/www.instagram.com\/fiestaclasica\/\",\"https:\/\/www.youtube.com\/channel\/UCt82JYKhPM3Th7pNLCA7-xw\"]},{\"@type\":\"Person\",\"@id\":\"https:\/\/www.fiestaclasica.org\/#\/schema\/person\/e8219b53c2a1c7e6b03ea5329053f8ac\",\"name\":\"webzwin\",\"image\":{\"@type\":\"ImageObject\",\"inLanguage\":\"fr-FR\",\"@id\":\"https:\/\/www.fiestaclasica.org\/#\/schema\/person\/image\/\",\"url\":\"https:\/\/secure.gravatar.com\/avatar\/b61cecce942f25228da00c5f6ea9bef8?s=96&d=mm&r=g\",\"contentUrl\":\"https:\/\/secure.gravatar.com\/avatar\/b61cecce942f25228da00c5f6ea9bef8?s=96&d=mm&r=g\",\"caption\":\"webzwin\"},\"url\":\"https:\/\/www.fiestaclasica.org\/fr\/author\/webzwin\/\"}]}<\/script>\n<!-- \/ Yoast SEO plugin. -->","yoast_head_json":{"title":"Concert \u00e0 Agora Mall - Fiesta Clasica","robots":{"index":"index","follow":"follow","max-snippet":"max-snippet:-1","max-image-preview":"max-image-preview:large","max-video-preview":"max-video-preview:-1"},"canonical":"https:\/\/www.fiestaclasica.org\/fr\/concert-a-agora-mall\/","og_locale":"fr_FR","og_type":"article","og_title":"Concert \u00e0 Agora Mall - Fiesta Clasica","og_description":"Notre orchestre symphonique juv\u00e9nile et notre choeur ont \u00e9t\u00e9 invit\u00e9s \u00e0 participer \u00e0 l\u2019activit\u00e9 \u201cArbre de l\u2019Esp\u00e9rance\u201d (\u00c1rbol de la Esperanza) \u00e0 l\u2019Agora Mall de Saint Domingue le 30 septembre dernier. L\u2019Arbre de l\u2019Esp\u00e9rance est une plateforme d\u00e9di\u00e9e aux causes sociales. Son objectif est d\u2019am\u00e9liorer la qualit\u00e9s de vie de personnes en conditions sp\u00e9ciales gr\u00e2ce&hellip;","og_url":"https:\/\/www.fiestaclasica.org\/fr\/concert-a-agora-mall\/","og_site_name":"Fiesta Clasica","article_publisher":"https:\/\/www.facebook.com\/FiestaClasica\/","article_published_time":"2018-10-11T20:22:43+00:00","article_modified_time":"2018-10-15T03:35:39+00:00","og_image":[{"width":1280,"height":960,"url":"https:\/\/www.fiestaclasica.org\/wp-content\/uploads\/2018\/10\/Not_agora_WhatsApp-Image2-2018-09-23-at-7.55.11-PM.jpeg","type":"image\/jpeg"}],"author":"webzwin","twitter_card":"summary_large_image","twitter_creator":"@fiestaclasica","twitter_site":"@fiestaclasica","twitter_misc":{"\u00c9crit par":"webzwin","Dur\u00e9e de lecture estim\u00e9e":"1 minute"},"schema":{"@context":"https:\/\/schema.org","@graph":[{"@type":"Article","@id":"https:\/\/www.fiestaclasica.org\/fr\/concert-a-agora-mall\/#article","isPartOf":{"@id":"https:\/\/www.fiestaclasica.org\/fr\/concert-a-agora-mall\/"},"author":{"name":"webzwin","@id":"https:\/\/www.fiestaclasica.org\/#\/schema\/person\/e8219b53c2a1c7e6b03ea5329053f8ac"},"headline":"Concert \u00e0 Agora Mall","datePublished":"2018-10-11T20:22:43+00:00","dateModified":"2018-10-15T03:35:39+00:00","mainEntityOfPage":{"@id":"https:\/\/www.fiestaclasica.org\/fr\/concert-a-agora-mall\/"},"wordCount":110,"commentCount":0,"publisher":{"@id":"https:\/\/www.fiestaclasica.org\/#organization"},"articleSection":["Actualit\u00e9s"],"inLanguage":"fr-FR","potentialAction":[{"@type":"CommentAction","name":"Comment","target":["https:\/\/www.fiestaclasica.org\/fr\/concert-a-agora-mall\/#respond"]}]},{"@type":"WebPage","@id":"https:\/\/www.fiestaclasica.org\/fr\/concert-a-agora-mall\/","url":"https:\/\/www.fiestaclasica.org\/fr\/concert-a-agora-mall\/","name":"Concert \u00e0 Agora Mall - Fiesta Clasica","isPartOf":{"@id":"https:\/\/www.fiestaclasica.org\/#website"},"datePublished":"2018-10-11T20:22:43+00:00","dateModified":"2018-10-15T03:35:39+00:00","breadcrumb":{"@id":"https:\/\/www.fiestaclasica.org\/fr\/concert-a-agora-mall\/#breadcrumb"},"inLanguage":"fr-FR","potentialAction":[{"@type":"ReadAction","target":["https:\/\/www.fiestaclasica.org\/fr\/concert-a-agora-mall\/"]}]},{"@type":"BreadcrumbList","@id":"https:\/\/www.fiestaclasica.org\/fr\/concert-a-agora-mall\/#breadcrumb","itemListElement":[{"@type":"ListItem","position":1,"name":"Portada","item":"https:\/\/www.fiestaclasica.org\/fr\/"},{"@type":"ListItem","position":2,"name":"Concert \u00e0 Agora Mall"}]},{"@type":"WebSite","@id":"https:\/\/www.fiestaclasica.org\/#website","url":"https:\/\/www.fiestaclasica.org\/","name":"Fiesta Clasica","description":"Fiesta Clasica","publisher":{"@id":"https:\/\/www.fiestaclasica.org\/#organization"},"potentialAction":[{"@type":"SearchAction","target":{"@type":"EntryPoint","urlTemplate":"https:\/\/www.fiestaclasica.org\/?s={search_term_string}"},"query-input":"required name=search_term_string"}],"inLanguage":"fr-FR"},{"@type":"Organization","@id":"https:\/\/www.fiestaclasica.org\/#organization","name":"fiesta clasica","url":"https:\/\/www.fiestaclasica.org\/","logo":{"@type":"ImageObject","inLanguage":"fr-FR","@id":"https:\/\/www.fiestaclasica.org\/#\/schema\/logo\/image\/","url":"https:\/\/www.fiestaclasica.org\/wp-content\/uploads\/2016\/04\/logo-FC-prensa.jpg","contentUrl":"https:\/\/www.fiestaclasica.org\/wp-content\/uploads\/2016\/04\/logo-FC-prensa.jpg","width":449,"height":261,"caption":"fiesta clasica"},"image":{"@id":"https:\/\/www.fiestaclasica.org\/#\/schema\/logo\/image\/"},"sameAs":["https:\/\/www.facebook.com\/FiestaClasica\/","https:\/\/twitter.com\/fiestaclasica","https:\/\/www.instagram.com\/fiestaclasica\/","https:\/\/www.youtube.com\/channel\/UCt82JYKhPM3Th7pNLCA7-xw"]},{"@type":"Person","@id":"https:\/\/www.fiestaclasica.org\/#\/schema\/person\/e8219b53c2a1c7e6b03ea5329053f8ac","name":"webzwin","image":{"@type":"ImageObject","inLanguage":"fr-FR","@id":"https:\/\/www.fiestaclasica.org\/#\/schema\/person\/image\/","url":"https:\/\/secure.gravatar.com\/avatar\/b61cecce942f25228da00c5f6ea9bef8?s=96&d=mm&r=g","contentUrl":"https:\/\/secure.gravatar.com\/avatar\/b61cecce942f25228da00c5f6ea9bef8?s=96&d=mm&r=g","caption":"webzwin"},"url":"https:\/\/www.fiestaclasica.org\/fr\/author\/webzwin\/"}]}},"_links":{"self":[{"href":"https:\/\/www.fiestaclasica.org\/fr\/wp-json\/wp\/v2\/posts\/6011\/"}],"collection":[{"href":"https:\/\/www.fiestaclasica.org\/fr\/wp-json\/wp\/v2\/posts\/"}],"about":[{"href":"https:\/\/www.fiestaclasica.org\/fr\/wp-json\/wp\/v2\/types\/post\/"}],"author":[{"embeddable":true,"href":"https:\/\/www.fiestaclasica.org\/fr\/wp-json\/wp\/v2\/users\/1\/"}],"replies":[{"embeddable":true,"href":"https:\/\/www.fiestaclasica.org\/fr\/wp-json\/wp\/v2\/comments\/?post=6011"}],"version-history":[{"count":2,"href":"https:\/\/www.fiestaclasica.org\/fr\/wp-json\/wp\/v2\/posts\/6011\/revisions\/"}],"predecessor-version":[{"id":6015,"href":"https:\/\/www.fiestaclasica.org\/fr\/wp-json\/wp\/v2\/posts\/6011\/revisions\/6015\/"}],"wp:featuredmedia":[{"embeddable":true,"href":"https:\/\/www.fiestaclasica.org\/fr\/wp-json\/wp\/v2\/media\/6251\/"}],"wp:attachment":[{"href":"https:\/\/www.fiestaclasica.org\/fr\/wp-json\/wp\/v2\/media\/?parent=6011"}],"wp:term":[{"taxonomy":"category","embeddable":true,"href":"https:\/\/www.fiestaclasica.org\/fr\/wp-json\/wp\/v2\/categories\/?post=6011"},{"taxonomy":"post_tag","embeddable":true,"href":"https:\/\/www.fiestaclasica.org\/fr\/wp-json\/wp\/v2\/tags\/?post=6011"},{"taxonomy":"post_series","embeddable":true,"href":"https:\/\/www.fiestaclasica.org\/fr\/wp-json\/wp\/v2\/post_series\/?post=6011"}],"curies":[{"name":"wp","href":"https:\/\/api.w.org\/{rel}","templated":true}]}}