{"id":3698,"date":"2018-06-14T19:38:36","date_gmt":"2018-06-14T19:38:36","guid":{"rendered":"http:\/\/www.fiestaclasica.org\/?p=3698"},"modified":"2018-10-11T20:35:55","modified_gmt":"2018-10-11T20:35:55","slug":"visite-de-mr-eduardo-selman-ministre-de-la-culture","status":"publish","type":"post","link":"https:\/\/www.fiestaclasica.org\/fr\/visite-de-mr-eduardo-selman-ministre-de-la-culture\/","title":{"rendered":"Visite de Mr Eduardo Selman, Ministre de la Culture"},"content":{"rendered":"<p>14-06-18\u00a0: Lundi dernier, nous avons eu le grand honneur de recevoir dans notre n\u00facleo de la Zone Coloniale situ\u00e9 dans la Loge Cuna de Am\u00e9rica n\u00ba2, le Ministre de la Culture Mr Eduardo Selman accompagn\u00e9 par le Ministre du Travail<br \/>\nMr Winston Antonio Santos Ure\u00f1a. Au cours de cette visite en pr\u00e9sence de plusieurs membres du comit\u00e9 directeur de la Fomdation (Mme Marisol Vicens, Mr Dominique Mey et Mr Frank Ferandier-Sicard) nos invit\u00e9s ont pu assister \u00e0 la r\u00e9p\u00e9tition de notre orchestre symphonique et recevoir la m\u00e9daille de la fondation.<\/p>\n","protected":false},"excerpt":{"rendered":"<p>14-06-18\u00a0: Lundi dernier, nous avons eu le grand honneur de recevoir dans notre n\u00facleo de la Zone Coloniale situ\u00e9 dans la Loge Cuna de Am\u00e9rica n\u00ba2, le Ministre de la Culture Mr Eduardo Selman accompagn\u00e9 par le Ministre du Travail Mr Winston Antonio Santos Ure\u00f1a. Au cours de cette visite en pr\u00e9sence de plusieurs membres&hellip;<\/p>\n","protected":false},"author":1,"featured_media":3747,"comment_status":"open","ping_status":"open","sticky":false,"template":"","format":"gallery","meta":[],"categories":[18],"tags":[],"post_series":[],"yoast_head":"<!-- This site is optimized with the Yoast SEO plugin v20.7 - https:\/\/yoast.com\/wordpress\/plugins\/seo\/ -->\n<title>Visite de Mr Eduardo Selman, Ministre de la Culture - Fiesta Clasica<\/title>\n<meta name=\"robots\" content=\"index, follow, max-snippet:-1, max-image-preview:large, max-video-preview:-1\" \/>\n<link rel=\"canonical\" href=\"https:\/\/www.fiestaclasica.org\/fr\/visite-de-mr-eduardo-selman-ministre-de-la-culture\/\" \/>\n<meta property=\"og:locale\" content=\"fr_FR\" \/>\n<meta property=\"og:type\" content=\"article\" \/>\n<meta property=\"og:title\" content=\"Visite de Mr Eduardo Selman, Ministre de la Culture - Fiesta Clasica\" \/>\n<meta property=\"og:description\" content=\"14-06-18\u00a0: Lundi dernier, nous avons eu le grand honneur de recevoir dans notre n\u00facleo de la Zone Coloniale situ\u00e9 dans la Loge Cuna de Am\u00e9rica n\u00ba2, le Ministre de la Culture Mr Eduardo Selman accompagn\u00e9 par le Ministre du Travail Mr Winston Antonio Santos Ure\u00f1a. Au cours de cette visite en pr\u00e9sence de plusieurs membres&hellip;\" \/>\n<meta property=\"og:url\" content=\"https:\/\/www.fiestaclasica.org\/fr\/visite-de-mr-eduardo-selman-ministre-de-la-culture\/\" \/>\n<meta property=\"og:site_name\" content=\"Fiesta Clasica\" \/>\n<meta property=\"article:publisher\" content=\"https:\/\/www.facebook.com\/FiestaClasica\/\" \/>\n<meta property=\"article:published_time\" content=\"2018-06-14T19:38:36+00:00\" \/>\n<meta property=\"article:modified_time\" content=\"2018-10-11T20:35:55+00:00\" \/>\n<meta property=\"og:image\" content=\"https:\/\/www.fiestaclasica.org\/wp-content\/uploads\/2018\/09\/not_selman_15.jpg\" \/>\n\t<meta property=\"og:image:width\" content=\"1280\" \/>\n\t<meta property=\"og:image:height\" content=\"960\" \/>\n\t<meta property=\"og:image:type\" content=\"image\/jpeg\" \/>\n<meta name=\"author\" content=\"webzwin\" \/>\n<meta name=\"twitter:card\" content=\"summary_large_image\" \/>\n<meta name=\"twitter:creator\" content=\"@fiestaclasica\" \/>\n<meta name=\"twitter:site\" content=\"@fiestaclasica\" \/>\n<meta name=\"twitter:label1\" content=\"\u00c9crit par\" \/>\n\t<meta name=\"twitter:data1\" content=\"webzwin\" \/>\n<script type=\"application\/ld+json\" class=\"yoast-schema-graph\">{\"@context\":\"https:\/\/schema.org\",\"@graph\":[{\"@type\":\"Article\",\"@id\":\"https:\/\/www.fiestaclasica.org\/fr\/visite-de-mr-eduardo-selman-ministre-de-la-culture\/#article\",\"isPartOf\":{\"@id\":\"https:\/\/www.fiestaclasica.org\/fr\/visite-de-mr-eduardo-selman-ministre-de-la-culture\/\"},\"author\":{\"name\":\"webzwin\",\"@id\":\"https:\/\/www.fiestaclasica.org\/#\/schema\/person\/e8219b53c2a1c7e6b03ea5329053f8ac\"},\"headline\":\"Visite de Mr Eduardo Selman, Ministre de la Culture\",\"datePublished\":\"2018-06-14T19:38:36+00:00\",\"dateModified\":\"2018-10-11T20:35:55+00:00\",\"mainEntityOfPage\":{\"@id\":\"https:\/\/www.fiestaclasica.org\/fr\/visite-de-mr-eduardo-selman-ministre-de-la-culture\/\"},\"wordCount\":107,\"commentCount\":0,\"publisher\":{\"@id\":\"https:\/\/www.fiestaclasica.org\/#organization\"},\"articleSection\":[\"Actualit\u00e9s\"],\"inLanguage\":\"fr-FR\",\"potentialAction\":[{\"@type\":\"CommentAction\",\"name\":\"Comment\",\"target\":[\"https:\/\/www.fiestaclasica.org\/fr\/visite-de-mr-eduardo-selman-ministre-de-la-culture\/#respond\"]}]},{\"@type\":\"WebPage\",\"@id\":\"https:\/\/www.fiestaclasica.org\/fr\/visite-de-mr-eduardo-selman-ministre-de-la-culture\/\",\"url\":\"https:\/\/www.fiestaclasica.org\/fr\/visite-de-mr-eduardo-selman-ministre-de-la-culture\/\",\"name\":\"Visite de Mr Eduardo Selman, Ministre de la Culture - Fiesta Clasica\",\"isPartOf\":{\"@id\":\"https:\/\/www.fiestaclasica.org\/#website\"},\"datePublished\":\"2018-06-14T19:38:36+00:00\",\"dateModified\":\"2018-10-11T20:35:55+00:00\",\"breadcrumb\":{\"@id\":\"https:\/\/www.fiestaclasica.org\/fr\/visite-de-mr-eduardo-selman-ministre-de-la-culture\/#breadcrumb\"},\"inLanguage\":\"fr-FR\",\"potentialAction\":[{\"@type\":\"ReadAction\",\"target\":[\"https:\/\/www.fiestaclasica.org\/fr\/visite-de-mr-eduardo-selman-ministre-de-la-culture\/\"]}]},{\"@type\":\"BreadcrumbList\",\"@id\":\"https:\/\/www.fiestaclasica.org\/fr\/visite-de-mr-eduardo-selman-ministre-de-la-culture\/#breadcrumb\",\"itemListElement\":[{\"@type\":\"ListItem\",\"position\":1,\"name\":\"Portada\",\"item\":\"https:\/\/www.fiestaclasica.org\/fr\/\"},{\"@type\":\"ListItem\",\"position\":2,\"name\":\"Visite de Mr Eduardo Selman, Ministre de la Culture\"}]},{\"@type\":\"WebSite\",\"@id\":\"https:\/\/www.fiestaclasica.org\/#website\",\"url\":\"https:\/\/www.fiestaclasica.org\/\",\"name\":\"Fiesta Clasica\",\"description\":\"Fiesta Clasica\",\"publisher\":{\"@id\":\"https:\/\/www.fiestaclasica.org\/#organization\"},\"potentialAction\":[{\"@type\":\"SearchAction\",\"target\":{\"@type\":\"EntryPoint\",\"urlTemplate\":\"https:\/\/www.fiestaclasica.org\/?s={search_term_string}\"},\"query-input\":\"required name=search_term_string\"}],\"inLanguage\":\"fr-FR\"},{\"@type\":\"Organization\",\"@id\":\"https:\/\/www.fiestaclasica.org\/#organization\",\"name\":\"fiesta clasica\",\"url\":\"https:\/\/www.fiestaclasica.org\/\",\"logo\":{\"@type\":\"ImageObject\",\"inLanguage\":\"fr-FR\",\"@id\":\"https:\/\/www.fiestaclasica.org\/#\/schema\/logo\/image\/\",\"url\":\"https:\/\/www.fiestaclasica.org\/wp-content\/uploads\/2016\/04\/logo-FC-prensa.jpg\",\"contentUrl\":\"https:\/\/www.fiestaclasica.org\/wp-content\/uploads\/2016\/04\/logo-FC-prensa.jpg\",\"width\":449,\"height\":261,\"caption\":\"fiesta clasica\"},\"image\":{\"@id\":\"https:\/\/www.fiestaclasica.org\/#\/schema\/logo\/image\/\"},\"sameAs\":[\"https:\/\/www.facebook.com\/FiestaClasica\/\",\"https:\/\/twitter.com\/fiestaclasica\",\"https:\/\/www.instagram.com\/fiestaclasica\/\",\"https:\/\/www.youtube.com\/channel\/UCt82JYKhPM3Th7pNLCA7-xw\"]},{\"@type\":\"Person\",\"@id\":\"https:\/\/www.fiestaclasica.org\/#\/schema\/person\/e8219b53c2a1c7e6b03ea5329053f8ac\",\"name\":\"webzwin\",\"image\":{\"@type\":\"ImageObject\",\"inLanguage\":\"fr-FR\",\"@id\":\"https:\/\/www.fiestaclasica.org\/#\/schema\/person\/image\/\",\"url\":\"https:\/\/secure.gravatar.com\/avatar\/b61cecce942f25228da00c5f6ea9bef8?s=96&d=mm&r=g\",\"contentUrl\":\"https:\/\/secure.gravatar.com\/avatar\/b61cecce942f25228da00c5f6ea9bef8?s=96&d=mm&r=g\",\"caption\":\"webzwin\"},\"url\":\"https:\/\/www.fiestaclasica.org\/fr\/author\/webzwin\/\"}]}<\/script>\n<!-- \/ Yoast SEO plugin. -->","yoast_head_json":{"title":"Visite de Mr Eduardo Selman, Ministre de la Culture - Fiesta Clasica","robots":{"index":"index","follow":"follow","max-snippet":"max-snippet:-1","max-image-preview":"max-image-preview:large","max-video-preview":"max-video-preview:-1"},"canonical":"https:\/\/www.fiestaclasica.org\/fr\/visite-de-mr-eduardo-selman-ministre-de-la-culture\/","og_locale":"fr_FR","og_type":"article","og_title":"Visite de Mr Eduardo Selman, Ministre de la Culture - Fiesta Clasica","og_description":"14-06-18\u00a0: Lundi dernier, nous avons eu le grand honneur de recevoir dans notre n\u00facleo de la Zone Coloniale situ\u00e9 dans la Loge Cuna de Am\u00e9rica n\u00ba2, le Ministre de la Culture Mr Eduardo Selman accompagn\u00e9 par le Ministre du Travail Mr Winston Antonio Santos Ure\u00f1a. Au cours de cette visite en pr\u00e9sence de plusieurs membres&hellip;","og_url":"https:\/\/www.fiestaclasica.org\/fr\/visite-de-mr-eduardo-selman-ministre-de-la-culture\/","og_site_name":"Fiesta Clasica","article_publisher":"https:\/\/www.facebook.com\/FiestaClasica\/","article_published_time":"2018-06-14T19:38:36+00:00","article_modified_time":"2018-10-11T20:35:55+00:00","og_image":[{"width":1280,"height":960,"url":"https:\/\/www.fiestaclasica.org\/wp-content\/uploads\/2018\/09\/not_selman_15.jpg","type":"image\/jpeg"}],"author":"webzwin","twitter_card":"summary_large_image","twitter_creator":"@fiestaclasica","twitter_site":"@fiestaclasica","twitter_misc":{"\u00c9crit par":"webzwin"},"schema":{"@context":"https:\/\/schema.org","@graph":[{"@type":"Article","@id":"https:\/\/www.fiestaclasica.org\/fr\/visite-de-mr-eduardo-selman-ministre-de-la-culture\/#article","isPartOf":{"@id":"https:\/\/www.fiestaclasica.org\/fr\/visite-de-mr-eduardo-selman-ministre-de-la-culture\/"},"author":{"name":"webzwin","@id":"https:\/\/www.fiestaclasica.org\/#\/schema\/person\/e8219b53c2a1c7e6b03ea5329053f8ac"},"headline":"Visite de Mr Eduardo Selman, Ministre de la Culture","datePublished":"2018-06-14T19:38:36+00:00","dateModified":"2018-10-11T20:35:55+00:00","mainEntityOfPage":{"@id":"https:\/\/www.fiestaclasica.org\/fr\/visite-de-mr-eduardo-selman-ministre-de-la-culture\/"},"wordCount":107,"commentCount":0,"publisher":{"@id":"https:\/\/www.fiestaclasica.org\/#organization"},"articleSection":["Actualit\u00e9s"],"inLanguage":"fr-FR","potentialAction":[{"@type":"CommentAction","name":"Comment","target":["https:\/\/www.fiestaclasica.org\/fr\/visite-de-mr-eduardo-selman-ministre-de-la-culture\/#respond"]}]},{"@type":"WebPage","@id":"https:\/\/www.fiestaclasica.org\/fr\/visite-de-mr-eduardo-selman-ministre-de-la-culture\/","url":"https:\/\/www.fiestaclasica.org\/fr\/visite-de-mr-eduardo-selman-ministre-de-la-culture\/","name":"Visite de Mr Eduardo Selman, Ministre de la Culture - Fiesta Clasica","isPartOf":{"@id":"https:\/\/www.fiestaclasica.org\/#website"},"datePublished":"2018-06-14T19:38:36+00:00","dateModified":"2018-10-11T20:35:55+00:00","breadcrumb":{"@id":"https:\/\/www.fiestaclasica.org\/fr\/visite-de-mr-eduardo-selman-ministre-de-la-culture\/#breadcrumb"},"inLanguage":"fr-FR","potentialAction":[{"@type":"ReadAction","target":["https:\/\/www.fiestaclasica.org\/fr\/visite-de-mr-eduardo-selman-ministre-de-la-culture\/"]}]},{"@type":"BreadcrumbList","@id":"https:\/\/www.fiestaclasica.org\/fr\/visite-de-mr-eduardo-selman-ministre-de-la-culture\/#breadcrumb","itemListElement":[{"@type":"ListItem","position":1,"name":"Portada","item":"https:\/\/www.fiestaclasica.org\/fr\/"},{"@type":"ListItem","position":2,"name":"Visite de Mr Eduardo Selman, Ministre de la Culture"}]},{"@type":"WebSite","@id":"https:\/\/www.fiestaclasica.org\/#website","url":"https:\/\/www.fiestaclasica.org\/","name":"Fiesta Clasica","description":"Fiesta Clasica","publisher":{"@id":"https:\/\/www.fiestaclasica.org\/#organization"},"potentialAction":[{"@type":"SearchAction","target":{"@type":"EntryPoint","urlTemplate":"https:\/\/www.fiestaclasica.org\/?s={search_term_string}"},"query-input":"required name=search_term_string"}],"inLanguage":"fr-FR"},{"@type":"Organization","@id":"https:\/\/www.fiestaclasica.org\/#organization","name":"fiesta clasica","url":"https:\/\/www.fiestaclasica.org\/","logo":{"@type":"ImageObject","inLanguage":"fr-FR","@id":"https:\/\/www.fiestaclasica.org\/#\/schema\/logo\/image\/","url":"https:\/\/www.fiestaclasica.org\/wp-content\/uploads\/2016\/04\/logo-FC-prensa.jpg","contentUrl":"https:\/\/www.fiestaclasica.org\/wp-content\/uploads\/2016\/04\/logo-FC-prensa.jpg","width":449,"height":261,"caption":"fiesta clasica"},"image":{"@id":"https:\/\/www.fiestaclasica.org\/#\/schema\/logo\/image\/"},"sameAs":["https:\/\/www.facebook.com\/FiestaClasica\/","https:\/\/twitter.com\/fiestaclasica","https:\/\/www.instagram.com\/fiestaclasica\/","https:\/\/www.youtube.com\/channel\/UCt82JYKhPM3Th7pNLCA7-xw"]},{"@type":"Person","@id":"https:\/\/www.fiestaclasica.org\/#\/schema\/person\/e8219b53c2a1c7e6b03ea5329053f8ac","name":"webzwin","image":{"@type":"ImageObject","inLanguage":"fr-FR","@id":"https:\/\/www.fiestaclasica.org\/#\/schema\/person\/image\/","url":"https:\/\/secure.gravatar.com\/avatar\/b61cecce942f25228da00c5f6ea9bef8?s=96&d=mm&r=g","contentUrl":"https:\/\/secure.gravatar.com\/avatar\/b61cecce942f25228da00c5f6ea9bef8?s=96&d=mm&r=g","caption":"webzwin"},"url":"https:\/\/www.fiestaclasica.org\/fr\/author\/webzwin\/"}]}},"_links":{"self":[{"href":"https:\/\/www.fiestaclasica.org\/fr\/wp-json\/wp\/v2\/posts\/3698\/"}],"collection":[{"href":"https:\/\/www.fiestaclasica.org\/fr\/wp-json\/wp\/v2\/posts\/"}],"about":[{"href":"https:\/\/www.fiestaclasica.org\/fr\/wp-json\/wp\/v2\/types\/post\/"}],"author":[{"embeddable":true,"href":"https:\/\/www.fiestaclasica.org\/fr\/wp-json\/wp\/v2\/users\/1\/"}],"replies":[{"embeddable":true,"href":"https:\/\/www.fiestaclasica.org\/fr\/wp-json\/wp\/v2\/comments\/?post=3698"}],"version-history":[{"count":2,"href":"https:\/\/www.fiestaclasica.org\/fr\/wp-json\/wp\/v2\/posts\/3698\/revisions\/"}],"predecessor-version":[{"id":6114,"href":"https:\/\/www.fiestaclasica.org\/fr\/wp-json\/wp\/v2\/posts\/3698\/revisions\/6114\/"}],"wp:featuredmedia":[{"embeddable":true,"href":"https:\/\/www.fiestaclasica.org\/fr\/wp-json\/wp\/v2\/media\/3747\/"}],"wp:attachment":[{"href":"https:\/\/www.fiestaclasica.org\/fr\/wp-json\/wp\/v2\/media\/?parent=3698"}],"wp:term":[{"taxonomy":"category","embeddable":true,"href":"https:\/\/www.fiestaclasica.org\/fr\/wp-json\/wp\/v2\/categories\/?post=3698"},{"taxonomy":"post_tag","embeddable":true,"href":"https:\/\/www.fiestaclasica.org\/fr\/wp-json\/wp\/v2\/tags\/?post=3698"},{"taxonomy":"post_series","embeddable":true,"href":"https:\/\/www.fiestaclasica.org\/fr\/wp-json\/wp\/v2\/post_series\/?post=3698"}],"curies":[{"name":"wp","href":"https:\/\/api.w.org\/{rel}","templated":true}]}}