{"id":2389,"date":"2018-04-16T12:47:15","date_gmt":"2018-04-16T12:47:15","guid":{"rendered":"http:\/\/www.fiestaclasica.org\/?p=2389"},"modified":"2021-09-30T12:59:26","modified_gmt":"2021-09-30T12:59:26","slug":"fiesta-clasica-la-fondation-engie-signent-un-partenariat-pour-3-ans","status":"publish","type":"post","link":"https:\/\/www.fiestaclasica.org\/fr\/fiesta-clasica-la-fondation-engie-signent-un-partenariat-pour-3-ans\/","title":{"rendered":"Fiesta Cl\u00e1sica &#038; la Fondation ENGIE signent un partenariat pour 3 ans"},"content":{"rendered":"<p><img decoding=\"async\" loading=\"lazy\" class=\"img_contour alignleft wp-image-2479 size-medium\" src=\"http:\/\/www.fiestaclasica.org\/wp-content\/uploads\/2018\/04\/Logo_FoundationEngie-FR_ok-300x225.jpg\" alt=\"\" width=\"300\" height=\"225\" srcset=\"https:\/\/www.fiestaclasica.org\/wp-content\/uploads\/2018\/04\/Logo_FoundationEngie-FR_ok-300x225.jpg 300w, https:\/\/www.fiestaclasica.org\/wp-content\/uploads\/2018\/04\/Logo_FoundationEngie-FR_ok.jpg 640w\" sizes=\"(max-width: 300px) 100vw, 300px\" \/>Nous avons le plaisir d\u2019annoncer que la Fondation Fiesta\u00a0Cl\u00e1sica\u00a0et la Fondation d\u2019Entreprise\u00a0ENGIE viennent de signer un accord de partenariat d\u2019une dur\u00e9e de trois ans.<\/p>\n<p>Cet accord porte sur la participation\u00a0de la Fondation ENGIE\u00a0au financement d\u2019un plan de d\u00e9veloppement de Fiesta\u00a0Cl\u00e1sica\u00a0baptis\u00e9 \u00ab\u202fD\u00e9veloppement-Phase 2\u202f\u00bb. Ce plan comprend en particulier la mise sur pieds d\u2019un orchestre symphonique pour enfants de moins de 13 ans et leur formation acad\u00e9mique jusqu\u2019en 2020. L\u2019achat d\u2019instruments neufs repr\u00e9sente une grande part de la contribution de la Fondation ENGIE, ainsi que la prise en charge sp\u00e9cifique de professeurs venus directement de El\u00a0Sistema\u00a0pour assurer des s\u00e9minaires intensifs.<\/p>\n<p>Cet accord constitue pour Fiesta\u00a0Cl\u00e1sica\u00a0une \u00e9tape importante de son d\u00e9veloppement. Il permettra \u00e0 de nouveaux \u00e9l\u00e8ves de b\u00e9n\u00e9ficier d\u2019un enseignement musical de qualit\u00e9, les aidant ainsi \u00e0 d\u00e9velopper leur go\u00fbt pour l\u2019\u00e9tude, leur sens des responsabilit\u00e9s et du travail collectif.<\/p>\n<p>La<strong>\u00a0<\/strong>Fondation Fiesta\u00a0Clasica<strong>\u00a0<\/strong>a pour objet l\u2019enseignement de la musique classique et traditionnelle aux enfants de la ville coloniale de Saint Domingue. Elle dispense des cours gratuits et quotidiens \u00e0 200 enfants de familles d\u00e9favoris\u00e9es afin de leur transmettre des valeurs telles que la solidarit\u00e9, la discipline, le travail collectif, le respect mutuel et le go\u00fbt de l\u2019\u00e9tude. Gr\u00e2ce \u00e0 la musique, il s\u2019agit de pr\u00e9parer ces enfants \u00e0 leur avenir tant personnel que professionnel.<\/p>\n<p>La\u00a0Fondation d\u2019Entreprise ENGIE\u00a0a pour vocation de traduire en actions de solidarit\u00e9 l\u2019engagement du Groupe. Dans le prolongement des r\u00e9ponses m\u00e9tiers aux enjeux sociaux et environnementaux du Groupe, la Fondation soutient des projets philanthropiques innovants qui contribuent \u00e0 construire le monde de demain.<em>\u00a0\u00a0<\/em><\/p>\n<p><a href=\"https:\/\/fondation-engie.com\/projet\/fiesta-clasica\/\">fondation-engie.com\/projet\/fiesta-clasica\/<\/a><\/p>\n<p>Contact\u202f:\u00a0Iram\u00ed Gonzalez (+1)809-221-4918 ou contact@fiestaclasica.org<\/p>\n","protected":false},"excerpt":{"rendered":"<p>Nous avons le plaisir d\u2019annoncer que la Fondation Fiesta\u00a0Cl\u00e1sica\u00a0et la Fondation d\u2019Entreprise\u00a0ENGIE viennent de signer un accord de partenariat d\u2019une dur\u00e9e de trois ans. Cet accord porte sur la participation\u00a0de la Fondation ENGIE\u00a0au financement d\u2019un plan de d\u00e9veloppement de Fiesta\u00a0Cl\u00e1sica\u00a0baptis\u00e9 \u00ab\u202fD\u00e9veloppement-Phase 2\u202f\u00bb. Ce plan comprend en particulier la mise sur pieds d\u2019un orchestre symphonique pour&hellip;<\/p>\n","protected":false},"author":1,"featured_media":2770,"comment_status":"open","ping_status":"open","sticky":false,"template":"","format":"gallery","meta":[],"categories":[18],"tags":[],"post_series":[],"yoast_head":"<!-- This site is optimized with the Yoast SEO plugin v20.7 - https:\/\/yoast.com\/wordpress\/plugins\/seo\/ -->\n<title>Fiesta Cl\u00e1sica &amp; la Fondation ENGIE signent un partenariat pour 3 ans - Fiesta Clasica<\/title>\n<meta name=\"robots\" content=\"index, follow, max-snippet:-1, max-image-preview:large, max-video-preview:-1\" \/>\n<link rel=\"canonical\" href=\"https:\/\/www.fiestaclasica.org\/fr\/fiesta-clasica-la-fondation-engie-signent-un-partenariat-pour-3-ans\/\" \/>\n<meta property=\"og:locale\" content=\"fr_FR\" \/>\n<meta property=\"og:type\" content=\"article\" \/>\n<meta property=\"og:title\" content=\"Fiesta Cl\u00e1sica &amp; la Fondation ENGIE signent un partenariat pour 3 ans - Fiesta Clasica\" \/>\n<meta property=\"og:description\" content=\"Nous avons le plaisir d\u2019annoncer que la Fondation Fiesta\u00a0Cl\u00e1sica\u00a0et la Fondation d\u2019Entreprise\u00a0ENGIE viennent de signer un accord de partenariat d\u2019une dur\u00e9e de trois ans. Cet accord porte sur la participation\u00a0de la Fondation ENGIE\u00a0au financement d\u2019un plan de d\u00e9veloppement de Fiesta\u00a0Cl\u00e1sica\u00a0baptis\u00e9 \u00ab\u202fD\u00e9veloppement-Phase 2\u202f\u00bb. Ce plan comprend en particulier la mise sur pieds d\u2019un orchestre symphonique pour&hellip;\" \/>\n<meta property=\"og:url\" content=\"https:\/\/www.fiestaclasica.org\/fr\/fiesta-clasica-la-fondation-engie-signent-un-partenariat-pour-3-ans\/\" \/>\n<meta property=\"og:site_name\" content=\"Fiesta Clasica\" \/>\n<meta property=\"article:publisher\" content=\"https:\/\/www.facebook.com\/FiestaClasica\/\" \/>\n<meta property=\"article:published_time\" content=\"2018-04-16T12:47:15+00:00\" \/>\n<meta property=\"article:modified_time\" content=\"2021-09-30T12:59:26+00:00\" \/>\n<meta property=\"og:image\" content=\"https:\/\/www.fiestaclasica.org\/wp-content\/uploads\/2018\/04\/Engieok.jpg\" \/>\n\t<meta property=\"og:image:width\" content=\"847\" \/>\n\t<meta property=\"og:image:height\" content=\"565\" \/>\n\t<meta property=\"og:image:type\" content=\"image\/jpeg\" \/>\n<meta name=\"author\" content=\"webzwin\" \/>\n<meta name=\"twitter:card\" content=\"summary_large_image\" \/>\n<meta name=\"twitter:creator\" content=\"@fiestaclasica\" \/>\n<meta name=\"twitter:site\" content=\"@fiestaclasica\" \/>\n<meta name=\"twitter:label1\" content=\"\u00c9crit par\" \/>\n\t<meta name=\"twitter:data1\" content=\"webzwin\" \/>\n\t<meta name=\"twitter:label2\" content=\"Dur\u00e9e de lecture estim\u00e9e\" \/>\n\t<meta name=\"twitter:data2\" content=\"2 minutes\" \/>\n<script type=\"application\/ld+json\" class=\"yoast-schema-graph\">{\"@context\":\"https:\/\/schema.org\",\"@graph\":[{\"@type\":\"Article\",\"@id\":\"https:\/\/www.fiestaclasica.org\/fr\/fiesta-clasica-la-fondation-engie-signent-un-partenariat-pour-3-ans\/#article\",\"isPartOf\":{\"@id\":\"https:\/\/www.fiestaclasica.org\/fr\/fiesta-clasica-la-fondation-engie-signent-un-partenariat-pour-3-ans\/\"},\"author\":{\"name\":\"webzwin\",\"@id\":\"https:\/\/www.fiestaclasica.org\/#\/schema\/person\/e8219b53c2a1c7e6b03ea5329053f8ac\"},\"headline\":\"Fiesta Cl\u00e1sica &#038; la Fondation ENGIE signent un partenariat pour 3 ans\",\"datePublished\":\"2018-04-16T12:47:15+00:00\",\"dateModified\":\"2021-09-30T12:59:26+00:00\",\"mainEntityOfPage\":{\"@id\":\"https:\/\/www.fiestaclasica.org\/fr\/fiesta-clasica-la-fondation-engie-signent-un-partenariat-pour-3-ans\/\"},\"wordCount\":322,\"commentCount\":0,\"publisher\":{\"@id\":\"https:\/\/www.fiestaclasica.org\/#organization\"},\"articleSection\":[\"Actualit\u00e9s\"],\"inLanguage\":\"fr-FR\",\"potentialAction\":[{\"@type\":\"CommentAction\",\"name\":\"Comment\",\"target\":[\"https:\/\/www.fiestaclasica.org\/fr\/fiesta-clasica-la-fondation-engie-signent-un-partenariat-pour-3-ans\/#respond\"]}]},{\"@type\":\"WebPage\",\"@id\":\"https:\/\/www.fiestaclasica.org\/fr\/fiesta-clasica-la-fondation-engie-signent-un-partenariat-pour-3-ans\/\",\"url\":\"https:\/\/www.fiestaclasica.org\/fr\/fiesta-clasica-la-fondation-engie-signent-un-partenariat-pour-3-ans\/\",\"name\":\"Fiesta Cl\u00e1sica & la Fondation ENGIE signent un partenariat pour 3 ans - Fiesta Clasica\",\"isPartOf\":{\"@id\":\"https:\/\/www.fiestaclasica.org\/#website\"},\"datePublished\":\"2018-04-16T12:47:15+00:00\",\"dateModified\":\"2021-09-30T12:59:26+00:00\",\"breadcrumb\":{\"@id\":\"https:\/\/www.fiestaclasica.org\/fr\/fiesta-clasica-la-fondation-engie-signent-un-partenariat-pour-3-ans\/#breadcrumb\"},\"inLanguage\":\"fr-FR\",\"potentialAction\":[{\"@type\":\"ReadAction\",\"target\":[\"https:\/\/www.fiestaclasica.org\/fr\/fiesta-clasica-la-fondation-engie-signent-un-partenariat-pour-3-ans\/\"]}]},{\"@type\":\"BreadcrumbList\",\"@id\":\"https:\/\/www.fiestaclasica.org\/fr\/fiesta-clasica-la-fondation-engie-signent-un-partenariat-pour-3-ans\/#breadcrumb\",\"itemListElement\":[{\"@type\":\"ListItem\",\"position\":1,\"name\":\"Portada\",\"item\":\"https:\/\/www.fiestaclasica.org\/fr\/\"},{\"@type\":\"ListItem\",\"position\":2,\"name\":\"Fiesta Cl\u00e1sica &#038; la Fondation ENGIE signent un partenariat pour 3 ans\"}]},{\"@type\":\"WebSite\",\"@id\":\"https:\/\/www.fiestaclasica.org\/#website\",\"url\":\"https:\/\/www.fiestaclasica.org\/\",\"name\":\"Fiesta Clasica\",\"description\":\"Fiesta Clasica\",\"publisher\":{\"@id\":\"https:\/\/www.fiestaclasica.org\/#organization\"},\"potentialAction\":[{\"@type\":\"SearchAction\",\"target\":{\"@type\":\"EntryPoint\",\"urlTemplate\":\"https:\/\/www.fiestaclasica.org\/?s={search_term_string}\"},\"query-input\":\"required name=search_term_string\"}],\"inLanguage\":\"fr-FR\"},{\"@type\":\"Organization\",\"@id\":\"https:\/\/www.fiestaclasica.org\/#organization\",\"name\":\"fiesta clasica\",\"url\":\"https:\/\/www.fiestaclasica.org\/\",\"logo\":{\"@type\":\"ImageObject\",\"inLanguage\":\"fr-FR\",\"@id\":\"https:\/\/www.fiestaclasica.org\/#\/schema\/logo\/image\/\",\"url\":\"https:\/\/www.fiestaclasica.org\/wp-content\/uploads\/2016\/04\/logo-FC-prensa.jpg\",\"contentUrl\":\"https:\/\/www.fiestaclasica.org\/wp-content\/uploads\/2016\/04\/logo-FC-prensa.jpg\",\"width\":449,\"height\":261,\"caption\":\"fiesta clasica\"},\"image\":{\"@id\":\"https:\/\/www.fiestaclasica.org\/#\/schema\/logo\/image\/\"},\"sameAs\":[\"https:\/\/www.facebook.com\/FiestaClasica\/\",\"https:\/\/twitter.com\/fiestaclasica\",\"https:\/\/www.instagram.com\/fiestaclasica\/\",\"https:\/\/www.youtube.com\/channel\/UCt82JYKhPM3Th7pNLCA7-xw\"]},{\"@type\":\"Person\",\"@id\":\"https:\/\/www.fiestaclasica.org\/#\/schema\/person\/e8219b53c2a1c7e6b03ea5329053f8ac\",\"name\":\"webzwin\",\"image\":{\"@type\":\"ImageObject\",\"inLanguage\":\"fr-FR\",\"@id\":\"https:\/\/www.fiestaclasica.org\/#\/schema\/person\/image\/\",\"url\":\"https:\/\/secure.gravatar.com\/avatar\/b61cecce942f25228da00c5f6ea9bef8?s=96&d=mm&r=g\",\"contentUrl\":\"https:\/\/secure.gravatar.com\/avatar\/b61cecce942f25228da00c5f6ea9bef8?s=96&d=mm&r=g\",\"caption\":\"webzwin\"},\"url\":\"https:\/\/www.fiestaclasica.org\/fr\/author\/webzwin\/\"}]}<\/script>\n<!-- \/ Yoast SEO plugin. -->","yoast_head_json":{"title":"Fiesta Cl\u00e1sica & la Fondation ENGIE signent un partenariat pour 3 ans - Fiesta Clasica","robots":{"index":"index","follow":"follow","max-snippet":"max-snippet:-1","max-image-preview":"max-image-preview:large","max-video-preview":"max-video-preview:-1"},"canonical":"https:\/\/www.fiestaclasica.org\/fr\/fiesta-clasica-la-fondation-engie-signent-un-partenariat-pour-3-ans\/","og_locale":"fr_FR","og_type":"article","og_title":"Fiesta Cl\u00e1sica & la Fondation ENGIE signent un partenariat pour 3 ans - Fiesta Clasica","og_description":"Nous avons le plaisir d\u2019annoncer que la Fondation Fiesta\u00a0Cl\u00e1sica\u00a0et la Fondation d\u2019Entreprise\u00a0ENGIE viennent de signer un accord de partenariat d\u2019une dur\u00e9e de trois ans. Cet accord porte sur la participation\u00a0de la Fondation ENGIE\u00a0au financement d\u2019un plan de d\u00e9veloppement de Fiesta\u00a0Cl\u00e1sica\u00a0baptis\u00e9 \u00ab\u202fD\u00e9veloppement-Phase 2\u202f\u00bb. Ce plan comprend en particulier la mise sur pieds d\u2019un orchestre symphonique pour&hellip;","og_url":"https:\/\/www.fiestaclasica.org\/fr\/fiesta-clasica-la-fondation-engie-signent-un-partenariat-pour-3-ans\/","og_site_name":"Fiesta Clasica","article_publisher":"https:\/\/www.facebook.com\/FiestaClasica\/","article_published_time":"2018-04-16T12:47:15+00:00","article_modified_time":"2021-09-30T12:59:26+00:00","og_image":[{"width":847,"height":565,"url":"https:\/\/www.fiestaclasica.org\/wp-content\/uploads\/2018\/04\/Engieok.jpg","type":"image\/jpeg"}],"author":"webzwin","twitter_card":"summary_large_image","twitter_creator":"@fiestaclasica","twitter_site":"@fiestaclasica","twitter_misc":{"\u00c9crit par":"webzwin","Dur\u00e9e de lecture estim\u00e9e":"2 minutes"},"schema":{"@context":"https:\/\/schema.org","@graph":[{"@type":"Article","@id":"https:\/\/www.fiestaclasica.org\/fr\/fiesta-clasica-la-fondation-engie-signent-un-partenariat-pour-3-ans\/#article","isPartOf":{"@id":"https:\/\/www.fiestaclasica.org\/fr\/fiesta-clasica-la-fondation-engie-signent-un-partenariat-pour-3-ans\/"},"author":{"name":"webzwin","@id":"https:\/\/www.fiestaclasica.org\/#\/schema\/person\/e8219b53c2a1c7e6b03ea5329053f8ac"},"headline":"Fiesta Cl\u00e1sica &#038; la Fondation ENGIE signent un partenariat pour 3 ans","datePublished":"2018-04-16T12:47:15+00:00","dateModified":"2021-09-30T12:59:26+00:00","mainEntityOfPage":{"@id":"https:\/\/www.fiestaclasica.org\/fr\/fiesta-clasica-la-fondation-engie-signent-un-partenariat-pour-3-ans\/"},"wordCount":322,"commentCount":0,"publisher":{"@id":"https:\/\/www.fiestaclasica.org\/#organization"},"articleSection":["Actualit\u00e9s"],"inLanguage":"fr-FR","potentialAction":[{"@type":"CommentAction","name":"Comment","target":["https:\/\/www.fiestaclasica.org\/fr\/fiesta-clasica-la-fondation-engie-signent-un-partenariat-pour-3-ans\/#respond"]}]},{"@type":"WebPage","@id":"https:\/\/www.fiestaclasica.org\/fr\/fiesta-clasica-la-fondation-engie-signent-un-partenariat-pour-3-ans\/","url":"https:\/\/www.fiestaclasica.org\/fr\/fiesta-clasica-la-fondation-engie-signent-un-partenariat-pour-3-ans\/","name":"Fiesta Cl\u00e1sica & la Fondation ENGIE signent un partenariat pour 3 ans - Fiesta Clasica","isPartOf":{"@id":"https:\/\/www.fiestaclasica.org\/#website"},"datePublished":"2018-04-16T12:47:15+00:00","dateModified":"2021-09-30T12:59:26+00:00","breadcrumb":{"@id":"https:\/\/www.fiestaclasica.org\/fr\/fiesta-clasica-la-fondation-engie-signent-un-partenariat-pour-3-ans\/#breadcrumb"},"inLanguage":"fr-FR","potentialAction":[{"@type":"ReadAction","target":["https:\/\/www.fiestaclasica.org\/fr\/fiesta-clasica-la-fondation-engie-signent-un-partenariat-pour-3-ans\/"]}]},{"@type":"BreadcrumbList","@id":"https:\/\/www.fiestaclasica.org\/fr\/fiesta-clasica-la-fondation-engie-signent-un-partenariat-pour-3-ans\/#breadcrumb","itemListElement":[{"@type":"ListItem","position":1,"name":"Portada","item":"https:\/\/www.fiestaclasica.org\/fr\/"},{"@type":"ListItem","position":2,"name":"Fiesta Cl\u00e1sica &#038; la Fondation ENGIE signent un partenariat pour 3 ans"}]},{"@type":"WebSite","@id":"https:\/\/www.fiestaclasica.org\/#website","url":"https:\/\/www.fiestaclasica.org\/","name":"Fiesta Clasica","description":"Fiesta Clasica","publisher":{"@id":"https:\/\/www.fiestaclasica.org\/#organization"},"potentialAction":[{"@type":"SearchAction","target":{"@type":"EntryPoint","urlTemplate":"https:\/\/www.fiestaclasica.org\/?s={search_term_string}"},"query-input":"required name=search_term_string"}],"inLanguage":"fr-FR"},{"@type":"Organization","@id":"https:\/\/www.fiestaclasica.org\/#organization","name":"fiesta clasica","url":"https:\/\/www.fiestaclasica.org\/","logo":{"@type":"ImageObject","inLanguage":"fr-FR","@id":"https:\/\/www.fiestaclasica.org\/#\/schema\/logo\/image\/","url":"https:\/\/www.fiestaclasica.org\/wp-content\/uploads\/2016\/04\/logo-FC-prensa.jpg","contentUrl":"https:\/\/www.fiestaclasica.org\/wp-content\/uploads\/2016\/04\/logo-FC-prensa.jpg","width":449,"height":261,"caption":"fiesta clasica"},"image":{"@id":"https:\/\/www.fiestaclasica.org\/#\/schema\/logo\/image\/"},"sameAs":["https:\/\/www.facebook.com\/FiestaClasica\/","https:\/\/twitter.com\/fiestaclasica","https:\/\/www.instagram.com\/fiestaclasica\/","https:\/\/www.youtube.com\/channel\/UCt82JYKhPM3Th7pNLCA7-xw"]},{"@type":"Person","@id":"https:\/\/www.fiestaclasica.org\/#\/schema\/person\/e8219b53c2a1c7e6b03ea5329053f8ac","name":"webzwin","image":{"@type":"ImageObject","inLanguage":"fr-FR","@id":"https:\/\/www.fiestaclasica.org\/#\/schema\/person\/image\/","url":"https:\/\/secure.gravatar.com\/avatar\/b61cecce942f25228da00c5f6ea9bef8?s=96&d=mm&r=g","contentUrl":"https:\/\/secure.gravatar.com\/avatar\/b61cecce942f25228da00c5f6ea9bef8?s=96&d=mm&r=g","caption":"webzwin"},"url":"https:\/\/www.fiestaclasica.org\/fr\/author\/webzwin\/"}]}},"_links":{"self":[{"href":"https:\/\/www.fiestaclasica.org\/fr\/wp-json\/wp\/v2\/posts\/2389\/"}],"collection":[{"href":"https:\/\/www.fiestaclasica.org\/fr\/wp-json\/wp\/v2\/posts\/"}],"about":[{"href":"https:\/\/www.fiestaclasica.org\/fr\/wp-json\/wp\/v2\/types\/post\/"}],"author":[{"embeddable":true,"href":"https:\/\/www.fiestaclasica.org\/fr\/wp-json\/wp\/v2\/users\/1\/"}],"replies":[{"embeddable":true,"href":"https:\/\/www.fiestaclasica.org\/fr\/wp-json\/wp\/v2\/comments\/?post=2389"}],"version-history":[{"count":5,"href":"https:\/\/www.fiestaclasica.org\/fr\/wp-json\/wp\/v2\/posts\/2389\/revisions\/"}],"predecessor-version":[{"id":11679,"href":"https:\/\/www.fiestaclasica.org\/fr\/wp-json\/wp\/v2\/posts\/2389\/revisions\/11679\/"}],"wp:featuredmedia":[{"embeddable":true,"href":"https:\/\/www.fiestaclasica.org\/fr\/wp-json\/wp\/v2\/media\/2770\/"}],"wp:attachment":[{"href":"https:\/\/www.fiestaclasica.org\/fr\/wp-json\/wp\/v2\/media\/?parent=2389"}],"wp:term":[{"taxonomy":"category","embeddable":true,"href":"https:\/\/www.fiestaclasica.org\/fr\/wp-json\/wp\/v2\/categories\/?post=2389"},{"taxonomy":"post_tag","embeddable":true,"href":"https:\/\/www.fiestaclasica.org\/fr\/wp-json\/wp\/v2\/tags\/?post=2389"},{"taxonomy":"post_series","embeddable":true,"href":"https:\/\/www.fiestaclasica.org\/fr\/wp-json\/wp\/v2\/post_series\/?post=2389"}],"curies":[{"name":"wp","href":"https:\/\/api.w.org\/{rel}","templated":true}]}}