{"id":12764,"date":"2022-08-27T12:17:10","date_gmt":"2022-08-27T16:17:10","guid":{"rendered":"https:\/\/www.fiestaclasica.org\/?p=12764"},"modified":"2023-04-10T12:28:45","modified_gmt":"2023-04-10T16:28:45","slug":"juliette-flaquer-recompensee-en-autriche-et-en-angleterre","status":"publish","type":"post","link":"https:\/\/www.fiestaclasica.org\/fr\/juliette-flaquer-recompensee-en-autriche-et-en-angleterre\/","title":{"rendered":"Juliette Flaquer r\u00e9compens\u00e9e en Autriche et en Angleterre"},"content":{"rendered":"[vc_row][vc_column]<div class=\"wpex-slider-preloaderimg wpex-relative\"><img width=\"1200\" height=\"849\" src=\"https:\/\/www.fiestaclasica.org\/wp-content\/uploads\/2023\/04\/Copia-de-LIMC2022FourthPrizeJulietteMarcelaFlaquerBuret.jpg\" class=\"skip-lazy\" alt=\"\" decoding=\"async\" data-no-lazy=\"1\" srcset=\"https:\/\/www.fiestaclasica.org\/wp-content\/uploads\/2023\/04\/Copia-de-LIMC2022FourthPrizeJulietteMarcelaFlaquerBuret.jpg 1200w, https:\/\/www.fiestaclasica.org\/wp-content\/uploads\/2023\/04\/Copia-de-LIMC2022FourthPrizeJulietteMarcelaFlaquerBuret-300x212.jpg 300w, https:\/\/www.fiestaclasica.org\/wp-content\/uploads\/2023\/04\/Copia-de-LIMC2022FourthPrizeJulietteMarcelaFlaquerBuret-1024x724.jpg 1024w, https:\/\/www.fiestaclasica.org\/wp-content\/uploads\/2023\/04\/Copia-de-LIMC2022FourthPrizeJulietteMarcelaFlaquerBuret-768x543.jpg 768w\" sizes=\"(max-width: 1200px) 100vw, 1200px\" \/><\/div><div class=\"vcex-module wpex-slider slider-pro vcex-image-slider wpex-clr\" data-auto-play-delay=\"5000\" data-buttons=\"false\" data-thumbnails=\"true\" data-animation-speed=\"600\" data-height-animation-duration=\"500\" data-thumbnail-height=\"70\" data-thumbnail-width=\"70\"><div class=\"wpex-slider-slides sp-slides\"><div class=\"wpex-slider-slide sp-slide\"><div class=\"wpex-slider-media\"><img width=\"1200\" height=\"849\" src=\"https:\/\/www.fiestaclasica.org\/wp-content\/uploads\/2023\/04\/Copia-de-LIMC2022FourthPrizeJulietteMarcelaFlaquerBuret.jpg\" class=\"skip-lazy\" alt=\"\" decoding=\"async\" data-no-lazy=\"1\" srcset=\"https:\/\/www.fiestaclasica.org\/wp-content\/uploads\/2023\/04\/Copia-de-LIMC2022FourthPrizeJulietteMarcelaFlaquerBuret.jpg 1200w, https:\/\/www.fiestaclasica.org\/wp-content\/uploads\/2023\/04\/Copia-de-LIMC2022FourthPrizeJulietteMarcelaFlaquerBuret-300x212.jpg 300w, https:\/\/www.fiestaclasica.org\/wp-content\/uploads\/2023\/04\/Copia-de-LIMC2022FourthPrizeJulietteMarcelaFlaquerBuret-1024x724.jpg 1024w, https:\/\/www.fiestaclasica.org\/wp-content\/uploads\/2023\/04\/Copia-de-LIMC2022FourthPrizeJulietteMarcelaFlaquerBuret-768x543.jpg 768w\" sizes=\"(max-width: 1200px) 100vw, 1200px\" \/><\/div><\/div><div class=\"wpex-slider-slide sp-slide\"><div class=\"wpex-slider-media\"><img width=\"419\" height=\"629\" src=\"https:\/\/www.fiestaclasica.org\/wp-content\/uploads\/2023\/04\/Copia-de-JulietteFlaquer.png\" class=\"skip-lazy\" alt=\"\" decoding=\"async\" data-no-lazy=\"1\" srcset=\"https:\/\/www.fiestaclasica.org\/wp-content\/uploads\/2023\/04\/Copia-de-JulietteFlaquer.png 419w, https:\/\/www.fiestaclasica.org\/wp-content\/uploads\/2023\/04\/Copia-de-JulietteFlaquer-200x300.png 200w\" sizes=\"(max-width: 419px) 100vw, 419px\" \/><\/div><\/div><div class=\"wpex-slider-slide sp-slide\"><div class=\"wpex-slider-media\"><img width=\"849\" height=\"1200\" src=\"https:\/\/www.fiestaclasica.org\/wp-content\/uploads\/2023\/04\/Copia-de-HonoraryMentionBYMCJulietteM.FlaquerBuret.jpg\" class=\"skip-lazy\" alt=\"\" decoding=\"async\" data-no-lazy=\"1\" srcset=\"https:\/\/www.fiestaclasica.org\/wp-content\/uploads\/2023\/04\/Copia-de-HonoraryMentionBYMCJulietteM.FlaquerBuret.jpg 849w, https:\/\/www.fiestaclasica.org\/wp-content\/uploads\/2023\/04\/Copia-de-HonoraryMentionBYMCJulietteM.FlaquerBuret-212x300.jpg 212w, https:\/\/www.fiestaclasica.org\/wp-content\/uploads\/2023\/04\/Copia-de-HonoraryMentionBYMCJulietteM.FlaquerBuret-724x1024.jpg 724w, https:\/\/www.fiestaclasica.org\/wp-content\/uploads\/2023\/04\/Copia-de-HonoraryMentionBYMCJulietteM.FlaquerBuret-768x1086.jpg 768w\" sizes=\"(max-width: 849px) 100vw, 849px\" \/><\/div><\/div><div class=\"wpex-slider-slide sp-slide\"><div class=\"wpex-slider-media\"><img width=\"1080\" height=\"1080\" src=\"https:\/\/www.fiestaclasica.org\/wp-content\/uploads\/2023\/04\/296101224_2831708920470431_452073905058059355_n.jpg\" class=\"skip-lazy\" alt=\"\" decoding=\"async\" data-no-lazy=\"1\" srcset=\"https:\/\/www.fiestaclasica.org\/wp-content\/uploads\/2023\/04\/296101224_2831708920470431_452073905058059355_n.jpg 1080w, https:\/\/www.fiestaclasica.org\/wp-content\/uploads\/2023\/04\/296101224_2831708920470431_452073905058059355_n-300x300.jpg 300w, https:\/\/www.fiestaclasica.org\/wp-content\/uploads\/2023\/04\/296101224_2831708920470431_452073905058059355_n-1024x1024.jpg 1024w, https:\/\/www.fiestaclasica.org\/wp-content\/uploads\/2023\/04\/296101224_2831708920470431_452073905058059355_n-150x150.jpg 150w, https:\/\/www.fiestaclasica.org\/wp-content\/uploads\/2023\/04\/296101224_2831708920470431_452073905058059355_n-768x768.jpg 768w, https:\/\/www.fiestaclasica.org\/wp-content\/uploads\/2023\/04\/296101224_2831708920470431_452073905058059355_n-125x125.jpg 125w\" sizes=\"(max-width: 1080px) 100vw, 1080px\" \/><\/div><\/div><div class=\"wpex-slider-slide sp-slide\"><div class=\"wpex-slider-media\"><img width=\"828\" height=\"828\" src=\"https:\/\/www.fiestaclasica.org\/wp-content\/uploads\/2023\/04\/295649705_2830406870600636_3227394151664941260_n.jpg\" class=\"skip-lazy\" alt=\"\" decoding=\"async\" data-no-lazy=\"1\" srcset=\"https:\/\/www.fiestaclasica.org\/wp-content\/uploads\/2023\/04\/295649705_2830406870600636_3227394151664941260_n.jpg 828w, https:\/\/www.fiestaclasica.org\/wp-content\/uploads\/2023\/04\/295649705_2830406870600636_3227394151664941260_n-300x300.jpg 300w, https:\/\/www.fiestaclasica.org\/wp-content\/uploads\/2023\/04\/295649705_2830406870600636_3227394151664941260_n-150x150.jpg 150w, https:\/\/www.fiestaclasica.org\/wp-content\/uploads\/2023\/04\/295649705_2830406870600636_3227394151664941260_n-768x768.jpg 768w, https:\/\/www.fiestaclasica.org\/wp-content\/uploads\/2023\/04\/295649705_2830406870600636_3227394151664941260_n-125x125.jpg 125w\" sizes=\"(max-width: 828px) 100vw, 828px\" \/><\/div><\/div><\/div><div class=\"wpex-slider-thumbnails sp-thumbnails\"><img width=\"1200\" height=\"849\" src=\"https:\/\/www.fiestaclasica.org\/wp-content\/uploads\/2023\/04\/Copia-de-LIMC2022FourthPrizeJulietteMarcelaFlaquerBuret.jpg\" class=\"wpex-slider-thumbnail sp-thumbnail skip-lazy\" alt=\"\" decoding=\"async\" data-no-lazy=\"1\" srcset=\"https:\/\/www.fiestaclasica.org\/wp-content\/uploads\/2023\/04\/Copia-de-LIMC2022FourthPrizeJulietteMarcelaFlaquerBuret.jpg 1200w, https:\/\/www.fiestaclasica.org\/wp-content\/uploads\/2023\/04\/Copia-de-LIMC2022FourthPrizeJulietteMarcelaFlaquerBuret-300x212.jpg 300w, https:\/\/www.fiestaclasica.org\/wp-content\/uploads\/2023\/04\/Copia-de-LIMC2022FourthPrizeJulietteMarcelaFlaquerBuret-1024x724.jpg 1024w, https:\/\/www.fiestaclasica.org\/wp-content\/uploads\/2023\/04\/Copia-de-LIMC2022FourthPrizeJulietteMarcelaFlaquerBuret-768x543.jpg 768w\" sizes=\"(max-width: 1200px) 100vw, 1200px\" \/><img width=\"419\" height=\"629\" src=\"https:\/\/www.fiestaclasica.org\/wp-content\/uploads\/2023\/04\/Copia-de-JulietteFlaquer.png\" class=\"wpex-slider-thumbnail sp-thumbnail skip-lazy\" alt=\"\" decoding=\"async\" data-no-lazy=\"1\" srcset=\"https:\/\/www.fiestaclasica.org\/wp-content\/uploads\/2023\/04\/Copia-de-JulietteFlaquer.png 419w, https:\/\/www.fiestaclasica.org\/wp-content\/uploads\/2023\/04\/Copia-de-JulietteFlaquer-200x300.png 200w\" sizes=\"(max-width: 419px) 100vw, 419px\" \/><img width=\"849\" height=\"1200\" src=\"https:\/\/www.fiestaclasica.org\/wp-content\/uploads\/2023\/04\/Copia-de-HonoraryMentionBYMCJulietteM.FlaquerBuret.jpg\" class=\"wpex-slider-thumbnail sp-thumbnail skip-lazy\" alt=\"\" decoding=\"async\" data-no-lazy=\"1\" srcset=\"https:\/\/www.fiestaclasica.org\/wp-content\/uploads\/2023\/04\/Copia-de-HonoraryMentionBYMCJulietteM.FlaquerBuret.jpg 849w, https:\/\/www.fiestaclasica.org\/wp-content\/uploads\/2023\/04\/Copia-de-HonoraryMentionBYMCJulietteM.FlaquerBuret-212x300.jpg 212w, https:\/\/www.fiestaclasica.org\/wp-content\/uploads\/2023\/04\/Copia-de-HonoraryMentionBYMCJulietteM.FlaquerBuret-724x1024.jpg 724w, https:\/\/www.fiestaclasica.org\/wp-content\/uploads\/2023\/04\/Copia-de-HonoraryMentionBYMCJulietteM.FlaquerBuret-768x1086.jpg 768w\" sizes=\"(max-width: 849px) 100vw, 849px\" \/><img width=\"1080\" height=\"1080\" src=\"https:\/\/www.fiestaclasica.org\/wp-content\/uploads\/2023\/04\/296101224_2831708920470431_452073905058059355_n.jpg\" class=\"wpex-slider-thumbnail sp-thumbnail skip-lazy\" alt=\"\" decoding=\"async\" data-no-lazy=\"1\" srcset=\"https:\/\/www.fiestaclasica.org\/wp-content\/uploads\/2023\/04\/296101224_2831708920470431_452073905058059355_n.jpg 1080w, https:\/\/www.fiestaclasica.org\/wp-content\/uploads\/2023\/04\/296101224_2831708920470431_452073905058059355_n-300x300.jpg 300w, https:\/\/www.fiestaclasica.org\/wp-content\/uploads\/2023\/04\/296101224_2831708920470431_452073905058059355_n-1024x1024.jpg 1024w, https:\/\/www.fiestaclasica.org\/wp-content\/uploads\/2023\/04\/296101224_2831708920470431_452073905058059355_n-150x150.jpg 150w, https:\/\/www.fiestaclasica.org\/wp-content\/uploads\/2023\/04\/296101224_2831708920470431_452073905058059355_n-768x768.jpg 768w, https:\/\/www.fiestaclasica.org\/wp-content\/uploads\/2023\/04\/296101224_2831708920470431_452073905058059355_n-125x125.jpg 125w\" sizes=\"(max-width: 1080px) 100vw, 1080px\" \/><img width=\"828\" height=\"828\" src=\"https:\/\/www.fiestaclasica.org\/wp-content\/uploads\/2023\/04\/295649705_2830406870600636_3227394151664941260_n.jpg\" class=\"wpex-slider-thumbnail sp-thumbnail skip-lazy\" alt=\"\" decoding=\"async\" data-no-lazy=\"1\" srcset=\"https:\/\/www.fiestaclasica.org\/wp-content\/uploads\/2023\/04\/295649705_2830406870600636_3227394151664941260_n.jpg 828w, https:\/\/www.fiestaclasica.org\/wp-content\/uploads\/2023\/04\/295649705_2830406870600636_3227394151664941260_n-300x300.jpg 300w, https:\/\/www.fiestaclasica.org\/wp-content\/uploads\/2023\/04\/295649705_2830406870600636_3227394151664941260_n-150x150.jpg 150w, https:\/\/www.fiestaclasica.org\/wp-content\/uploads\/2023\/04\/295649705_2830406870600636_3227394151664941260_n-768x768.jpg 768w, https:\/\/www.fiestaclasica.org\/wp-content\/uploads\/2023\/04\/295649705_2830406870600636_3227394151664941260_n-125x125.jpg 125w\" sizes=\"(max-width: 828px) 100vw, 828px\" \/><\/div><\/div>[\/vc_column][\/vc_row][vc_row][vc_column][vc_column_text]Saint-Domingue, 27 ao\u00fbt 2022<\/p>\n<p>Notre violoniste Juliette Flaquer a particip\u00e9 \u00e0 deux concours internationaux et a \u00e9t\u00e9 r\u00e9compens\u00e9e \u00e0 deux reprises :<\/p>\n<p>&#8211; Quatri\u00e8me prix au \u00ab\u00a0London International Music Competition\u00a0\u00bb (Ingletera)<br \/>\n&#8211; Mention d&rsquo;honneur au \u00ab\u00a0Beethoven Young Musician Competition\u00a0\u00bb \u00e0 Vienne (Autriche).<\/p>\n<p>F\u00e9licitations \u00e0 Juliette et \u00e0 son professeur le Maestro Efrain Lara.<\/p>\n<p>Juliette Marcela Flaquer Buret, jeune violoniste dominicaine de douze ans, a commenc\u00e9 ses \u00e9tudes musicales \u00e0 l&rsquo;\u00e2ge de sept ans \u00e0 la Fundaci\u00f3n Fiesta Cl\u00e1sica. \u00c0 ce jour, elle s&rsquo;est produite trois fois en tant que soliste avec l&rsquo;Orchestre symphonique des jeunes de la Fondation, dont elle est la concertino. Juliette a \u00e9t\u00e9 r\u00e9compens\u00e9e par le prix \u00ab\u00a0Outstanding Participant\u00a0\u00bb lors des Junior Masterclasses de la deuxi\u00e8me clinique de technique du violon, d&rsquo;interpr\u00e9tation et d&rsquo;histoire de la musique enseign\u00e9e par Aisha Syed et a obtenu des distinctions lors des examens internationaux de l&rsquo;Associated Board of the Royal Schools of Music (ABRSM) de Londres (Grande-Bretagne). Juliette \u00e9tudie avec le professeur Efra\u00edn Lara, p\u00e9dagogue et violoniste v\u00e9n\u00e9zu\u00e9lien de renomm\u00e9e internationale, et a particip\u00e9 \u00e0 plusieurs masterclasses avec le violoniste Nemanja Radulovic. Elle joue actuellement en tant qu\u2019invit\u00e9e \u00e0 l&rsquo;orchestre philharmonique d&rsquo;Hispaniola.<\/p>\n<p>\u00ab\u00a0Mon objectif est de pouvoir explorer et d\u00e9velopper mes capacit\u00e9s instrumentales pour repr\u00e9senter mon pays et les Cara\u00efbes sur la sc\u00e8ne internationale\u00a0\u00bb.[\/vc_column_text][\/vc_column][\/vc_row]\n","protected":false},"excerpt":{"rendered":"<p>[vc_row][vc_column][\/vc_column][\/vc_row][vc_row][vc_column][vc_column_text]Saint-Domingue, 27 ao\u00fbt 2022 Notre violoniste Juliette Flaquer a particip\u00e9 \u00e0 deux concours internationaux et a \u00e9t\u00e9 r\u00e9compens\u00e9e \u00e0 deux reprises : &#8211; Quatri\u00e8me prix au \u00ab\u00a0London International Music Competition\u00a0\u00bb (Ingletera) &#8211; Mention d&rsquo;honneur au \u00ab\u00a0Beethoven Young Musician Competition\u00a0\u00bb \u00e0 Vienne (Autriche). F\u00e9licitations \u00e0 Juliette et \u00e0 son professeur le Maestro Efrain Lara. Juliette Marcela&hellip;<\/p>\n","protected":false},"author":3,"featured_media":12759,"comment_status":"open","ping_status":"open","sticky":false,"template":"","format":"standard","meta":[],"categories":[7],"tags":[190],"post_series":[],"yoast_head":"<!-- This site is optimized with the Yoast SEO plugin v20.7 - https:\/\/yoast.com\/wordpress\/plugins\/seo\/ -->\n<title>Juliette Flaquer r\u00e9compens\u00e9e en Autriche et en Angleterre - Fiesta Clasica<\/title>\n<meta name=\"robots\" content=\"index, follow, max-snippet:-1, max-image-preview:large, max-video-preview:-1\" \/>\n<link rel=\"canonical\" href=\"https:\/\/www.fiestaclasica.org\/fr\/juliette-flaquer-recompensee-en-autriche-et-en-angleterre\/\" \/>\n<meta property=\"og:locale\" content=\"fr_FR\" \/>\n<meta property=\"og:type\" content=\"article\" \/>\n<meta property=\"og:title\" content=\"Juliette Flaquer r\u00e9compens\u00e9e en Autriche et en Angleterre - Fiesta Clasica\" \/>\n<meta property=\"og:description\" content=\"[vc_row][vc_column][\/vc_column][\/vc_row][vc_row][vc_column][vc_column_text]Saint-Domingue, 27 ao\u00fbt 2022 Notre violoniste Juliette Flaquer a particip\u00e9 \u00e0 deux concours internationaux et a \u00e9t\u00e9 r\u00e9compens\u00e9e \u00e0 deux reprises : &#8211; Quatri\u00e8me prix au \u00ab\u00a0London International Music Competition\u00a0\u00bb (Ingletera) &#8211; Mention d&rsquo;honneur au \u00ab\u00a0Beethoven Young Musician Competition\u00a0\u00bb \u00e0 Vienne (Autriche). F\u00e9licitations \u00e0 Juliette et \u00e0 son professeur le Maestro Efrain Lara. Juliette Marcela&hellip;\" \/>\n<meta property=\"og:url\" content=\"https:\/\/www.fiestaclasica.org\/fr\/juliette-flaquer-recompensee-en-autriche-et-en-angleterre\/\" \/>\n<meta property=\"og:site_name\" content=\"Fiesta Clasica\" \/>\n<meta property=\"article:publisher\" content=\"https:\/\/www.facebook.com\/FiestaClasica\/\" \/>\n<meta property=\"article:published_time\" content=\"2022-08-27T16:17:10+00:00\" \/>\n<meta property=\"article:modified_time\" content=\"2023-04-10T16:28:45+00:00\" \/>\n<meta property=\"og:image\" content=\"http:\/\/www.fiestaclasica.org\/wp-content\/uploads\/2023\/04\/juliette-00.jpg\" \/>\n\t<meta property=\"og:image:width\" content=\"1200\" \/>\n\t<meta property=\"og:image:height\" content=\"800\" \/>\n\t<meta property=\"og:image:type\" content=\"image\/jpeg\" \/>\n<meta name=\"author\" content=\"franck\" \/>\n<meta name=\"twitter:card\" content=\"summary_large_image\" \/>\n<meta name=\"twitter:creator\" content=\"@fiestaclasica\" \/>\n<meta name=\"twitter:site\" content=\"@fiestaclasica\" \/>\n<meta name=\"twitter:label1\" content=\"\u00c9crit par\" \/>\n\t<meta name=\"twitter:data1\" content=\"franck\" \/>\n\t<meta name=\"twitter:label2\" content=\"Dur\u00e9e de lecture estim\u00e9e\" \/>\n\t<meta name=\"twitter:data2\" content=\"1 minute\" \/>\n<script type=\"application\/ld+json\" class=\"yoast-schema-graph\">{\"@context\":\"https:\/\/schema.org\",\"@graph\":[{\"@type\":\"Article\",\"@id\":\"https:\/\/www.fiestaclasica.org\/fr\/juliette-flaquer-recompensee-en-autriche-et-en-angleterre\/#article\",\"isPartOf\":{\"@id\":\"https:\/\/www.fiestaclasica.org\/fr\/juliette-flaquer-recompensee-en-autriche-et-en-angleterre\/\"},\"author\":{\"name\":\"franck\",\"@id\":\"https:\/\/www.fiestaclasica.org\/#\/schema\/person\/eef6c015d54f7abaf15ab423eea8e2cb\"},\"headline\":\"Juliette Flaquer r\u00e9compens\u00e9e en Autriche et en Angleterre\",\"datePublished\":\"2022-08-27T16:17:10+00:00\",\"dateModified\":\"2023-04-10T16:28:45+00:00\",\"mainEntityOfPage\":{\"@id\":\"https:\/\/www.fiestaclasica.org\/fr\/juliette-flaquer-recompensee-en-autriche-et-en-angleterre\/\"},\"wordCount\":268,\"commentCount\":0,\"publisher\":{\"@id\":\"https:\/\/www.fiestaclasica.org\/#organization\"},\"keywords\":[\"Juliette Flaquer\"],\"articleSection\":[\"Non classifi\u00e9e\"],\"inLanguage\":\"fr-FR\",\"potentialAction\":[{\"@type\":\"CommentAction\",\"name\":\"Comment\",\"target\":[\"https:\/\/www.fiestaclasica.org\/fr\/juliette-flaquer-recompensee-en-autriche-et-en-angleterre\/#respond\"]}]},{\"@type\":\"WebPage\",\"@id\":\"https:\/\/www.fiestaclasica.org\/fr\/juliette-flaquer-recompensee-en-autriche-et-en-angleterre\/\",\"url\":\"https:\/\/www.fiestaclasica.org\/fr\/juliette-flaquer-recompensee-en-autriche-et-en-angleterre\/\",\"name\":\"Juliette Flaquer r\u00e9compens\u00e9e en Autriche et en Angleterre - Fiesta Clasica\",\"isPartOf\":{\"@id\":\"https:\/\/www.fiestaclasica.org\/#website\"},\"datePublished\":\"2022-08-27T16:17:10+00:00\",\"dateModified\":\"2023-04-10T16:28:45+00:00\",\"breadcrumb\":{\"@id\":\"https:\/\/www.fiestaclasica.org\/fr\/juliette-flaquer-recompensee-en-autriche-et-en-angleterre\/#breadcrumb\"},\"inLanguage\":\"fr-FR\",\"potentialAction\":[{\"@type\":\"ReadAction\",\"target\":[\"https:\/\/www.fiestaclasica.org\/fr\/juliette-flaquer-recompensee-en-autriche-et-en-angleterre\/\"]}]},{\"@type\":\"BreadcrumbList\",\"@id\":\"https:\/\/www.fiestaclasica.org\/fr\/juliette-flaquer-recompensee-en-autriche-et-en-angleterre\/#breadcrumb\",\"itemListElement\":[{\"@type\":\"ListItem\",\"position\":1,\"name\":\"Portada\",\"item\":\"https:\/\/www.fiestaclasica.org\/fr\/\"},{\"@type\":\"ListItem\",\"position\":2,\"name\":\"Juliette Flaquer r\u00e9compens\u00e9e en Autriche et en Angleterre\"}]},{\"@type\":\"WebSite\",\"@id\":\"https:\/\/www.fiestaclasica.org\/#website\",\"url\":\"https:\/\/www.fiestaclasica.org\/\",\"name\":\"Fiesta Clasica\",\"description\":\"Fiesta Clasica\",\"publisher\":{\"@id\":\"https:\/\/www.fiestaclasica.org\/#organization\"},\"potentialAction\":[{\"@type\":\"SearchAction\",\"target\":{\"@type\":\"EntryPoint\",\"urlTemplate\":\"https:\/\/www.fiestaclasica.org\/?s={search_term_string}\"},\"query-input\":\"required name=search_term_string\"}],\"inLanguage\":\"fr-FR\"},{\"@type\":\"Organization\",\"@id\":\"https:\/\/www.fiestaclasica.org\/#organization\",\"name\":\"fiesta clasica\",\"url\":\"https:\/\/www.fiestaclasica.org\/\",\"logo\":{\"@type\":\"ImageObject\",\"inLanguage\":\"fr-FR\",\"@id\":\"https:\/\/www.fiestaclasica.org\/#\/schema\/logo\/image\/\",\"url\":\"https:\/\/www.fiestaclasica.org\/wp-content\/uploads\/2016\/04\/logo-FC-prensa.jpg\",\"contentUrl\":\"https:\/\/www.fiestaclasica.org\/wp-content\/uploads\/2016\/04\/logo-FC-prensa.jpg\",\"width\":449,\"height\":261,\"caption\":\"fiesta clasica\"},\"image\":{\"@id\":\"https:\/\/www.fiestaclasica.org\/#\/schema\/logo\/image\/\"},\"sameAs\":[\"https:\/\/www.facebook.com\/FiestaClasica\/\",\"https:\/\/twitter.com\/fiestaclasica\",\"https:\/\/www.instagram.com\/fiestaclasica\/\",\"https:\/\/www.youtube.com\/channel\/UCt82JYKhPM3Th7pNLCA7-xw\"]},{\"@type\":\"Person\",\"@id\":\"https:\/\/www.fiestaclasica.org\/#\/schema\/person\/eef6c015d54f7abaf15ab423eea8e2cb\",\"name\":\"franck\",\"image\":{\"@type\":\"ImageObject\",\"inLanguage\":\"fr-FR\",\"@id\":\"https:\/\/www.fiestaclasica.org\/#\/schema\/person\/image\/\",\"url\":\"https:\/\/secure.gravatar.com\/avatar\/7c772a983d393adbc6e0585fac01e1ff?s=96&d=mm&r=g\",\"contentUrl\":\"https:\/\/secure.gravatar.com\/avatar\/7c772a983d393adbc6e0585fac01e1ff?s=96&d=mm&r=g\",\"caption\":\"franck\"},\"url\":\"https:\/\/www.fiestaclasica.org\/fr\/author\/franck\/\"}]}<\/script>\n<!-- \/ Yoast SEO plugin. -->","yoast_head_json":{"title":"Juliette Flaquer r\u00e9compens\u00e9e en Autriche et en Angleterre - Fiesta Clasica","robots":{"index":"index","follow":"follow","max-snippet":"max-snippet:-1","max-image-preview":"max-image-preview:large","max-video-preview":"max-video-preview:-1"},"canonical":"https:\/\/www.fiestaclasica.org\/fr\/juliette-flaquer-recompensee-en-autriche-et-en-angleterre\/","og_locale":"fr_FR","og_type":"article","og_title":"Juliette Flaquer r\u00e9compens\u00e9e en Autriche et en Angleterre - Fiesta Clasica","og_description":"[vc_row][vc_column][\/vc_column][\/vc_row][vc_row][vc_column][vc_column_text]Saint-Domingue, 27 ao\u00fbt 2022 Notre violoniste Juliette Flaquer a particip\u00e9 \u00e0 deux concours internationaux et a \u00e9t\u00e9 r\u00e9compens\u00e9e \u00e0 deux reprises : &#8211; Quatri\u00e8me prix au \u00ab\u00a0London International Music Competition\u00a0\u00bb (Ingletera) &#8211; Mention d&rsquo;honneur au \u00ab\u00a0Beethoven Young Musician Competition\u00a0\u00bb \u00e0 Vienne (Autriche). F\u00e9licitations \u00e0 Juliette et \u00e0 son professeur le Maestro Efrain Lara. Juliette Marcela&hellip;","og_url":"https:\/\/www.fiestaclasica.org\/fr\/juliette-flaquer-recompensee-en-autriche-et-en-angleterre\/","og_site_name":"Fiesta Clasica","article_publisher":"https:\/\/www.facebook.com\/FiestaClasica\/","article_published_time":"2022-08-27T16:17:10+00:00","article_modified_time":"2023-04-10T16:28:45+00:00","og_image":[{"width":1200,"height":800,"url":"http:\/\/www.fiestaclasica.org\/wp-content\/uploads\/2023\/04\/juliette-00.jpg","type":"image\/jpeg"}],"author":"franck","twitter_card":"summary_large_image","twitter_creator":"@fiestaclasica","twitter_site":"@fiestaclasica","twitter_misc":{"\u00c9crit par":"franck","Dur\u00e9e de lecture estim\u00e9e":"1 minute"},"schema":{"@context":"https:\/\/schema.org","@graph":[{"@type":"Article","@id":"https:\/\/www.fiestaclasica.org\/fr\/juliette-flaquer-recompensee-en-autriche-et-en-angleterre\/#article","isPartOf":{"@id":"https:\/\/www.fiestaclasica.org\/fr\/juliette-flaquer-recompensee-en-autriche-et-en-angleterre\/"},"author":{"name":"franck","@id":"https:\/\/www.fiestaclasica.org\/#\/schema\/person\/eef6c015d54f7abaf15ab423eea8e2cb"},"headline":"Juliette Flaquer r\u00e9compens\u00e9e en Autriche et en Angleterre","datePublished":"2022-08-27T16:17:10+00:00","dateModified":"2023-04-10T16:28:45+00:00","mainEntityOfPage":{"@id":"https:\/\/www.fiestaclasica.org\/fr\/juliette-flaquer-recompensee-en-autriche-et-en-angleterre\/"},"wordCount":268,"commentCount":0,"publisher":{"@id":"https:\/\/www.fiestaclasica.org\/#organization"},"keywords":["Juliette Flaquer"],"articleSection":["Non classifi\u00e9e"],"inLanguage":"fr-FR","potentialAction":[{"@type":"CommentAction","name":"Comment","target":["https:\/\/www.fiestaclasica.org\/fr\/juliette-flaquer-recompensee-en-autriche-et-en-angleterre\/#respond"]}]},{"@type":"WebPage","@id":"https:\/\/www.fiestaclasica.org\/fr\/juliette-flaquer-recompensee-en-autriche-et-en-angleterre\/","url":"https:\/\/www.fiestaclasica.org\/fr\/juliette-flaquer-recompensee-en-autriche-et-en-angleterre\/","name":"Juliette Flaquer r\u00e9compens\u00e9e en Autriche et en Angleterre - Fiesta Clasica","isPartOf":{"@id":"https:\/\/www.fiestaclasica.org\/#website"},"datePublished":"2022-08-27T16:17:10+00:00","dateModified":"2023-04-10T16:28:45+00:00","breadcrumb":{"@id":"https:\/\/www.fiestaclasica.org\/fr\/juliette-flaquer-recompensee-en-autriche-et-en-angleterre\/#breadcrumb"},"inLanguage":"fr-FR","potentialAction":[{"@type":"ReadAction","target":["https:\/\/www.fiestaclasica.org\/fr\/juliette-flaquer-recompensee-en-autriche-et-en-angleterre\/"]}]},{"@type":"BreadcrumbList","@id":"https:\/\/www.fiestaclasica.org\/fr\/juliette-flaquer-recompensee-en-autriche-et-en-angleterre\/#breadcrumb","itemListElement":[{"@type":"ListItem","position":1,"name":"Portada","item":"https:\/\/www.fiestaclasica.org\/fr\/"},{"@type":"ListItem","position":2,"name":"Juliette Flaquer r\u00e9compens\u00e9e en Autriche et en Angleterre"}]},{"@type":"WebSite","@id":"https:\/\/www.fiestaclasica.org\/#website","url":"https:\/\/www.fiestaclasica.org\/","name":"Fiesta Clasica","description":"Fiesta Clasica","publisher":{"@id":"https:\/\/www.fiestaclasica.org\/#organization"},"potentialAction":[{"@type":"SearchAction","target":{"@type":"EntryPoint","urlTemplate":"https:\/\/www.fiestaclasica.org\/?s={search_term_string}"},"query-input":"required name=search_term_string"}],"inLanguage":"fr-FR"},{"@type":"Organization","@id":"https:\/\/www.fiestaclasica.org\/#organization","name":"fiesta clasica","url":"https:\/\/www.fiestaclasica.org\/","logo":{"@type":"ImageObject","inLanguage":"fr-FR","@id":"https:\/\/www.fiestaclasica.org\/#\/schema\/logo\/image\/","url":"https:\/\/www.fiestaclasica.org\/wp-content\/uploads\/2016\/04\/logo-FC-prensa.jpg","contentUrl":"https:\/\/www.fiestaclasica.org\/wp-content\/uploads\/2016\/04\/logo-FC-prensa.jpg","width":449,"height":261,"caption":"fiesta clasica"},"image":{"@id":"https:\/\/www.fiestaclasica.org\/#\/schema\/logo\/image\/"},"sameAs":["https:\/\/www.facebook.com\/FiestaClasica\/","https:\/\/twitter.com\/fiestaclasica","https:\/\/www.instagram.com\/fiestaclasica\/","https:\/\/www.youtube.com\/channel\/UCt82JYKhPM3Th7pNLCA7-xw"]},{"@type":"Person","@id":"https:\/\/www.fiestaclasica.org\/#\/schema\/person\/eef6c015d54f7abaf15ab423eea8e2cb","name":"franck","image":{"@type":"ImageObject","inLanguage":"fr-FR","@id":"https:\/\/www.fiestaclasica.org\/#\/schema\/person\/image\/","url":"https:\/\/secure.gravatar.com\/avatar\/7c772a983d393adbc6e0585fac01e1ff?s=96&d=mm&r=g","contentUrl":"https:\/\/secure.gravatar.com\/avatar\/7c772a983d393adbc6e0585fac01e1ff?s=96&d=mm&r=g","caption":"franck"},"url":"https:\/\/www.fiestaclasica.org\/fr\/author\/franck\/"}]}},"_links":{"self":[{"href":"https:\/\/www.fiestaclasica.org\/fr\/wp-json\/wp\/v2\/posts\/12764\/"}],"collection":[{"href":"https:\/\/www.fiestaclasica.org\/fr\/wp-json\/wp\/v2\/posts\/"}],"about":[{"href":"https:\/\/www.fiestaclasica.org\/fr\/wp-json\/wp\/v2\/types\/post\/"}],"author":[{"embeddable":true,"href":"https:\/\/www.fiestaclasica.org\/fr\/wp-json\/wp\/v2\/users\/3\/"}],"replies":[{"embeddable":true,"href":"https:\/\/www.fiestaclasica.org\/fr\/wp-json\/wp\/v2\/comments\/?post=12764"}],"version-history":[{"count":1,"href":"https:\/\/www.fiestaclasica.org\/fr\/wp-json\/wp\/v2\/posts\/12764\/revisions\/"}],"predecessor-version":[{"id":12765,"href":"https:\/\/www.fiestaclasica.org\/fr\/wp-json\/wp\/v2\/posts\/12764\/revisions\/12765\/"}],"wp:featuredmedia":[{"embeddable":true,"href":"https:\/\/www.fiestaclasica.org\/fr\/wp-json\/wp\/v2\/media\/12759\/"}],"wp:attachment":[{"href":"https:\/\/www.fiestaclasica.org\/fr\/wp-json\/wp\/v2\/media\/?parent=12764"}],"wp:term":[{"taxonomy":"category","embeddable":true,"href":"https:\/\/www.fiestaclasica.org\/fr\/wp-json\/wp\/v2\/categories\/?post=12764"},{"taxonomy":"post_tag","embeddable":true,"href":"https:\/\/www.fiestaclasica.org\/fr\/wp-json\/wp\/v2\/tags\/?post=12764"},{"taxonomy":"post_series","embeddable":true,"href":"https:\/\/www.fiestaclasica.org\/fr\/wp-json\/wp\/v2\/post_series\/?post=12764"}],"curies":[{"name":"wp","href":"https:\/\/api.w.org\/{rel}","templated":true}]}}