{"id":12735,"date":"2022-04-28T11:46:14","date_gmt":"2022-04-28T15:46:14","guid":{"rendered":"https:\/\/www.fiestaclasica.org\/?p=12735"},"modified":"2023-04-10T12:12:02","modified_gmt":"2023-04-10T16:12:02","slug":"meilleur-jeune-musicien-des-caraibes","status":"publish","type":"post","link":"https:\/\/www.fiestaclasica.org\/fr\/meilleur-jeune-musicien-des-caraibes\/","title":{"rendered":"Meilleur jeune musicien des Cara\u00efbes"},"content":{"rendered":"[vc_row][vc_column]<div class=\"wpex-slider-preloaderimg wpex-relative\"><img width=\"1200\" height=\"900\" src=\"https:\/\/www.fiestaclasica.org\/wp-content\/uploads\/2023\/04\/Copia-de-IMG_6416.jpg\" class=\"skip-lazy\" alt=\"\" decoding=\"async\" data-no-lazy=\"1\" srcset=\"https:\/\/www.fiestaclasica.org\/wp-content\/uploads\/2023\/04\/Copia-de-IMG_6416.jpg 1200w, https:\/\/www.fiestaclasica.org\/wp-content\/uploads\/2023\/04\/Copia-de-IMG_6416-300x225.jpg 300w, https:\/\/www.fiestaclasica.org\/wp-content\/uploads\/2023\/04\/Copia-de-IMG_6416-1024x768.jpg 1024w, https:\/\/www.fiestaclasica.org\/wp-content\/uploads\/2023\/04\/Copia-de-IMG_6416-768x576.jpg 768w\" sizes=\"(max-width: 1200px) 100vw, 1200px\" \/><\/div><div class=\"vcex-module wpex-slider slider-pro vcex-image-slider wpex-clr\" data-auto-play-delay=\"5000\" data-buttons=\"false\" data-thumbnails=\"true\" data-animation-speed=\"600\" data-height-animation-duration=\"500\" data-thumbnail-height=\"70\" data-thumbnail-width=\"70\"><div class=\"wpex-slider-slides sp-slides\"><div class=\"wpex-slider-slide sp-slide\"><div class=\"wpex-slider-media\"><img width=\"1200\" height=\"900\" src=\"https:\/\/www.fiestaclasica.org\/wp-content\/uploads\/2023\/04\/Copia-de-IMG_6416.jpg\" class=\"skip-lazy\" alt=\"\" decoding=\"async\" data-no-lazy=\"1\" srcset=\"https:\/\/www.fiestaclasica.org\/wp-content\/uploads\/2023\/04\/Copia-de-IMG_6416.jpg 1200w, https:\/\/www.fiestaclasica.org\/wp-content\/uploads\/2023\/04\/Copia-de-IMG_6416-300x225.jpg 300w, https:\/\/www.fiestaclasica.org\/wp-content\/uploads\/2023\/04\/Copia-de-IMG_6416-1024x768.jpg 1024w, https:\/\/www.fiestaclasica.org\/wp-content\/uploads\/2023\/04\/Copia-de-IMG_6416-768x576.jpg 768w\" sizes=\"(max-width: 1200px) 100vw, 1200px\" \/><\/div><\/div><div class=\"wpex-slider-slide sp-slide\"><div class=\"wpex-slider-media\"><img width=\"1024\" height=\"681\" src=\"https:\/\/www.fiestaclasica.org\/wp-content\/uploads\/2023\/04\/Copia-de-ea1c7e40-22c7-4cef-921d-fa5c4b057bba.jpg\" class=\"skip-lazy\" alt=\"\" decoding=\"async\" data-no-lazy=\"1\" srcset=\"https:\/\/www.fiestaclasica.org\/wp-content\/uploads\/2023\/04\/Copia-de-ea1c7e40-22c7-4cef-921d-fa5c4b057bba.jpg 1024w, https:\/\/www.fiestaclasica.org\/wp-content\/uploads\/2023\/04\/Copia-de-ea1c7e40-22c7-4cef-921d-fa5c4b057bba-300x200.jpg 300w, https:\/\/www.fiestaclasica.org\/wp-content\/uploads\/2023\/04\/Copia-de-ea1c7e40-22c7-4cef-921d-fa5c4b057bba-768x511.jpg 768w\" sizes=\"(max-width: 1024px) 100vw, 1024px\" \/><\/div><\/div><div class=\"wpex-slider-slide sp-slide\"><div class=\"wpex-slider-media\"><img width=\"681\" height=\"1024\" src=\"https:\/\/www.fiestaclasica.org\/wp-content\/uploads\/2023\/04\/Copia-de-367401a1-091e-477d-9e23-50614e5ed14b.jpg\" class=\"skip-lazy\" alt=\"\" decoding=\"async\" data-no-lazy=\"1\" srcset=\"https:\/\/www.fiestaclasica.org\/wp-content\/uploads\/2023\/04\/Copia-de-367401a1-091e-477d-9e23-50614e5ed14b.jpg 681w, https:\/\/www.fiestaclasica.org\/wp-content\/uploads\/2023\/04\/Copia-de-367401a1-091e-477d-9e23-50614e5ed14b-200x300.jpg 200w\" sizes=\"(max-width: 681px) 100vw, 681px\" \/><\/div><\/div><div class=\"wpex-slider-slide sp-slide\"><div class=\"wpex-slider-media\"><img width=\"1200\" height=\"902\" src=\"https:\/\/www.fiestaclasica.org\/wp-content\/uploads\/2023\/04\/Copia-de-2B4A4601-A713-4F3B-8349-B318C7FED04B.jpg\" class=\"skip-lazy\" alt=\"\" decoding=\"async\" data-no-lazy=\"1\" srcset=\"https:\/\/www.fiestaclasica.org\/wp-content\/uploads\/2023\/04\/Copia-de-2B4A4601-A713-4F3B-8349-B318C7FED04B.jpg 1200w, https:\/\/www.fiestaclasica.org\/wp-content\/uploads\/2023\/04\/Copia-de-2B4A4601-A713-4F3B-8349-B318C7FED04B-300x226.jpg 300w, https:\/\/www.fiestaclasica.org\/wp-content\/uploads\/2023\/04\/Copia-de-2B4A4601-A713-4F3B-8349-B318C7FED04B-1024x770.jpg 1024w, https:\/\/www.fiestaclasica.org\/wp-content\/uploads\/2023\/04\/Copia-de-2B4A4601-A713-4F3B-8349-B318C7FED04B-768x577.jpg 768w\" sizes=\"(max-width: 1200px) 100vw, 1200px\" \/><\/div><\/div><div class=\"wpex-slider-slide sp-slide\"><div class=\"wpex-slider-media\"><img width=\"768\" height=\"1024\" src=\"https:\/\/www.fiestaclasica.org\/wp-content\/uploads\/2023\/04\/Copia-de-0b472118-0420-46ec-83aa-c5484acc86d6.jpg\" class=\"skip-lazy\" alt=\"\" decoding=\"async\" data-no-lazy=\"1\" srcset=\"https:\/\/www.fiestaclasica.org\/wp-content\/uploads\/2023\/04\/Copia-de-0b472118-0420-46ec-83aa-c5484acc86d6.jpg 768w, https:\/\/www.fiestaclasica.org\/wp-content\/uploads\/2023\/04\/Copia-de-0b472118-0420-46ec-83aa-c5484acc86d6-225x300.jpg 225w\" sizes=\"(max-width: 768px) 100vw, 768px\" \/><\/div><\/div><\/div><div class=\"wpex-slider-thumbnails sp-thumbnails\"><img width=\"1200\" height=\"900\" src=\"https:\/\/www.fiestaclasica.org\/wp-content\/uploads\/2023\/04\/Copia-de-IMG_6416.jpg\" class=\"wpex-slider-thumbnail sp-thumbnail skip-lazy\" alt=\"\" decoding=\"async\" data-no-lazy=\"1\" srcset=\"https:\/\/www.fiestaclasica.org\/wp-content\/uploads\/2023\/04\/Copia-de-IMG_6416.jpg 1200w, https:\/\/www.fiestaclasica.org\/wp-content\/uploads\/2023\/04\/Copia-de-IMG_6416-300x225.jpg 300w, https:\/\/www.fiestaclasica.org\/wp-content\/uploads\/2023\/04\/Copia-de-IMG_6416-1024x768.jpg 1024w, https:\/\/www.fiestaclasica.org\/wp-content\/uploads\/2023\/04\/Copia-de-IMG_6416-768x576.jpg 768w\" sizes=\"(max-width: 1200px) 100vw, 1200px\" \/><img width=\"1024\" height=\"681\" src=\"https:\/\/www.fiestaclasica.org\/wp-content\/uploads\/2023\/04\/Copia-de-ea1c7e40-22c7-4cef-921d-fa5c4b057bba.jpg\" class=\"wpex-slider-thumbnail sp-thumbnail skip-lazy\" alt=\"\" decoding=\"async\" data-no-lazy=\"1\" srcset=\"https:\/\/www.fiestaclasica.org\/wp-content\/uploads\/2023\/04\/Copia-de-ea1c7e40-22c7-4cef-921d-fa5c4b057bba.jpg 1024w, https:\/\/www.fiestaclasica.org\/wp-content\/uploads\/2023\/04\/Copia-de-ea1c7e40-22c7-4cef-921d-fa5c4b057bba-300x200.jpg 300w, https:\/\/www.fiestaclasica.org\/wp-content\/uploads\/2023\/04\/Copia-de-ea1c7e40-22c7-4cef-921d-fa5c4b057bba-768x511.jpg 768w\" sizes=\"(max-width: 1024px) 100vw, 1024px\" \/><img width=\"681\" height=\"1024\" src=\"https:\/\/www.fiestaclasica.org\/wp-content\/uploads\/2023\/04\/Copia-de-367401a1-091e-477d-9e23-50614e5ed14b.jpg\" class=\"wpex-slider-thumbnail sp-thumbnail skip-lazy\" alt=\"\" decoding=\"async\" data-no-lazy=\"1\" srcset=\"https:\/\/www.fiestaclasica.org\/wp-content\/uploads\/2023\/04\/Copia-de-367401a1-091e-477d-9e23-50614e5ed14b.jpg 681w, https:\/\/www.fiestaclasica.org\/wp-content\/uploads\/2023\/04\/Copia-de-367401a1-091e-477d-9e23-50614e5ed14b-200x300.jpg 200w\" sizes=\"(max-width: 681px) 100vw, 681px\" \/><img width=\"1200\" height=\"902\" src=\"https:\/\/www.fiestaclasica.org\/wp-content\/uploads\/2023\/04\/Copia-de-2B4A4601-A713-4F3B-8349-B318C7FED04B.jpg\" class=\"wpex-slider-thumbnail sp-thumbnail skip-lazy\" alt=\"\" decoding=\"async\" data-no-lazy=\"1\" srcset=\"https:\/\/www.fiestaclasica.org\/wp-content\/uploads\/2023\/04\/Copia-de-2B4A4601-A713-4F3B-8349-B318C7FED04B.jpg 1200w, https:\/\/www.fiestaclasica.org\/wp-content\/uploads\/2023\/04\/Copia-de-2B4A4601-A713-4F3B-8349-B318C7FED04B-300x226.jpg 300w, https:\/\/www.fiestaclasica.org\/wp-content\/uploads\/2023\/04\/Copia-de-2B4A4601-A713-4F3B-8349-B318C7FED04B-1024x770.jpg 1024w, https:\/\/www.fiestaclasica.org\/wp-content\/uploads\/2023\/04\/Copia-de-2B4A4601-A713-4F3B-8349-B318C7FED04B-768x577.jpg 768w\" sizes=\"(max-width: 1200px) 100vw, 1200px\" \/><img width=\"768\" height=\"1024\" src=\"https:\/\/www.fiestaclasica.org\/wp-content\/uploads\/2023\/04\/Copia-de-0b472118-0420-46ec-83aa-c5484acc86d6.jpg\" class=\"wpex-slider-thumbnail sp-thumbnail skip-lazy\" alt=\"\" decoding=\"async\" data-no-lazy=\"1\" srcset=\"https:\/\/www.fiestaclasica.org\/wp-content\/uploads\/2023\/04\/Copia-de-0b472118-0420-46ec-83aa-c5484acc86d6.jpg 768w, https:\/\/www.fiestaclasica.org\/wp-content\/uploads\/2023\/04\/Copia-de-0b472118-0420-46ec-83aa-c5484acc86d6-225x300.jpg 225w\" sizes=\"(max-width: 768px) 100vw, 768px\" \/><\/div><\/div>[\/vc_column][\/vc_row][vc_row][vc_column][vc_column_text]Santo Domingo, le 28 avril 2022<\/p>\n<p>F\u00e9licitations \u00e0 notre \u00e9l\u00e8ve Juliette Flaquer qui a remport\u00e9 le \u00a0\u00bb Prix du meilleur jeune musicien des Cara\u00efbes \u00a0\u00bb dans sa cat\u00e9gorie. Devant le public du Teatro Nacional Eduardo Brito de Santo Domingo, Juliette a interpr\u00e9t\u00e9 un morceau du compositeur allemand Fritz Kreisler \u00ab\u00a0Prelude et Allegro dans le style de Pugnani\u00a0\u00bb pour violon seul. Elle \u00e9tait accompagn\u00e9e par la pianiste Maria Morel.<\/p>\n<p>Ce concours international organis\u00e9 par la Chambre de Commerce Britannique comptait de nombreux participants de toutes les Cara\u00efbes et nous en sommes tr\u00e8s fiers. Juliette se rendra en Ecosse pour participer \u00e0 un s\u00e9minaire musical au Royal Conservatoire d&rsquo;Edimbourg pendant 2 semaines.[\/vc_column_text][\/vc_column][\/vc_row]\n","protected":false},"excerpt":{"rendered":"<p>[vc_row][vc_column][\/vc_column][\/vc_row][vc_row][vc_column][vc_column_text]Santo Domingo, le 28 avril 2022 F\u00e9licitations \u00e0 notre \u00e9l\u00e8ve Juliette Flaquer qui a remport\u00e9 le \u00a0\u00bb Prix du meilleur jeune musicien des Cara\u00efbes \u00a0\u00bb dans sa cat\u00e9gorie. Devant le public du Teatro Nacional Eduardo Brito de Santo Domingo, Juliette a interpr\u00e9t\u00e9 un morceau du compositeur allemand Fritz Kreisler \u00ab\u00a0Prelude et Allegro dans le style&hellip;<\/p>\n","protected":false},"author":3,"featured_media":12733,"comment_status":"open","ping_status":"open","sticky":false,"template":"","format":"standard","meta":[],"categories":[18],"tags":[],"post_series":[],"yoast_head":"<!-- This site is optimized with the Yoast SEO plugin v20.7 - https:\/\/yoast.com\/wordpress\/plugins\/seo\/ -->\n<title>Meilleur jeune musicien des Cara\u00efbes - Fiesta Clasica<\/title>\n<meta name=\"description\" content=\"F\u00e9licitations \u00e0 notre \u00e9l\u00e8ve Juliette Flaquer qui a remport\u00e9 le &quot; Prix du meilleur jeune musicien des Cara\u00efbes &quot; dans sa cat\u00e9gorie.\" \/>\n<meta name=\"robots\" content=\"index, follow, max-snippet:-1, max-image-preview:large, max-video-preview:-1\" \/>\n<link rel=\"canonical\" href=\"https:\/\/www.fiestaclasica.org\/fr\/meilleur-jeune-musicien-des-caraibes\/\" \/>\n<meta property=\"og:locale\" content=\"fr_FR\" \/>\n<meta property=\"og:type\" content=\"article\" \/>\n<meta property=\"og:title\" content=\"Meilleur jeune musicien des Cara\u00efbes - Fiesta Clasica\" \/>\n<meta property=\"og:description\" content=\"F\u00e9licitations \u00e0 notre \u00e9l\u00e8ve Juliette Flaquer qui a remport\u00e9 le &quot; Prix du meilleur jeune musicien des Cara\u00efbes &quot; dans sa cat\u00e9gorie.\" \/>\n<meta property=\"og:url\" content=\"https:\/\/www.fiestaclasica.org\/fr\/meilleur-jeune-musicien-des-caraibes\/\" \/>\n<meta property=\"og:site_name\" content=\"Fiesta Clasica\" \/>\n<meta property=\"article:publisher\" content=\"https:\/\/www.facebook.com\/FiestaClasica\/\" \/>\n<meta property=\"article:published_time\" content=\"2022-04-28T15:46:14+00:00\" \/>\n<meta property=\"article:modified_time\" content=\"2023-04-10T16:12:02+00:00\" \/>\n<meta property=\"og:image\" content=\"http:\/\/www.fiestaclasica.org\/wp-content\/uploads\/2022\/04\/Copia-de-ea1c7e40-22c7-4cef-921d-fa5c4b057bba.jpg\" \/>\n\t<meta property=\"og:image:width\" content=\"1200\" \/>\n\t<meta property=\"og:image:height\" content=\"800\" \/>\n\t<meta property=\"og:image:type\" content=\"image\/jpeg\" \/>\n<meta name=\"author\" content=\"franck\" \/>\n<meta name=\"twitter:card\" content=\"summary_large_image\" \/>\n<meta name=\"twitter:creator\" content=\"@fiestaclasica\" \/>\n<meta name=\"twitter:site\" content=\"@fiestaclasica\" \/>\n<meta name=\"twitter:label1\" content=\"\u00c9crit par\" \/>\n\t<meta name=\"twitter:data1\" content=\"franck\" \/>\n\t<meta name=\"twitter:label2\" content=\"Dur\u00e9e de lecture estim\u00e9e\" \/>\n\t<meta name=\"twitter:data2\" content=\"1 minute\" \/>\n<script type=\"application\/ld+json\" class=\"yoast-schema-graph\">{\"@context\":\"https:\/\/schema.org\",\"@graph\":[{\"@type\":\"Article\",\"@id\":\"https:\/\/www.fiestaclasica.org\/fr\/meilleur-jeune-musicien-des-caraibes\/#article\",\"isPartOf\":{\"@id\":\"https:\/\/www.fiestaclasica.org\/fr\/meilleur-jeune-musicien-des-caraibes\/\"},\"author\":{\"name\":\"franck\",\"@id\":\"https:\/\/www.fiestaclasica.org\/#\/schema\/person\/eef6c015d54f7abaf15ab423eea8e2cb\"},\"headline\":\"Meilleur jeune musicien des Cara\u00efbes\",\"datePublished\":\"2022-04-28T15:46:14+00:00\",\"dateModified\":\"2023-04-10T16:12:02+00:00\",\"mainEntityOfPage\":{\"@id\":\"https:\/\/www.fiestaclasica.org\/fr\/meilleur-jeune-musicien-des-caraibes\/\"},\"wordCount\":150,\"commentCount\":0,\"publisher\":{\"@id\":\"https:\/\/www.fiestaclasica.org\/#organization\"},\"articleSection\":[\"Actualit\u00e9s\"],\"inLanguage\":\"fr-FR\",\"potentialAction\":[{\"@type\":\"CommentAction\",\"name\":\"Comment\",\"target\":[\"https:\/\/www.fiestaclasica.org\/fr\/meilleur-jeune-musicien-des-caraibes\/#respond\"]}]},{\"@type\":\"WebPage\",\"@id\":\"https:\/\/www.fiestaclasica.org\/fr\/meilleur-jeune-musicien-des-caraibes\/\",\"url\":\"https:\/\/www.fiestaclasica.org\/fr\/meilleur-jeune-musicien-des-caraibes\/\",\"name\":\"Meilleur jeune musicien des Cara\u00efbes - Fiesta Clasica\",\"isPartOf\":{\"@id\":\"https:\/\/www.fiestaclasica.org\/#website\"},\"datePublished\":\"2022-04-28T15:46:14+00:00\",\"dateModified\":\"2023-04-10T16:12:02+00:00\",\"description\":\"F\u00e9licitations \u00e0 notre \u00e9l\u00e8ve Juliette Flaquer qui a remport\u00e9 le \\\" Prix du meilleur jeune musicien des Cara\u00efbes \\\" dans sa cat\u00e9gorie.\",\"breadcrumb\":{\"@id\":\"https:\/\/www.fiestaclasica.org\/fr\/meilleur-jeune-musicien-des-caraibes\/#breadcrumb\"},\"inLanguage\":\"fr-FR\",\"potentialAction\":[{\"@type\":\"ReadAction\",\"target\":[\"https:\/\/www.fiestaclasica.org\/fr\/meilleur-jeune-musicien-des-caraibes\/\"]}]},{\"@type\":\"BreadcrumbList\",\"@id\":\"https:\/\/www.fiestaclasica.org\/fr\/meilleur-jeune-musicien-des-caraibes\/#breadcrumb\",\"itemListElement\":[{\"@type\":\"ListItem\",\"position\":1,\"name\":\"Portada\",\"item\":\"https:\/\/www.fiestaclasica.org\/fr\/\"},{\"@type\":\"ListItem\",\"position\":2,\"name\":\"Meilleur jeune musicien des Cara\u00efbes\"}]},{\"@type\":\"WebSite\",\"@id\":\"https:\/\/www.fiestaclasica.org\/#website\",\"url\":\"https:\/\/www.fiestaclasica.org\/\",\"name\":\"Fiesta Clasica\",\"description\":\"Fiesta Clasica\",\"publisher\":{\"@id\":\"https:\/\/www.fiestaclasica.org\/#organization\"},\"potentialAction\":[{\"@type\":\"SearchAction\",\"target\":{\"@type\":\"EntryPoint\",\"urlTemplate\":\"https:\/\/www.fiestaclasica.org\/?s={search_term_string}\"},\"query-input\":\"required name=search_term_string\"}],\"inLanguage\":\"fr-FR\"},{\"@type\":\"Organization\",\"@id\":\"https:\/\/www.fiestaclasica.org\/#organization\",\"name\":\"fiesta clasica\",\"url\":\"https:\/\/www.fiestaclasica.org\/\",\"logo\":{\"@type\":\"ImageObject\",\"inLanguage\":\"fr-FR\",\"@id\":\"https:\/\/www.fiestaclasica.org\/#\/schema\/logo\/image\/\",\"url\":\"https:\/\/www.fiestaclasica.org\/wp-content\/uploads\/2016\/04\/logo-FC-prensa.jpg\",\"contentUrl\":\"https:\/\/www.fiestaclasica.org\/wp-content\/uploads\/2016\/04\/logo-FC-prensa.jpg\",\"width\":449,\"height\":261,\"caption\":\"fiesta clasica\"},\"image\":{\"@id\":\"https:\/\/www.fiestaclasica.org\/#\/schema\/logo\/image\/\"},\"sameAs\":[\"https:\/\/www.facebook.com\/FiestaClasica\/\",\"https:\/\/twitter.com\/fiestaclasica\",\"https:\/\/www.instagram.com\/fiestaclasica\/\",\"https:\/\/www.youtube.com\/channel\/UCt82JYKhPM3Th7pNLCA7-xw\"]},{\"@type\":\"Person\",\"@id\":\"https:\/\/www.fiestaclasica.org\/#\/schema\/person\/eef6c015d54f7abaf15ab423eea8e2cb\",\"name\":\"franck\",\"image\":{\"@type\":\"ImageObject\",\"inLanguage\":\"fr-FR\",\"@id\":\"https:\/\/www.fiestaclasica.org\/#\/schema\/person\/image\/\",\"url\":\"https:\/\/secure.gravatar.com\/avatar\/7c772a983d393adbc6e0585fac01e1ff?s=96&d=mm&r=g\",\"contentUrl\":\"https:\/\/secure.gravatar.com\/avatar\/7c772a983d393adbc6e0585fac01e1ff?s=96&d=mm&r=g\",\"caption\":\"franck\"},\"url\":\"https:\/\/www.fiestaclasica.org\/fr\/author\/franck\/\"}]}<\/script>\n<!-- \/ Yoast SEO plugin. -->","yoast_head_json":{"title":"Meilleur jeune musicien des Cara\u00efbes - Fiesta Clasica","description":"F\u00e9licitations \u00e0 notre \u00e9l\u00e8ve Juliette Flaquer qui a remport\u00e9 le \" Prix du meilleur jeune musicien des Cara\u00efbes \" dans sa cat\u00e9gorie.","robots":{"index":"index","follow":"follow","max-snippet":"max-snippet:-1","max-image-preview":"max-image-preview:large","max-video-preview":"max-video-preview:-1"},"canonical":"https:\/\/www.fiestaclasica.org\/fr\/meilleur-jeune-musicien-des-caraibes\/","og_locale":"fr_FR","og_type":"article","og_title":"Meilleur jeune musicien des Cara\u00efbes - Fiesta Clasica","og_description":"F\u00e9licitations \u00e0 notre \u00e9l\u00e8ve Juliette Flaquer qui a remport\u00e9 le \" Prix du meilleur jeune musicien des Cara\u00efbes \" dans sa cat\u00e9gorie.","og_url":"https:\/\/www.fiestaclasica.org\/fr\/meilleur-jeune-musicien-des-caraibes\/","og_site_name":"Fiesta Clasica","article_publisher":"https:\/\/www.facebook.com\/FiestaClasica\/","article_published_time":"2022-04-28T15:46:14+00:00","article_modified_time":"2023-04-10T16:12:02+00:00","og_image":[{"width":1200,"height":800,"url":"http:\/\/www.fiestaclasica.org\/wp-content\/uploads\/2022\/04\/Copia-de-ea1c7e40-22c7-4cef-921d-fa5c4b057bba.jpg","type":"image\/jpeg"}],"author":"franck","twitter_card":"summary_large_image","twitter_creator":"@fiestaclasica","twitter_site":"@fiestaclasica","twitter_misc":{"\u00c9crit par":"franck","Dur\u00e9e de lecture estim\u00e9e":"1 minute"},"schema":{"@context":"https:\/\/schema.org","@graph":[{"@type":"Article","@id":"https:\/\/www.fiestaclasica.org\/fr\/meilleur-jeune-musicien-des-caraibes\/#article","isPartOf":{"@id":"https:\/\/www.fiestaclasica.org\/fr\/meilleur-jeune-musicien-des-caraibes\/"},"author":{"name":"franck","@id":"https:\/\/www.fiestaclasica.org\/#\/schema\/person\/eef6c015d54f7abaf15ab423eea8e2cb"},"headline":"Meilleur jeune musicien des Cara\u00efbes","datePublished":"2022-04-28T15:46:14+00:00","dateModified":"2023-04-10T16:12:02+00:00","mainEntityOfPage":{"@id":"https:\/\/www.fiestaclasica.org\/fr\/meilleur-jeune-musicien-des-caraibes\/"},"wordCount":150,"commentCount":0,"publisher":{"@id":"https:\/\/www.fiestaclasica.org\/#organization"},"articleSection":["Actualit\u00e9s"],"inLanguage":"fr-FR","potentialAction":[{"@type":"CommentAction","name":"Comment","target":["https:\/\/www.fiestaclasica.org\/fr\/meilleur-jeune-musicien-des-caraibes\/#respond"]}]},{"@type":"WebPage","@id":"https:\/\/www.fiestaclasica.org\/fr\/meilleur-jeune-musicien-des-caraibes\/","url":"https:\/\/www.fiestaclasica.org\/fr\/meilleur-jeune-musicien-des-caraibes\/","name":"Meilleur jeune musicien des Cara\u00efbes - Fiesta Clasica","isPartOf":{"@id":"https:\/\/www.fiestaclasica.org\/#website"},"datePublished":"2022-04-28T15:46:14+00:00","dateModified":"2023-04-10T16:12:02+00:00","description":"F\u00e9licitations \u00e0 notre \u00e9l\u00e8ve Juliette Flaquer qui a remport\u00e9 le \" Prix du meilleur jeune musicien des Cara\u00efbes \" dans sa cat\u00e9gorie.","breadcrumb":{"@id":"https:\/\/www.fiestaclasica.org\/fr\/meilleur-jeune-musicien-des-caraibes\/#breadcrumb"},"inLanguage":"fr-FR","potentialAction":[{"@type":"ReadAction","target":["https:\/\/www.fiestaclasica.org\/fr\/meilleur-jeune-musicien-des-caraibes\/"]}]},{"@type":"BreadcrumbList","@id":"https:\/\/www.fiestaclasica.org\/fr\/meilleur-jeune-musicien-des-caraibes\/#breadcrumb","itemListElement":[{"@type":"ListItem","position":1,"name":"Portada","item":"https:\/\/www.fiestaclasica.org\/fr\/"},{"@type":"ListItem","position":2,"name":"Meilleur jeune musicien des Cara\u00efbes"}]},{"@type":"WebSite","@id":"https:\/\/www.fiestaclasica.org\/#website","url":"https:\/\/www.fiestaclasica.org\/","name":"Fiesta Clasica","description":"Fiesta Clasica","publisher":{"@id":"https:\/\/www.fiestaclasica.org\/#organization"},"potentialAction":[{"@type":"SearchAction","target":{"@type":"EntryPoint","urlTemplate":"https:\/\/www.fiestaclasica.org\/?s={search_term_string}"},"query-input":"required name=search_term_string"}],"inLanguage":"fr-FR"},{"@type":"Organization","@id":"https:\/\/www.fiestaclasica.org\/#organization","name":"fiesta clasica","url":"https:\/\/www.fiestaclasica.org\/","logo":{"@type":"ImageObject","inLanguage":"fr-FR","@id":"https:\/\/www.fiestaclasica.org\/#\/schema\/logo\/image\/","url":"https:\/\/www.fiestaclasica.org\/wp-content\/uploads\/2016\/04\/logo-FC-prensa.jpg","contentUrl":"https:\/\/www.fiestaclasica.org\/wp-content\/uploads\/2016\/04\/logo-FC-prensa.jpg","width":449,"height":261,"caption":"fiesta clasica"},"image":{"@id":"https:\/\/www.fiestaclasica.org\/#\/schema\/logo\/image\/"},"sameAs":["https:\/\/www.facebook.com\/FiestaClasica\/","https:\/\/twitter.com\/fiestaclasica","https:\/\/www.instagram.com\/fiestaclasica\/","https:\/\/www.youtube.com\/channel\/UCt82JYKhPM3Th7pNLCA7-xw"]},{"@type":"Person","@id":"https:\/\/www.fiestaclasica.org\/#\/schema\/person\/eef6c015d54f7abaf15ab423eea8e2cb","name":"franck","image":{"@type":"ImageObject","inLanguage":"fr-FR","@id":"https:\/\/www.fiestaclasica.org\/#\/schema\/person\/image\/","url":"https:\/\/secure.gravatar.com\/avatar\/7c772a983d393adbc6e0585fac01e1ff?s=96&d=mm&r=g","contentUrl":"https:\/\/secure.gravatar.com\/avatar\/7c772a983d393adbc6e0585fac01e1ff?s=96&d=mm&r=g","caption":"franck"},"url":"https:\/\/www.fiestaclasica.org\/fr\/author\/franck\/"}]}},"_links":{"self":[{"href":"https:\/\/www.fiestaclasica.org\/fr\/wp-json\/wp\/v2\/posts\/12735\/"}],"collection":[{"href":"https:\/\/www.fiestaclasica.org\/fr\/wp-json\/wp\/v2\/posts\/"}],"about":[{"href":"https:\/\/www.fiestaclasica.org\/fr\/wp-json\/wp\/v2\/types\/post\/"}],"author":[{"embeddable":true,"href":"https:\/\/www.fiestaclasica.org\/fr\/wp-json\/wp\/v2\/users\/3\/"}],"replies":[{"embeddable":true,"href":"https:\/\/www.fiestaclasica.org\/fr\/wp-json\/wp\/v2\/comments\/?post=12735"}],"version-history":[{"count":1,"href":"https:\/\/www.fiestaclasica.org\/fr\/wp-json\/wp\/v2\/posts\/12735\/revisions\/"}],"predecessor-version":[{"id":12736,"href":"https:\/\/www.fiestaclasica.org\/fr\/wp-json\/wp\/v2\/posts\/12735\/revisions\/12736\/"}],"wp:featuredmedia":[{"embeddable":true,"href":"https:\/\/www.fiestaclasica.org\/fr\/wp-json\/wp\/v2\/media\/12733\/"}],"wp:attachment":[{"href":"https:\/\/www.fiestaclasica.org\/fr\/wp-json\/wp\/v2\/media\/?parent=12735"}],"wp:term":[{"taxonomy":"category","embeddable":true,"href":"https:\/\/www.fiestaclasica.org\/fr\/wp-json\/wp\/v2\/categories\/?post=12735"},{"taxonomy":"post_tag","embeddable":true,"href":"https:\/\/www.fiestaclasica.org\/fr\/wp-json\/wp\/v2\/tags\/?post=12735"},{"taxonomy":"post_series","embeddable":true,"href":"https:\/\/www.fiestaclasica.org\/fr\/wp-json\/wp\/v2\/post_series\/?post=12735"}],"curies":[{"name":"wp","href":"https:\/\/api.w.org\/{rel}","templated":true}]}}