{"id":12332,"date":"2021-10-27T09:45:32","date_gmt":"2021-10-27T13:45:32","guid":{"rendered":"https:\/\/www.fiestaclasica.org\/?p=12332"},"modified":"2023-04-10T10:05:52","modified_gmt":"2023-04-10T14:05:52","slug":"premier-concert-depuis-la-pandemie","status":"publish","type":"post","link":"https:\/\/www.fiestaclasica.org\/fr\/premier-concert-depuis-la-pandemie\/","title":{"rendered":"Premier concert depuis la pand\u00e9mie"},"content":{"rendered":"[vc_row][vc_column]<div class=\"wpex-slider-preloaderimg wpex-relative\"><img width=\"720\" height=\"720\" src=\"https:\/\/www.fiestaclasica.org\/wp-content\/uploads\/2023\/04\/245208307_2636981283276530_8660473922473182553_n.jpg\" class=\"skip-lazy\" alt=\"\" decoding=\"async\" data-no-lazy=\"1\" srcset=\"https:\/\/www.fiestaclasica.org\/wp-content\/uploads\/2023\/04\/245208307_2636981283276530_8660473922473182553_n.jpg 720w, https:\/\/www.fiestaclasica.org\/wp-content\/uploads\/2023\/04\/245208307_2636981283276530_8660473922473182553_n-300x300.jpg 300w, https:\/\/www.fiestaclasica.org\/wp-content\/uploads\/2023\/04\/245208307_2636981283276530_8660473922473182553_n-150x150.jpg 150w, https:\/\/www.fiestaclasica.org\/wp-content\/uploads\/2023\/04\/245208307_2636981283276530_8660473922473182553_n-125x125.jpg 125w\" sizes=\"(max-width: 720px) 100vw, 720px\" \/><\/div><div class=\"vcex-module wpex-slider slider-pro vcex-image-slider wpex-clr\" data-auto-play-delay=\"5000\" data-buttons=\"false\" data-thumbnails=\"true\" data-animation-speed=\"600\" data-height-animation-duration=\"500\" data-thumbnail-height=\"70\" data-thumbnail-width=\"70\"><div class=\"wpex-slider-slides sp-slides\"><div class=\"wpex-slider-slide sp-slide\"><div class=\"wpex-slider-media\"><img width=\"720\" height=\"720\" src=\"https:\/\/www.fiestaclasica.org\/wp-content\/uploads\/2023\/04\/245208307_2636981283276530_8660473922473182553_n.jpg\" class=\"skip-lazy\" alt=\"\" decoding=\"async\" data-no-lazy=\"1\" srcset=\"https:\/\/www.fiestaclasica.org\/wp-content\/uploads\/2023\/04\/245208307_2636981283276530_8660473922473182553_n.jpg 720w, https:\/\/www.fiestaclasica.org\/wp-content\/uploads\/2023\/04\/245208307_2636981283276530_8660473922473182553_n-300x300.jpg 300w, https:\/\/www.fiestaclasica.org\/wp-content\/uploads\/2023\/04\/245208307_2636981283276530_8660473922473182553_n-150x150.jpg 150w, https:\/\/www.fiestaclasica.org\/wp-content\/uploads\/2023\/04\/245208307_2636981283276530_8660473922473182553_n-125x125.jpg 125w\" sizes=\"(max-width: 720px) 100vw, 720px\" \/><\/div><\/div><div class=\"wpex-slider-slide sp-slide\"><div class=\"wpex-slider-media\"><img width=\"800\" height=\"441\" src=\"https:\/\/www.fiestaclasica.org\/wp-content\/uploads\/2023\/04\/Captura-de-pantalla-2022-10-24-a-las-5.33.36-p.-m.png\" class=\"skip-lazy\" alt=\"\" decoding=\"async\" data-no-lazy=\"1\" srcset=\"https:\/\/www.fiestaclasica.org\/wp-content\/uploads\/2023\/04\/Captura-de-pantalla-2022-10-24-a-las-5.33.36-p.-m.png 800w, https:\/\/www.fiestaclasica.org\/wp-content\/uploads\/2023\/04\/Captura-de-pantalla-2022-10-24-a-las-5.33.36-p.-m-300x165.png 300w, https:\/\/www.fiestaclasica.org\/wp-content\/uploads\/2023\/04\/Captura-de-pantalla-2022-10-24-a-las-5.33.36-p.-m-768x423.png 768w\" sizes=\"(max-width: 800px) 100vw, 800px\" \/><\/div><\/div><\/div><div class=\"wpex-slider-thumbnails sp-thumbnails\"><img width=\"720\" height=\"720\" src=\"https:\/\/www.fiestaclasica.org\/wp-content\/uploads\/2023\/04\/245208307_2636981283276530_8660473922473182553_n.jpg\" class=\"wpex-slider-thumbnail sp-thumbnail skip-lazy\" alt=\"\" decoding=\"async\" data-no-lazy=\"1\" srcset=\"https:\/\/www.fiestaclasica.org\/wp-content\/uploads\/2023\/04\/245208307_2636981283276530_8660473922473182553_n.jpg 720w, https:\/\/www.fiestaclasica.org\/wp-content\/uploads\/2023\/04\/245208307_2636981283276530_8660473922473182553_n-300x300.jpg 300w, https:\/\/www.fiestaclasica.org\/wp-content\/uploads\/2023\/04\/245208307_2636981283276530_8660473922473182553_n-150x150.jpg 150w, https:\/\/www.fiestaclasica.org\/wp-content\/uploads\/2023\/04\/245208307_2636981283276530_8660473922473182553_n-125x125.jpg 125w\" sizes=\"(max-width: 720px) 100vw, 720px\" \/><img width=\"800\" height=\"441\" src=\"https:\/\/www.fiestaclasica.org\/wp-content\/uploads\/2023\/04\/Captura-de-pantalla-2022-10-24-a-las-5.33.36-p.-m.png\" class=\"wpex-slider-thumbnail sp-thumbnail skip-lazy\" alt=\"\" decoding=\"async\" data-no-lazy=\"1\" srcset=\"https:\/\/www.fiestaclasica.org\/wp-content\/uploads\/2023\/04\/Captura-de-pantalla-2022-10-24-a-las-5.33.36-p.-m.png 800w, https:\/\/www.fiestaclasica.org\/wp-content\/uploads\/2023\/04\/Captura-de-pantalla-2022-10-24-a-las-5.33.36-p.-m-300x165.png 300w, https:\/\/www.fiestaclasica.org\/wp-content\/uploads\/2023\/04\/Captura-de-pantalla-2022-10-24-a-las-5.33.36-p.-m-768x423.png 768w\" sizes=\"(max-width: 800px) 100vw, 800px\" \/><\/div><\/div>[\/vc_column][\/vc_row][vc_row][vc_column][vc_column_text]Santo Domingo, 27 octobre 2021<\/p>\n<p>Le 21 octobre, nous nous sommes r\u00e9unis au Convento de los Dominicos pour le premier concert depuis la pand\u00e9mie. Apr\u00e8s beaucoup de travail et de r\u00e9p\u00e9titions, les \u00e9tudiants de la fondation, tr\u00e8s excit\u00e9s, ont r\u00e9ussi \u00e0 pr\u00e9senter un r\u00e9pertoire tr\u00e8s complet d&rsquo;\u0153uvres symphoniques et populaires telles que l&rsquo;ouverture de \u00ab\u00a0La Italiana en Argel\u00a0\u00bb de Rossini ou \u00ab\u00a0La Billirubina\u00a0\u00bb de Juan Luis Guerra.[\/vc_column_text][\/vc_column][\/vc_row]\n","protected":false},"excerpt":{"rendered":"<p>[vc_row][vc_column][\/vc_column][\/vc_row][vc_row][vc_column][vc_column_text]Santo Domingo, 27 octobre 2021 Le 21 octobre, nous nous sommes r\u00e9unis au Convento de los Dominicos pour le premier concert depuis la pand\u00e9mie. Apr\u00e8s beaucoup de travail et de r\u00e9p\u00e9titions, les \u00e9tudiants de la fondation, tr\u00e8s excit\u00e9s, ont r\u00e9ussi \u00e0 pr\u00e9senter un r\u00e9pertoire tr\u00e8s complet d&rsquo;\u0153uvres symphoniques et populaires telles que l&rsquo;ouverture de \u00ab\u00a0La&hellip;<\/p>\n","protected":false},"author":3,"featured_media":12326,"comment_status":"open","ping_status":"open","sticky":false,"template":"","format":"standard","meta":[],"categories":[18,7],"tags":[175],"post_series":[],"yoast_head":"<!-- This site is optimized with the Yoast SEO plugin v20.7 - https:\/\/yoast.com\/wordpress\/plugins\/seo\/ -->\n<title>Premier concert depuis la pand\u00e9mie - Fiesta Clasica<\/title>\n<meta name=\"description\" content=\"Le 21 octobre, nous nous sommes r\u00e9unis au Convento de los Dominicos pour le premier concert depuis la pand\u00e9mie.\" \/>\n<meta name=\"robots\" content=\"index, follow, max-snippet:-1, max-image-preview:large, max-video-preview:-1\" \/>\n<link rel=\"canonical\" href=\"https:\/\/www.fiestaclasica.org\/fr\/premier-concert-depuis-la-pandemie\/\" \/>\n<meta property=\"og:locale\" content=\"fr_FR\" \/>\n<meta property=\"og:type\" content=\"article\" \/>\n<meta property=\"og:title\" content=\"Premier concert depuis la pand\u00e9mie - Fiesta Clasica\" \/>\n<meta property=\"og:description\" content=\"Le 21 octobre, nous nous sommes r\u00e9unis au Convento de los Dominicos pour le premier concert depuis la pand\u00e9mie.\" \/>\n<meta property=\"og:url\" content=\"https:\/\/www.fiestaclasica.org\/fr\/premier-concert-depuis-la-pandemie\/\" \/>\n<meta property=\"og:site_name\" content=\"Fiesta Clasica\" \/>\n<meta property=\"article:publisher\" content=\"https:\/\/www.facebook.com\/FiestaClasica\/\" \/>\n<meta property=\"article:published_time\" content=\"2021-10-27T13:45:32+00:00\" \/>\n<meta property=\"article:modified_time\" content=\"2023-04-10T14:05:52+00:00\" \/>\n<meta property=\"og:image\" content=\"http:\/\/www.fiestaclasica.org\/wp-content\/uploads\/2023\/04\/Captura-de-pantalla-2022-10-24-a-las-5.33.36-p.-m.png\" \/>\n\t<meta property=\"og:image:width\" content=\"800\" \/>\n\t<meta property=\"og:image:height\" content=\"441\" \/>\n\t<meta property=\"og:image:type\" content=\"image\/png\" \/>\n<meta name=\"author\" content=\"franck\" \/>\n<meta name=\"twitter:card\" content=\"summary_large_image\" \/>\n<meta name=\"twitter:creator\" content=\"@fiestaclasica\" \/>\n<meta name=\"twitter:site\" content=\"@fiestaclasica\" \/>\n<meta name=\"twitter:label1\" content=\"\u00c9crit par\" \/>\n\t<meta name=\"twitter:data1\" content=\"franck\" \/>\n\t<meta name=\"twitter:label2\" content=\"Dur\u00e9e de lecture estim\u00e9e\" \/>\n\t<meta name=\"twitter:data2\" content=\"1 minute\" \/>\n<script type=\"application\/ld+json\" class=\"yoast-schema-graph\">{\"@context\":\"https:\/\/schema.org\",\"@graph\":[{\"@type\":\"Article\",\"@id\":\"https:\/\/www.fiestaclasica.org\/fr\/premier-concert-depuis-la-pandemie\/#article\",\"isPartOf\":{\"@id\":\"https:\/\/www.fiestaclasica.org\/fr\/premier-concert-depuis-la-pandemie\/\"},\"author\":{\"name\":\"franck\",\"@id\":\"https:\/\/www.fiestaclasica.org\/#\/schema\/person\/eef6c015d54f7abaf15ab423eea8e2cb\"},\"headline\":\"Premier concert depuis la pand\u00e9mie\",\"datePublished\":\"2021-10-27T13:45:32+00:00\",\"dateModified\":\"2023-04-10T14:05:52+00:00\",\"mainEntityOfPage\":{\"@id\":\"https:\/\/www.fiestaclasica.org\/fr\/premier-concert-depuis-la-pandemie\/\"},\"wordCount\":113,\"commentCount\":0,\"publisher\":{\"@id\":\"https:\/\/www.fiestaclasica.org\/#organization\"},\"keywords\":[\"Concert\"],\"articleSection\":[\"Actualit\u00e9s\",\"Non classifi\u00e9e\"],\"inLanguage\":\"fr-FR\",\"potentialAction\":[{\"@type\":\"CommentAction\",\"name\":\"Comment\",\"target\":[\"https:\/\/www.fiestaclasica.org\/fr\/premier-concert-depuis-la-pandemie\/#respond\"]}]},{\"@type\":\"WebPage\",\"@id\":\"https:\/\/www.fiestaclasica.org\/fr\/premier-concert-depuis-la-pandemie\/\",\"url\":\"https:\/\/www.fiestaclasica.org\/fr\/premier-concert-depuis-la-pandemie\/\",\"name\":\"Premier concert depuis la pand\u00e9mie - Fiesta Clasica\",\"isPartOf\":{\"@id\":\"https:\/\/www.fiestaclasica.org\/#website\"},\"datePublished\":\"2021-10-27T13:45:32+00:00\",\"dateModified\":\"2023-04-10T14:05:52+00:00\",\"description\":\"Le 21 octobre, nous nous sommes r\u00e9unis au Convento de los Dominicos pour le premier concert depuis la pand\u00e9mie.\",\"breadcrumb\":{\"@id\":\"https:\/\/www.fiestaclasica.org\/fr\/premier-concert-depuis-la-pandemie\/#breadcrumb\"},\"inLanguage\":\"fr-FR\",\"potentialAction\":[{\"@type\":\"ReadAction\",\"target\":[\"https:\/\/www.fiestaclasica.org\/fr\/premier-concert-depuis-la-pandemie\/\"]}]},{\"@type\":\"BreadcrumbList\",\"@id\":\"https:\/\/www.fiestaclasica.org\/fr\/premier-concert-depuis-la-pandemie\/#breadcrumb\",\"itemListElement\":[{\"@type\":\"ListItem\",\"position\":1,\"name\":\"Portada\",\"item\":\"https:\/\/www.fiestaclasica.org\/fr\/\"},{\"@type\":\"ListItem\",\"position\":2,\"name\":\"Premier concert depuis la pand\u00e9mie\"}]},{\"@type\":\"WebSite\",\"@id\":\"https:\/\/www.fiestaclasica.org\/#website\",\"url\":\"https:\/\/www.fiestaclasica.org\/\",\"name\":\"Fiesta Clasica\",\"description\":\"Fiesta Clasica\",\"publisher\":{\"@id\":\"https:\/\/www.fiestaclasica.org\/#organization\"},\"potentialAction\":[{\"@type\":\"SearchAction\",\"target\":{\"@type\":\"EntryPoint\",\"urlTemplate\":\"https:\/\/www.fiestaclasica.org\/?s={search_term_string}\"},\"query-input\":\"required name=search_term_string\"}],\"inLanguage\":\"fr-FR\"},{\"@type\":\"Organization\",\"@id\":\"https:\/\/www.fiestaclasica.org\/#organization\",\"name\":\"fiesta clasica\",\"url\":\"https:\/\/www.fiestaclasica.org\/\",\"logo\":{\"@type\":\"ImageObject\",\"inLanguage\":\"fr-FR\",\"@id\":\"https:\/\/www.fiestaclasica.org\/#\/schema\/logo\/image\/\",\"url\":\"https:\/\/www.fiestaclasica.org\/wp-content\/uploads\/2016\/04\/logo-FC-prensa.jpg\",\"contentUrl\":\"https:\/\/www.fiestaclasica.org\/wp-content\/uploads\/2016\/04\/logo-FC-prensa.jpg\",\"width\":449,\"height\":261,\"caption\":\"fiesta clasica\"},\"image\":{\"@id\":\"https:\/\/www.fiestaclasica.org\/#\/schema\/logo\/image\/\"},\"sameAs\":[\"https:\/\/www.facebook.com\/FiestaClasica\/\",\"https:\/\/twitter.com\/fiestaclasica\",\"https:\/\/www.instagram.com\/fiestaclasica\/\",\"https:\/\/www.youtube.com\/channel\/UCt82JYKhPM3Th7pNLCA7-xw\"]},{\"@type\":\"Person\",\"@id\":\"https:\/\/www.fiestaclasica.org\/#\/schema\/person\/eef6c015d54f7abaf15ab423eea8e2cb\",\"name\":\"franck\",\"image\":{\"@type\":\"ImageObject\",\"inLanguage\":\"fr-FR\",\"@id\":\"https:\/\/www.fiestaclasica.org\/#\/schema\/person\/image\/\",\"url\":\"https:\/\/secure.gravatar.com\/avatar\/7c772a983d393adbc6e0585fac01e1ff?s=96&d=mm&r=g\",\"contentUrl\":\"https:\/\/secure.gravatar.com\/avatar\/7c772a983d393adbc6e0585fac01e1ff?s=96&d=mm&r=g\",\"caption\":\"franck\"},\"url\":\"https:\/\/www.fiestaclasica.org\/fr\/author\/franck\/\"}]}<\/script>\n<!-- \/ Yoast SEO plugin. -->","yoast_head_json":{"title":"Premier concert depuis la pand\u00e9mie - Fiesta Clasica","description":"Le 21 octobre, nous nous sommes r\u00e9unis au Convento de los Dominicos pour le premier concert depuis la pand\u00e9mie.","robots":{"index":"index","follow":"follow","max-snippet":"max-snippet:-1","max-image-preview":"max-image-preview:large","max-video-preview":"max-video-preview:-1"},"canonical":"https:\/\/www.fiestaclasica.org\/fr\/premier-concert-depuis-la-pandemie\/","og_locale":"fr_FR","og_type":"article","og_title":"Premier concert depuis la pand\u00e9mie - Fiesta Clasica","og_description":"Le 21 octobre, nous nous sommes r\u00e9unis au Convento de los Dominicos pour le premier concert depuis la pand\u00e9mie.","og_url":"https:\/\/www.fiestaclasica.org\/fr\/premier-concert-depuis-la-pandemie\/","og_site_name":"Fiesta Clasica","article_publisher":"https:\/\/www.facebook.com\/FiestaClasica\/","article_published_time":"2021-10-27T13:45:32+00:00","article_modified_time":"2023-04-10T14:05:52+00:00","og_image":[{"width":800,"height":441,"url":"http:\/\/www.fiestaclasica.org\/wp-content\/uploads\/2023\/04\/Captura-de-pantalla-2022-10-24-a-las-5.33.36-p.-m.png","type":"image\/png"}],"author":"franck","twitter_card":"summary_large_image","twitter_creator":"@fiestaclasica","twitter_site":"@fiestaclasica","twitter_misc":{"\u00c9crit par":"franck","Dur\u00e9e de lecture estim\u00e9e":"1 minute"},"schema":{"@context":"https:\/\/schema.org","@graph":[{"@type":"Article","@id":"https:\/\/www.fiestaclasica.org\/fr\/premier-concert-depuis-la-pandemie\/#article","isPartOf":{"@id":"https:\/\/www.fiestaclasica.org\/fr\/premier-concert-depuis-la-pandemie\/"},"author":{"name":"franck","@id":"https:\/\/www.fiestaclasica.org\/#\/schema\/person\/eef6c015d54f7abaf15ab423eea8e2cb"},"headline":"Premier concert depuis la pand\u00e9mie","datePublished":"2021-10-27T13:45:32+00:00","dateModified":"2023-04-10T14:05:52+00:00","mainEntityOfPage":{"@id":"https:\/\/www.fiestaclasica.org\/fr\/premier-concert-depuis-la-pandemie\/"},"wordCount":113,"commentCount":0,"publisher":{"@id":"https:\/\/www.fiestaclasica.org\/#organization"},"keywords":["Concert"],"articleSection":["Actualit\u00e9s","Non classifi\u00e9e"],"inLanguage":"fr-FR","potentialAction":[{"@type":"CommentAction","name":"Comment","target":["https:\/\/www.fiestaclasica.org\/fr\/premier-concert-depuis-la-pandemie\/#respond"]}]},{"@type":"WebPage","@id":"https:\/\/www.fiestaclasica.org\/fr\/premier-concert-depuis-la-pandemie\/","url":"https:\/\/www.fiestaclasica.org\/fr\/premier-concert-depuis-la-pandemie\/","name":"Premier concert depuis la pand\u00e9mie - Fiesta Clasica","isPartOf":{"@id":"https:\/\/www.fiestaclasica.org\/#website"},"datePublished":"2021-10-27T13:45:32+00:00","dateModified":"2023-04-10T14:05:52+00:00","description":"Le 21 octobre, nous nous sommes r\u00e9unis au Convento de los Dominicos pour le premier concert depuis la pand\u00e9mie.","breadcrumb":{"@id":"https:\/\/www.fiestaclasica.org\/fr\/premier-concert-depuis-la-pandemie\/#breadcrumb"},"inLanguage":"fr-FR","potentialAction":[{"@type":"ReadAction","target":["https:\/\/www.fiestaclasica.org\/fr\/premier-concert-depuis-la-pandemie\/"]}]},{"@type":"BreadcrumbList","@id":"https:\/\/www.fiestaclasica.org\/fr\/premier-concert-depuis-la-pandemie\/#breadcrumb","itemListElement":[{"@type":"ListItem","position":1,"name":"Portada","item":"https:\/\/www.fiestaclasica.org\/fr\/"},{"@type":"ListItem","position":2,"name":"Premier concert depuis la pand\u00e9mie"}]},{"@type":"WebSite","@id":"https:\/\/www.fiestaclasica.org\/#website","url":"https:\/\/www.fiestaclasica.org\/","name":"Fiesta Clasica","description":"Fiesta Clasica","publisher":{"@id":"https:\/\/www.fiestaclasica.org\/#organization"},"potentialAction":[{"@type":"SearchAction","target":{"@type":"EntryPoint","urlTemplate":"https:\/\/www.fiestaclasica.org\/?s={search_term_string}"},"query-input":"required name=search_term_string"}],"inLanguage":"fr-FR"},{"@type":"Organization","@id":"https:\/\/www.fiestaclasica.org\/#organization","name":"fiesta clasica","url":"https:\/\/www.fiestaclasica.org\/","logo":{"@type":"ImageObject","inLanguage":"fr-FR","@id":"https:\/\/www.fiestaclasica.org\/#\/schema\/logo\/image\/","url":"https:\/\/www.fiestaclasica.org\/wp-content\/uploads\/2016\/04\/logo-FC-prensa.jpg","contentUrl":"https:\/\/www.fiestaclasica.org\/wp-content\/uploads\/2016\/04\/logo-FC-prensa.jpg","width":449,"height":261,"caption":"fiesta clasica"},"image":{"@id":"https:\/\/www.fiestaclasica.org\/#\/schema\/logo\/image\/"},"sameAs":["https:\/\/www.facebook.com\/FiestaClasica\/","https:\/\/twitter.com\/fiestaclasica","https:\/\/www.instagram.com\/fiestaclasica\/","https:\/\/www.youtube.com\/channel\/UCt82JYKhPM3Th7pNLCA7-xw"]},{"@type":"Person","@id":"https:\/\/www.fiestaclasica.org\/#\/schema\/person\/eef6c015d54f7abaf15ab423eea8e2cb","name":"franck","image":{"@type":"ImageObject","inLanguage":"fr-FR","@id":"https:\/\/www.fiestaclasica.org\/#\/schema\/person\/image\/","url":"https:\/\/secure.gravatar.com\/avatar\/7c772a983d393adbc6e0585fac01e1ff?s=96&d=mm&r=g","contentUrl":"https:\/\/secure.gravatar.com\/avatar\/7c772a983d393adbc6e0585fac01e1ff?s=96&d=mm&r=g","caption":"franck"},"url":"https:\/\/www.fiestaclasica.org\/fr\/author\/franck\/"}]}},"_links":{"self":[{"href":"https:\/\/www.fiestaclasica.org\/fr\/wp-json\/wp\/v2\/posts\/12332\/"}],"collection":[{"href":"https:\/\/www.fiestaclasica.org\/fr\/wp-json\/wp\/v2\/posts\/"}],"about":[{"href":"https:\/\/www.fiestaclasica.org\/fr\/wp-json\/wp\/v2\/types\/post\/"}],"author":[{"embeddable":true,"href":"https:\/\/www.fiestaclasica.org\/fr\/wp-json\/wp\/v2\/users\/3\/"}],"replies":[{"embeddable":true,"href":"https:\/\/www.fiestaclasica.org\/fr\/wp-json\/wp\/v2\/comments\/?post=12332"}],"version-history":[{"count":1,"href":"https:\/\/www.fiestaclasica.org\/fr\/wp-json\/wp\/v2\/posts\/12332\/revisions\/"}],"predecessor-version":[{"id":12333,"href":"https:\/\/www.fiestaclasica.org\/fr\/wp-json\/wp\/v2\/posts\/12332\/revisions\/12333\/"}],"wp:featuredmedia":[{"embeddable":true,"href":"https:\/\/www.fiestaclasica.org\/fr\/wp-json\/wp\/v2\/media\/12326\/"}],"wp:attachment":[{"href":"https:\/\/www.fiestaclasica.org\/fr\/wp-json\/wp\/v2\/media\/?parent=12332"}],"wp:term":[{"taxonomy":"category","embeddable":true,"href":"https:\/\/www.fiestaclasica.org\/fr\/wp-json\/wp\/v2\/categories\/?post=12332"},{"taxonomy":"post_tag","embeddable":true,"href":"https:\/\/www.fiestaclasica.org\/fr\/wp-json\/wp\/v2\/tags\/?post=12332"},{"taxonomy":"post_series","embeddable":true,"href":"https:\/\/www.fiestaclasica.org\/fr\/wp-json\/wp\/v2\/post_series\/?post=12332"}],"curies":[{"name":"wp","href":"https:\/\/api.w.org\/{rel}","templated":true}]}}