{"id":12291,"date":"2021-02-15T12:22:14","date_gmt":"2021-02-15T16:22:14","guid":{"rendered":"https:\/\/www.fiestaclasica.org\/?p=12291"},"modified":"2023-04-10T09:55:37","modified_gmt":"2023-04-10T13:55:37","slug":"enregistrement-video","status":"publish","type":"post","link":"https:\/\/www.fiestaclasica.org\/fr\/enregistrement-video\/","title":{"rendered":"Enregistrement vid\u00e9o"},"content":{"rendered":"[vc_row][vc_column]<div class=\"wpex-slider-preloaderimg wpex-relative\"><img width=\"1280\" height=\"960\" src=\"https:\/\/www.fiestaclasica.org\/wp-content\/uploads\/2023\/04\/Grabacion-08.jpg\" class=\"skip-lazy\" alt=\"\" decoding=\"async\" data-no-lazy=\"1\" srcset=\"https:\/\/www.fiestaclasica.org\/wp-content\/uploads\/2023\/04\/Grabacion-08.jpg 1280w, https:\/\/www.fiestaclasica.org\/wp-content\/uploads\/2023\/04\/Grabacion-08-300x225.jpg 300w, https:\/\/www.fiestaclasica.org\/wp-content\/uploads\/2023\/04\/Grabacion-08-1024x768.jpg 1024w, https:\/\/www.fiestaclasica.org\/wp-content\/uploads\/2023\/04\/Grabacion-08-768x576.jpg 768w\" sizes=\"(max-width: 1280px) 100vw, 1280px\" \/><\/div><div class=\"vcex-module wpex-slider slider-pro vcex-image-slider wpex-clr\" data-auto-play-delay=\"5000\" data-buttons=\"false\" data-thumbnails=\"true\" data-animation-speed=\"600\" data-height-animation-duration=\"500\" data-thumbnail-height=\"70\" data-thumbnail-width=\"70\"><div class=\"wpex-slider-slides sp-slides\"><div class=\"wpex-slider-slide sp-slide\"><div class=\"wpex-slider-media\"><img width=\"1280\" height=\"960\" src=\"https:\/\/www.fiestaclasica.org\/wp-content\/uploads\/2023\/04\/Grabacion-08.jpg\" class=\"skip-lazy\" alt=\"\" decoding=\"async\" data-no-lazy=\"1\" srcset=\"https:\/\/www.fiestaclasica.org\/wp-content\/uploads\/2023\/04\/Grabacion-08.jpg 1280w, https:\/\/www.fiestaclasica.org\/wp-content\/uploads\/2023\/04\/Grabacion-08-300x225.jpg 300w, https:\/\/www.fiestaclasica.org\/wp-content\/uploads\/2023\/04\/Grabacion-08-1024x768.jpg 1024w, https:\/\/www.fiestaclasica.org\/wp-content\/uploads\/2023\/04\/Grabacion-08-768x576.jpg 768w\" sizes=\"(max-width: 1280px) 100vw, 1280px\" \/><\/div><\/div><div class=\"wpex-slider-slide sp-slide\"><div class=\"wpex-slider-media\"><img width=\"1280\" height=\"960\" src=\"https:\/\/www.fiestaclasica.org\/wp-content\/uploads\/2023\/04\/Grabacion-00.jpg\" class=\"skip-lazy\" alt=\"\" decoding=\"async\" data-no-lazy=\"1\" srcset=\"https:\/\/www.fiestaclasica.org\/wp-content\/uploads\/2023\/04\/Grabacion-00.jpg 1280w, https:\/\/www.fiestaclasica.org\/wp-content\/uploads\/2023\/04\/Grabacion-00-300x225.jpg 300w, https:\/\/www.fiestaclasica.org\/wp-content\/uploads\/2023\/04\/Grabacion-00-1024x768.jpg 1024w, https:\/\/www.fiestaclasica.org\/wp-content\/uploads\/2023\/04\/Grabacion-00-768x576.jpg 768w\" sizes=\"(max-width: 1280px) 100vw, 1280px\" \/><\/div><\/div><div class=\"wpex-slider-slide sp-slide\"><div class=\"wpex-slider-media\"><img width=\"1280\" height=\"960\" src=\"https:\/\/www.fiestaclasica.org\/wp-content\/uploads\/2023\/04\/Grabacion-01.jpg\" class=\"skip-lazy\" alt=\"\" decoding=\"async\" data-no-lazy=\"1\" srcset=\"https:\/\/www.fiestaclasica.org\/wp-content\/uploads\/2023\/04\/Grabacion-01.jpg 1280w, https:\/\/www.fiestaclasica.org\/wp-content\/uploads\/2023\/04\/Grabacion-01-300x225.jpg 300w, https:\/\/www.fiestaclasica.org\/wp-content\/uploads\/2023\/04\/Grabacion-01-1024x768.jpg 1024w, https:\/\/www.fiestaclasica.org\/wp-content\/uploads\/2023\/04\/Grabacion-01-768x576.jpg 768w\" sizes=\"(max-width: 1280px) 100vw, 1280px\" \/><\/div><\/div><div class=\"wpex-slider-slide sp-slide\"><div class=\"wpex-slider-media\"><img width=\"1280\" height=\"960\" src=\"https:\/\/www.fiestaclasica.org\/wp-content\/uploads\/2023\/04\/Grabacion-02.jpg\" class=\"skip-lazy\" alt=\"\" decoding=\"async\" data-no-lazy=\"1\" srcset=\"https:\/\/www.fiestaclasica.org\/wp-content\/uploads\/2023\/04\/Grabacion-02.jpg 1280w, https:\/\/www.fiestaclasica.org\/wp-content\/uploads\/2023\/04\/Grabacion-02-300x225.jpg 300w, https:\/\/www.fiestaclasica.org\/wp-content\/uploads\/2023\/04\/Grabacion-02-1024x768.jpg 1024w, https:\/\/www.fiestaclasica.org\/wp-content\/uploads\/2023\/04\/Grabacion-02-768x576.jpg 768w\" sizes=\"(max-width: 1280px) 100vw, 1280px\" \/><\/div><\/div><div class=\"wpex-slider-slide sp-slide\"><div class=\"wpex-slider-media\"><img width=\"1280\" height=\"960\" src=\"https:\/\/www.fiestaclasica.org\/wp-content\/uploads\/2023\/04\/Grabacion-03.jpg\" class=\"skip-lazy\" alt=\"\" decoding=\"async\" data-no-lazy=\"1\" srcset=\"https:\/\/www.fiestaclasica.org\/wp-content\/uploads\/2023\/04\/Grabacion-03.jpg 1280w, https:\/\/www.fiestaclasica.org\/wp-content\/uploads\/2023\/04\/Grabacion-03-300x225.jpg 300w, https:\/\/www.fiestaclasica.org\/wp-content\/uploads\/2023\/04\/Grabacion-03-1024x768.jpg 1024w, https:\/\/www.fiestaclasica.org\/wp-content\/uploads\/2023\/04\/Grabacion-03-768x576.jpg 768w\" sizes=\"(max-width: 1280px) 100vw, 1280px\" \/><\/div><\/div><div class=\"wpex-slider-slide sp-slide\"><div class=\"wpex-slider-media\"><img width=\"1280\" height=\"960\" src=\"https:\/\/www.fiestaclasica.org\/wp-content\/uploads\/2023\/04\/Grabacion-04.jpg\" class=\"skip-lazy\" alt=\"\" decoding=\"async\" data-no-lazy=\"1\" srcset=\"https:\/\/www.fiestaclasica.org\/wp-content\/uploads\/2023\/04\/Grabacion-04.jpg 1280w, https:\/\/www.fiestaclasica.org\/wp-content\/uploads\/2023\/04\/Grabacion-04-300x225.jpg 300w, https:\/\/www.fiestaclasica.org\/wp-content\/uploads\/2023\/04\/Grabacion-04-1024x768.jpg 1024w, https:\/\/www.fiestaclasica.org\/wp-content\/uploads\/2023\/04\/Grabacion-04-768x576.jpg 768w\" sizes=\"(max-width: 1280px) 100vw, 1280px\" \/><\/div><\/div><div class=\"wpex-slider-slide sp-slide\"><div class=\"wpex-slider-media\"><img width=\"1280\" height=\"960\" src=\"https:\/\/www.fiestaclasica.org\/wp-content\/uploads\/2023\/04\/Grabacion-05.jpg\" class=\"skip-lazy\" alt=\"\" decoding=\"async\" data-no-lazy=\"1\" srcset=\"https:\/\/www.fiestaclasica.org\/wp-content\/uploads\/2023\/04\/Grabacion-05.jpg 1280w, https:\/\/www.fiestaclasica.org\/wp-content\/uploads\/2023\/04\/Grabacion-05-300x225.jpg 300w, https:\/\/www.fiestaclasica.org\/wp-content\/uploads\/2023\/04\/Grabacion-05-1024x768.jpg 1024w, https:\/\/www.fiestaclasica.org\/wp-content\/uploads\/2023\/04\/Grabacion-05-768x576.jpg 768w\" sizes=\"(max-width: 1280px) 100vw, 1280px\" \/><\/div><\/div><div class=\"wpex-slider-slide sp-slide\"><div class=\"wpex-slider-media\"><img width=\"1280\" height=\"960\" src=\"https:\/\/www.fiestaclasica.org\/wp-content\/uploads\/2023\/04\/Grabacion-06.jpg\" class=\"skip-lazy\" alt=\"\" decoding=\"async\" data-no-lazy=\"1\" srcset=\"https:\/\/www.fiestaclasica.org\/wp-content\/uploads\/2023\/04\/Grabacion-06.jpg 1280w, https:\/\/www.fiestaclasica.org\/wp-content\/uploads\/2023\/04\/Grabacion-06-300x225.jpg 300w, https:\/\/www.fiestaclasica.org\/wp-content\/uploads\/2023\/04\/Grabacion-06-1024x768.jpg 1024w, https:\/\/www.fiestaclasica.org\/wp-content\/uploads\/2023\/04\/Grabacion-06-768x576.jpg 768w\" sizes=\"(max-width: 1280px) 100vw, 1280px\" \/><\/div><\/div><div class=\"wpex-slider-slide sp-slide\"><div class=\"wpex-slider-media\"><img width=\"1280\" height=\"960\" src=\"https:\/\/www.fiestaclasica.org\/wp-content\/uploads\/2023\/04\/Grabacion-07.jpg\" class=\"skip-lazy\" alt=\"\" decoding=\"async\" data-no-lazy=\"1\" srcset=\"https:\/\/www.fiestaclasica.org\/wp-content\/uploads\/2023\/04\/Grabacion-07.jpg 1280w, https:\/\/www.fiestaclasica.org\/wp-content\/uploads\/2023\/04\/Grabacion-07-300x225.jpg 300w, https:\/\/www.fiestaclasica.org\/wp-content\/uploads\/2023\/04\/Grabacion-07-1024x768.jpg 1024w, https:\/\/www.fiestaclasica.org\/wp-content\/uploads\/2023\/04\/Grabacion-07-768x576.jpg 768w\" sizes=\"(max-width: 1280px) 100vw, 1280px\" \/><\/div><\/div><\/div><div class=\"wpex-slider-thumbnails sp-thumbnails\"><img width=\"1280\" height=\"960\" src=\"https:\/\/www.fiestaclasica.org\/wp-content\/uploads\/2023\/04\/Grabacion-08.jpg\" class=\"wpex-slider-thumbnail sp-thumbnail skip-lazy\" alt=\"\" decoding=\"async\" data-no-lazy=\"1\" srcset=\"https:\/\/www.fiestaclasica.org\/wp-content\/uploads\/2023\/04\/Grabacion-08.jpg 1280w, https:\/\/www.fiestaclasica.org\/wp-content\/uploads\/2023\/04\/Grabacion-08-300x225.jpg 300w, https:\/\/www.fiestaclasica.org\/wp-content\/uploads\/2023\/04\/Grabacion-08-1024x768.jpg 1024w, https:\/\/www.fiestaclasica.org\/wp-content\/uploads\/2023\/04\/Grabacion-08-768x576.jpg 768w\" sizes=\"(max-width: 1280px) 100vw, 1280px\" \/><img width=\"1280\" height=\"960\" src=\"https:\/\/www.fiestaclasica.org\/wp-content\/uploads\/2023\/04\/Grabacion-00.jpg\" class=\"wpex-slider-thumbnail sp-thumbnail skip-lazy\" alt=\"\" decoding=\"async\" data-no-lazy=\"1\" srcset=\"https:\/\/www.fiestaclasica.org\/wp-content\/uploads\/2023\/04\/Grabacion-00.jpg 1280w, https:\/\/www.fiestaclasica.org\/wp-content\/uploads\/2023\/04\/Grabacion-00-300x225.jpg 300w, https:\/\/www.fiestaclasica.org\/wp-content\/uploads\/2023\/04\/Grabacion-00-1024x768.jpg 1024w, https:\/\/www.fiestaclasica.org\/wp-content\/uploads\/2023\/04\/Grabacion-00-768x576.jpg 768w\" sizes=\"(max-width: 1280px) 100vw, 1280px\" \/><img width=\"1280\" height=\"960\" src=\"https:\/\/www.fiestaclasica.org\/wp-content\/uploads\/2023\/04\/Grabacion-01.jpg\" class=\"wpex-slider-thumbnail sp-thumbnail skip-lazy\" alt=\"\" decoding=\"async\" data-no-lazy=\"1\" srcset=\"https:\/\/www.fiestaclasica.org\/wp-content\/uploads\/2023\/04\/Grabacion-01.jpg 1280w, https:\/\/www.fiestaclasica.org\/wp-content\/uploads\/2023\/04\/Grabacion-01-300x225.jpg 300w, https:\/\/www.fiestaclasica.org\/wp-content\/uploads\/2023\/04\/Grabacion-01-1024x768.jpg 1024w, https:\/\/www.fiestaclasica.org\/wp-content\/uploads\/2023\/04\/Grabacion-01-768x576.jpg 768w\" sizes=\"(max-width: 1280px) 100vw, 1280px\" \/><img width=\"1280\" height=\"960\" src=\"https:\/\/www.fiestaclasica.org\/wp-content\/uploads\/2023\/04\/Grabacion-02.jpg\" class=\"wpex-slider-thumbnail sp-thumbnail skip-lazy\" alt=\"\" decoding=\"async\" data-no-lazy=\"1\" srcset=\"https:\/\/www.fiestaclasica.org\/wp-content\/uploads\/2023\/04\/Grabacion-02.jpg 1280w, https:\/\/www.fiestaclasica.org\/wp-content\/uploads\/2023\/04\/Grabacion-02-300x225.jpg 300w, https:\/\/www.fiestaclasica.org\/wp-content\/uploads\/2023\/04\/Grabacion-02-1024x768.jpg 1024w, https:\/\/www.fiestaclasica.org\/wp-content\/uploads\/2023\/04\/Grabacion-02-768x576.jpg 768w\" sizes=\"(max-width: 1280px) 100vw, 1280px\" \/><img width=\"1280\" height=\"960\" src=\"https:\/\/www.fiestaclasica.org\/wp-content\/uploads\/2023\/04\/Grabacion-03.jpg\" class=\"wpex-slider-thumbnail sp-thumbnail skip-lazy\" alt=\"\" decoding=\"async\" data-no-lazy=\"1\" srcset=\"https:\/\/www.fiestaclasica.org\/wp-content\/uploads\/2023\/04\/Grabacion-03.jpg 1280w, https:\/\/www.fiestaclasica.org\/wp-content\/uploads\/2023\/04\/Grabacion-03-300x225.jpg 300w, https:\/\/www.fiestaclasica.org\/wp-content\/uploads\/2023\/04\/Grabacion-03-1024x768.jpg 1024w, https:\/\/www.fiestaclasica.org\/wp-content\/uploads\/2023\/04\/Grabacion-03-768x576.jpg 768w\" sizes=\"(max-width: 1280px) 100vw, 1280px\" \/><img width=\"1280\" height=\"960\" src=\"https:\/\/www.fiestaclasica.org\/wp-content\/uploads\/2023\/04\/Grabacion-04.jpg\" class=\"wpex-slider-thumbnail sp-thumbnail skip-lazy\" alt=\"\" decoding=\"async\" data-no-lazy=\"1\" srcset=\"https:\/\/www.fiestaclasica.org\/wp-content\/uploads\/2023\/04\/Grabacion-04.jpg 1280w, https:\/\/www.fiestaclasica.org\/wp-content\/uploads\/2023\/04\/Grabacion-04-300x225.jpg 300w, https:\/\/www.fiestaclasica.org\/wp-content\/uploads\/2023\/04\/Grabacion-04-1024x768.jpg 1024w, https:\/\/www.fiestaclasica.org\/wp-content\/uploads\/2023\/04\/Grabacion-04-768x576.jpg 768w\" sizes=\"(max-width: 1280px) 100vw, 1280px\" \/><img width=\"1280\" height=\"960\" src=\"https:\/\/www.fiestaclasica.org\/wp-content\/uploads\/2023\/04\/Grabacion-05.jpg\" class=\"wpex-slider-thumbnail sp-thumbnail skip-lazy\" alt=\"\" decoding=\"async\" data-no-lazy=\"1\" srcset=\"https:\/\/www.fiestaclasica.org\/wp-content\/uploads\/2023\/04\/Grabacion-05.jpg 1280w, https:\/\/www.fiestaclasica.org\/wp-content\/uploads\/2023\/04\/Grabacion-05-300x225.jpg 300w, https:\/\/www.fiestaclasica.org\/wp-content\/uploads\/2023\/04\/Grabacion-05-1024x768.jpg 1024w, https:\/\/www.fiestaclasica.org\/wp-content\/uploads\/2023\/04\/Grabacion-05-768x576.jpg 768w\" sizes=\"(max-width: 1280px) 100vw, 1280px\" \/><img width=\"1280\" height=\"960\" src=\"https:\/\/www.fiestaclasica.org\/wp-content\/uploads\/2023\/04\/Grabacion-06.jpg\" class=\"wpex-slider-thumbnail sp-thumbnail skip-lazy\" alt=\"\" decoding=\"async\" data-no-lazy=\"1\" srcset=\"https:\/\/www.fiestaclasica.org\/wp-content\/uploads\/2023\/04\/Grabacion-06.jpg 1280w, https:\/\/www.fiestaclasica.org\/wp-content\/uploads\/2023\/04\/Grabacion-06-300x225.jpg 300w, https:\/\/www.fiestaclasica.org\/wp-content\/uploads\/2023\/04\/Grabacion-06-1024x768.jpg 1024w, https:\/\/www.fiestaclasica.org\/wp-content\/uploads\/2023\/04\/Grabacion-06-768x576.jpg 768w\" sizes=\"(max-width: 1280px) 100vw, 1280px\" \/><img width=\"1280\" height=\"960\" src=\"https:\/\/www.fiestaclasica.org\/wp-content\/uploads\/2023\/04\/Grabacion-07.jpg\" class=\"wpex-slider-thumbnail sp-thumbnail skip-lazy\" alt=\"\" decoding=\"async\" data-no-lazy=\"1\" srcset=\"https:\/\/www.fiestaclasica.org\/wp-content\/uploads\/2023\/04\/Grabacion-07.jpg 1280w, https:\/\/www.fiestaclasica.org\/wp-content\/uploads\/2023\/04\/Grabacion-07-300x225.jpg 300w, https:\/\/www.fiestaclasica.org\/wp-content\/uploads\/2023\/04\/Grabacion-07-1024x768.jpg 1024w, https:\/\/www.fiestaclasica.org\/wp-content\/uploads\/2023\/04\/Grabacion-07-768x576.jpg 768w\" sizes=\"(max-width: 1280px) 100vw, 1280px\" \/><\/div><\/div>[\/vc_column][\/vc_row][vc_row][vc_column][vc_column_text]Santo Domingo, 15 f\u00e9vrier, 2021. Nous continuons \u00e0 travailler malgr\u00e9 la situation sanitaire. Et pour partager avec vous de nouvelles exp\u00e9riences, nous avons enregistr\u00e9 plusieurs vid\u00e9os dans la Loge Cuna de America et dans la Chapelle de Remedios. Ces vid\u00e9os ont \u00e9t\u00e9 r\u00e9alis\u00e9es par le c\u00e9l\u00e8bre directeur Sergio Gobbi et l&rsquo;\u00e9quipe technique d&rsquo;AuroraColor :<\/p>\n<p>&#8211; Le Gloria de Vivaldi<br \/>\n&#8211; Ange pour une tambora<br \/>\n&#8211; Dona, Dona<br \/>\n&#8211; Eine kleine Nachtmusik KV 525 de Mozart<br \/>\n[\/vc_column_text][\/vc_column][\/vc_row]\n","protected":false},"excerpt":{"rendered":"<p>[vc_row][vc_column][\/vc_column][\/vc_row][vc_row][vc_column][vc_column_text]Santo Domingo, 15 f\u00e9vrier, 2021. Nous continuons \u00e0 travailler malgr\u00e9 la situation sanitaire. Et pour partager avec vous de nouvelles exp\u00e9riences, nous avons enregistr\u00e9 plusieurs vid\u00e9os dans la Loge Cuna de America et dans la Chapelle de Remedios. Ces vid\u00e9os ont \u00e9t\u00e9 r\u00e9alis\u00e9es par le c\u00e9l\u00e8bre directeur Sergio Gobbi et l&rsquo;\u00e9quipe technique d&rsquo;AuroraColor : &#8211;&hellip;<\/p>\n","protected":false},"author":3,"featured_media":12261,"comment_status":"open","ping_status":"open","sticky":false,"template":"","format":"standard","meta":[],"categories":[18],"tags":[],"post_series":[],"yoast_head":"<!-- This site is optimized with the Yoast SEO plugin v20.7 - https:\/\/yoast.com\/wordpress\/plugins\/seo\/ -->\n<title>Enregistrement vid\u00e9o - Fiesta Clasica<\/title>\n<meta name=\"description\" content=\"Nous continuons \u00e0 travailler malgr\u00e9 la situation sanitaire. Et pour partager avec vous de nouvelles exp\u00e9riences, nous avons enregistr\u00e9 plusieurs vid\u00e9os dans la Loge Cuna de America et dans la Chapelle de Remedios.\" \/>\n<meta name=\"robots\" content=\"index, follow, max-snippet:-1, max-image-preview:large, max-video-preview:-1\" \/>\n<link rel=\"canonical\" href=\"https:\/\/www.fiestaclasica.org\/fr\/grabacion-de-video\/\" \/>\n<meta property=\"og:locale\" content=\"fr_FR\" \/>\n<meta property=\"og:type\" content=\"article\" \/>\n<meta property=\"og:title\" content=\"Enregistrement vid\u00e9o - Fiesta Clasica\" \/>\n<meta property=\"og:description\" content=\"Nous continuons \u00e0 travailler malgr\u00e9 la situation sanitaire. Et pour partager avec vous de nouvelles exp\u00e9riences, nous avons enregistr\u00e9 plusieurs vid\u00e9os dans la Loge Cuna de America et dans la Chapelle de Remedios.\" \/>\n<meta property=\"og:url\" content=\"https:\/\/www.fiestaclasica.org\/grabacion-de-video\/\" \/>\n<meta property=\"og:site_name\" content=\"Fiesta Clasica\" \/>\n<meta property=\"article:publisher\" content=\"https:\/\/www.facebook.com\/FiestaClasica\/\" \/>\n<meta property=\"article:published_time\" content=\"2021-02-15T16:22:14+00:00\" \/>\n<meta property=\"article:modified_time\" content=\"2023-04-10T13:55:37+00:00\" \/>\n<meta property=\"og:image\" content=\"http:\/\/www.fiestaclasica.org\/wp-content\/uploads\/2023\/04\/Grabacion-08.jpg\" \/>\n\t<meta property=\"og:image:width\" content=\"1280\" \/>\n\t<meta property=\"og:image:height\" content=\"960\" \/>\n\t<meta property=\"og:image:type\" content=\"image\/jpeg\" \/>\n<meta name=\"author\" content=\"franck\" \/>\n<meta name=\"twitter:card\" content=\"summary_large_image\" \/>\n<meta name=\"twitter:creator\" content=\"@fiestaclasica\" \/>\n<meta name=\"twitter:site\" content=\"@fiestaclasica\" \/>\n<meta name=\"twitter:label1\" content=\"\u00c9crit par\" \/>\n\t<meta name=\"twitter:data1\" content=\"franck\" \/>\n\t<meta name=\"twitter:label2\" content=\"Dur\u00e9e de lecture estim\u00e9e\" \/>\n\t<meta name=\"twitter:data2\" content=\"1 minute\" \/>\n<script type=\"application\/ld+json\" class=\"yoast-schema-graph\">{\"@context\":\"https:\/\/schema.org\",\"@graph\":[{\"@type\":\"Article\",\"@id\":\"https:\/\/www.fiestaclasica.org\/grabacion-de-video\/#article\",\"isPartOf\":{\"@id\":\"https:\/\/www.fiestaclasica.org\/grabacion-de-video\/\"},\"author\":{\"name\":\"franck\",\"@id\":\"https:\/\/www.fiestaclasica.org\/#\/schema\/person\/eef6c015d54f7abaf15ab423eea8e2cb\"},\"headline\":\"Enregistrement vid\u00e9o\",\"datePublished\":\"2021-02-15T16:22:14+00:00\",\"dateModified\":\"2023-04-10T13:55:37+00:00\",\"mainEntityOfPage\":{\"@id\":\"https:\/\/www.fiestaclasica.org\/grabacion-de-video\/\"},\"wordCount\":114,\"commentCount\":0,\"publisher\":{\"@id\":\"https:\/\/www.fiestaclasica.org\/#organization\"},\"articleSection\":[\"Actualit\u00e9s\"],\"inLanguage\":\"fr-FR\",\"potentialAction\":[{\"@type\":\"CommentAction\",\"name\":\"Comment\",\"target\":[\"https:\/\/www.fiestaclasica.org\/grabacion-de-video\/#respond\"]}]},{\"@type\":\"WebPage\",\"@id\":\"https:\/\/www.fiestaclasica.org\/grabacion-de-video\/\",\"url\":\"https:\/\/www.fiestaclasica.org\/grabacion-de-video\/\",\"name\":\"Enregistrement vid\u00e9o - Fiesta Clasica\",\"isPartOf\":{\"@id\":\"https:\/\/www.fiestaclasica.org\/#website\"},\"datePublished\":\"2021-02-15T16:22:14+00:00\",\"dateModified\":\"2023-04-10T13:55:37+00:00\",\"description\":\"Nous continuons \u00e0 travailler malgr\u00e9 la situation sanitaire. Et pour partager avec vous de nouvelles exp\u00e9riences, nous avons enregistr\u00e9 plusieurs vid\u00e9os dans la Loge Cuna de America et dans la Chapelle de Remedios.\",\"breadcrumb\":{\"@id\":\"https:\/\/www.fiestaclasica.org\/grabacion-de-video\/#breadcrumb\"},\"inLanguage\":\"fr-FR\",\"potentialAction\":[{\"@type\":\"ReadAction\",\"target\":[\"https:\/\/www.fiestaclasica.org\/grabacion-de-video\/\"]}]},{\"@type\":\"BreadcrumbList\",\"@id\":\"https:\/\/www.fiestaclasica.org\/grabacion-de-video\/#breadcrumb\",\"itemListElement\":[{\"@type\":\"ListItem\",\"position\":1,\"name\":\"Portada\",\"item\":\"https:\/\/www.fiestaclasica.org\/fr\/\"},{\"@type\":\"ListItem\",\"position\":2,\"name\":\"Enregistrement vid\u00e9o\"}]},{\"@type\":\"WebSite\",\"@id\":\"https:\/\/www.fiestaclasica.org\/#website\",\"url\":\"https:\/\/www.fiestaclasica.org\/\",\"name\":\"Fiesta Clasica\",\"description\":\"Fiesta Clasica\",\"publisher\":{\"@id\":\"https:\/\/www.fiestaclasica.org\/#organization\"},\"potentialAction\":[{\"@type\":\"SearchAction\",\"target\":{\"@type\":\"EntryPoint\",\"urlTemplate\":\"https:\/\/www.fiestaclasica.org\/?s={search_term_string}\"},\"query-input\":\"required name=search_term_string\"}],\"inLanguage\":\"fr-FR\"},{\"@type\":\"Organization\",\"@id\":\"https:\/\/www.fiestaclasica.org\/#organization\",\"name\":\"fiesta clasica\",\"url\":\"https:\/\/www.fiestaclasica.org\/\",\"logo\":{\"@type\":\"ImageObject\",\"inLanguage\":\"fr-FR\",\"@id\":\"https:\/\/www.fiestaclasica.org\/#\/schema\/logo\/image\/\",\"url\":\"https:\/\/www.fiestaclasica.org\/wp-content\/uploads\/2016\/04\/logo-FC-prensa.jpg\",\"contentUrl\":\"https:\/\/www.fiestaclasica.org\/wp-content\/uploads\/2016\/04\/logo-FC-prensa.jpg\",\"width\":449,\"height\":261,\"caption\":\"fiesta clasica\"},\"image\":{\"@id\":\"https:\/\/www.fiestaclasica.org\/#\/schema\/logo\/image\/\"},\"sameAs\":[\"https:\/\/www.facebook.com\/FiestaClasica\/\",\"https:\/\/twitter.com\/fiestaclasica\",\"https:\/\/www.instagram.com\/fiestaclasica\/\",\"https:\/\/www.youtube.com\/channel\/UCt82JYKhPM3Th7pNLCA7-xw\"]},{\"@type\":\"Person\",\"@id\":\"https:\/\/www.fiestaclasica.org\/#\/schema\/person\/eef6c015d54f7abaf15ab423eea8e2cb\",\"name\":\"franck\",\"image\":{\"@type\":\"ImageObject\",\"inLanguage\":\"fr-FR\",\"@id\":\"https:\/\/www.fiestaclasica.org\/#\/schema\/person\/image\/\",\"url\":\"https:\/\/secure.gravatar.com\/avatar\/7c772a983d393adbc6e0585fac01e1ff?s=96&d=mm&r=g\",\"contentUrl\":\"https:\/\/secure.gravatar.com\/avatar\/7c772a983d393adbc6e0585fac01e1ff?s=96&d=mm&r=g\",\"caption\":\"franck\"},\"url\":\"https:\/\/www.fiestaclasica.org\/fr\/author\/franck\/\"}]}<\/script>\n<!-- \/ Yoast SEO plugin. -->","yoast_head_json":{"title":"Enregistrement vid\u00e9o - Fiesta Clasica","description":"Nous continuons \u00e0 travailler malgr\u00e9 la situation sanitaire. Et pour partager avec vous de nouvelles exp\u00e9riences, nous avons enregistr\u00e9 plusieurs vid\u00e9os dans la Loge Cuna de America et dans la Chapelle de Remedios.","robots":{"index":"index","follow":"follow","max-snippet":"max-snippet:-1","max-image-preview":"max-image-preview:large","max-video-preview":"max-video-preview:-1"},"canonical":"https:\/\/www.fiestaclasica.org\/fr\/grabacion-de-video\/","og_locale":"fr_FR","og_type":"article","og_title":"Enregistrement vid\u00e9o - Fiesta Clasica","og_description":"Nous continuons \u00e0 travailler malgr\u00e9 la situation sanitaire. Et pour partager avec vous de nouvelles exp\u00e9riences, nous avons enregistr\u00e9 plusieurs vid\u00e9os dans la Loge Cuna de America et dans la Chapelle de Remedios.","og_url":"https:\/\/www.fiestaclasica.org\/grabacion-de-video\/","og_site_name":"Fiesta Clasica","article_publisher":"https:\/\/www.facebook.com\/FiestaClasica\/","article_published_time":"2021-02-15T16:22:14+00:00","article_modified_time":"2023-04-10T13:55:37+00:00","og_image":[{"width":1280,"height":960,"url":"http:\/\/www.fiestaclasica.org\/wp-content\/uploads\/2023\/04\/Grabacion-08.jpg","type":"image\/jpeg"}],"author":"franck","twitter_card":"summary_large_image","twitter_creator":"@fiestaclasica","twitter_site":"@fiestaclasica","twitter_misc":{"\u00c9crit par":"franck","Dur\u00e9e de lecture estim\u00e9e":"1 minute"},"schema":{"@context":"https:\/\/schema.org","@graph":[{"@type":"Article","@id":"https:\/\/www.fiestaclasica.org\/grabacion-de-video\/#article","isPartOf":{"@id":"https:\/\/www.fiestaclasica.org\/grabacion-de-video\/"},"author":{"name":"franck","@id":"https:\/\/www.fiestaclasica.org\/#\/schema\/person\/eef6c015d54f7abaf15ab423eea8e2cb"},"headline":"Enregistrement vid\u00e9o","datePublished":"2021-02-15T16:22:14+00:00","dateModified":"2023-04-10T13:55:37+00:00","mainEntityOfPage":{"@id":"https:\/\/www.fiestaclasica.org\/grabacion-de-video\/"},"wordCount":114,"commentCount":0,"publisher":{"@id":"https:\/\/www.fiestaclasica.org\/#organization"},"articleSection":["Actualit\u00e9s"],"inLanguage":"fr-FR","potentialAction":[{"@type":"CommentAction","name":"Comment","target":["https:\/\/www.fiestaclasica.org\/grabacion-de-video\/#respond"]}]},{"@type":"WebPage","@id":"https:\/\/www.fiestaclasica.org\/grabacion-de-video\/","url":"https:\/\/www.fiestaclasica.org\/grabacion-de-video\/","name":"Enregistrement vid\u00e9o - Fiesta Clasica","isPartOf":{"@id":"https:\/\/www.fiestaclasica.org\/#website"},"datePublished":"2021-02-15T16:22:14+00:00","dateModified":"2023-04-10T13:55:37+00:00","description":"Nous continuons \u00e0 travailler malgr\u00e9 la situation sanitaire. Et pour partager avec vous de nouvelles exp\u00e9riences, nous avons enregistr\u00e9 plusieurs vid\u00e9os dans la Loge Cuna de America et dans la Chapelle de Remedios.","breadcrumb":{"@id":"https:\/\/www.fiestaclasica.org\/grabacion-de-video\/#breadcrumb"},"inLanguage":"fr-FR","potentialAction":[{"@type":"ReadAction","target":["https:\/\/www.fiestaclasica.org\/grabacion-de-video\/"]}]},{"@type":"BreadcrumbList","@id":"https:\/\/www.fiestaclasica.org\/grabacion-de-video\/#breadcrumb","itemListElement":[{"@type":"ListItem","position":1,"name":"Portada","item":"https:\/\/www.fiestaclasica.org\/fr\/"},{"@type":"ListItem","position":2,"name":"Enregistrement vid\u00e9o"}]},{"@type":"WebSite","@id":"https:\/\/www.fiestaclasica.org\/#website","url":"https:\/\/www.fiestaclasica.org\/","name":"Fiesta Clasica","description":"Fiesta Clasica","publisher":{"@id":"https:\/\/www.fiestaclasica.org\/#organization"},"potentialAction":[{"@type":"SearchAction","target":{"@type":"EntryPoint","urlTemplate":"https:\/\/www.fiestaclasica.org\/?s={search_term_string}"},"query-input":"required name=search_term_string"}],"inLanguage":"fr-FR"},{"@type":"Organization","@id":"https:\/\/www.fiestaclasica.org\/#organization","name":"fiesta clasica","url":"https:\/\/www.fiestaclasica.org\/","logo":{"@type":"ImageObject","inLanguage":"fr-FR","@id":"https:\/\/www.fiestaclasica.org\/#\/schema\/logo\/image\/","url":"https:\/\/www.fiestaclasica.org\/wp-content\/uploads\/2016\/04\/logo-FC-prensa.jpg","contentUrl":"https:\/\/www.fiestaclasica.org\/wp-content\/uploads\/2016\/04\/logo-FC-prensa.jpg","width":449,"height":261,"caption":"fiesta clasica"},"image":{"@id":"https:\/\/www.fiestaclasica.org\/#\/schema\/logo\/image\/"},"sameAs":["https:\/\/www.facebook.com\/FiestaClasica\/","https:\/\/twitter.com\/fiestaclasica","https:\/\/www.instagram.com\/fiestaclasica\/","https:\/\/www.youtube.com\/channel\/UCt82JYKhPM3Th7pNLCA7-xw"]},{"@type":"Person","@id":"https:\/\/www.fiestaclasica.org\/#\/schema\/person\/eef6c015d54f7abaf15ab423eea8e2cb","name":"franck","image":{"@type":"ImageObject","inLanguage":"fr-FR","@id":"https:\/\/www.fiestaclasica.org\/#\/schema\/person\/image\/","url":"https:\/\/secure.gravatar.com\/avatar\/7c772a983d393adbc6e0585fac01e1ff?s=96&d=mm&r=g","contentUrl":"https:\/\/secure.gravatar.com\/avatar\/7c772a983d393adbc6e0585fac01e1ff?s=96&d=mm&r=g","caption":"franck"},"url":"https:\/\/www.fiestaclasica.org\/fr\/author\/franck\/"}]}},"_links":{"self":[{"href":"https:\/\/www.fiestaclasica.org\/fr\/wp-json\/wp\/v2\/posts\/12291\/"}],"collection":[{"href":"https:\/\/www.fiestaclasica.org\/fr\/wp-json\/wp\/v2\/posts\/"}],"about":[{"href":"https:\/\/www.fiestaclasica.org\/fr\/wp-json\/wp\/v2\/types\/post\/"}],"author":[{"embeddable":true,"href":"https:\/\/www.fiestaclasica.org\/fr\/wp-json\/wp\/v2\/users\/3\/"}],"replies":[{"embeddable":true,"href":"https:\/\/www.fiestaclasica.org\/fr\/wp-json\/wp\/v2\/comments\/?post=12291"}],"version-history":[{"count":1,"href":"https:\/\/www.fiestaclasica.org\/fr\/wp-json\/wp\/v2\/posts\/12291\/revisions\/"}],"predecessor-version":[{"id":12292,"href":"https:\/\/www.fiestaclasica.org\/fr\/wp-json\/wp\/v2\/posts\/12291\/revisions\/12292\/"}],"wp:featuredmedia":[{"embeddable":true,"href":"https:\/\/www.fiestaclasica.org\/fr\/wp-json\/wp\/v2\/media\/12261\/"}],"wp:attachment":[{"href":"https:\/\/www.fiestaclasica.org\/fr\/wp-json\/wp\/v2\/media\/?parent=12291"}],"wp:term":[{"taxonomy":"category","embeddable":true,"href":"https:\/\/www.fiestaclasica.org\/fr\/wp-json\/wp\/v2\/categories\/?post=12291"},{"taxonomy":"post_tag","embeddable":true,"href":"https:\/\/www.fiestaclasica.org\/fr\/wp-json\/wp\/v2\/tags\/?post=12291"},{"taxonomy":"post_series","embeddable":true,"href":"https:\/\/www.fiestaclasica.org\/fr\/wp-json\/wp\/v2\/post_series\/?post=12291"}],"curies":[{"name":"wp","href":"https:\/\/api.w.org\/{rel}","templated":true}]}}