{"id":11265,"date":"2020-03-07T15:10:19","date_gmt":"2020-03-07T15:10:19","guid":{"rendered":"http:\/\/www.fiestaclasica.org\/visita-de-raul-paz-embajador-de-buena-voluntad-de-la-unicef\/"},"modified":"2021-09-30T13:21:12","modified_gmt":"2021-09-30T13:21:12","slug":"visite-de-raul-paz-ambassadeur-de-bonne-volonte-de-lunicef","status":"publish","type":"post","link":"https:\/\/www.fiestaclasica.org\/fr\/visite-de-raul-paz-ambassadeur-de-bonne-volonte-de-lunicef\/","title":{"rendered":"Visite de Raul Paz, Ambassadeur de Bonne Volont\u00e9 de l\u2019Unicef"},"content":{"rendered":"[vc_row][vc_column][vc_column_text]Saint Domingue . 28 f\u00e9vrier 2020 : L\u2019auteur compositeur et interpr\u00e8te Raul Paz \u00e9tait de passage en R\u00e9publique Dominicaine pour deux concerts. Il a profit\u00e9 de sa pr\u00e9sence pour visiter notre n\u00facleo Jos\u00e9 Reyes situ\u00e9 dans la Zone Coloniale et assurer un atelier de cr\u00e9ation musicale pour un groupe d&rsquo;\u00e9l\u00e8ves de la fondation. Cela a \u00e9t\u00e9 une exp\u00e9rience extr\u00eamement int\u00e9ressante pour tous.[\/vc_column_text][\/vc_column][\/vc_row]\n","protected":false},"excerpt":{"rendered":"<p>[vc_row][vc_column][vc_column_text]Saint Domingue . 28 f\u00e9vrier 2020 : L\u2019auteur compositeur et interpr\u00e8te Raul Paz \u00e9tait de passage en R\u00e9publique Dominicaine pour deux concerts. Il a profit\u00e9 de sa pr\u00e9sence pour visiter notre n\u00facleo Jos\u00e9 Reyes situ\u00e9 dans la Zone Coloniale et assurer un atelier de cr\u00e9ation musicale pour un groupe d&rsquo;\u00e9l\u00e8ves de la fondation. Cela a&hellip;<\/p>\n","protected":false},"author":1,"featured_media":11248,"comment_status":"open","ping_status":"open","sticky":false,"template":"","format":"standard","meta":[],"categories":[18],"tags":[],"post_series":[],"yoast_head":"<!-- This site is optimized with the Yoast SEO plugin v20.7 - https:\/\/yoast.com\/wordpress\/plugins\/seo\/ -->\n<title>Visite de Raul Paz, Ambassadeur de Bonne Volont\u00e9 de l\u2019Unicef - Fiesta Clasica<\/title>\n<meta name=\"robots\" content=\"index, follow, max-snippet:-1, max-image-preview:large, max-video-preview:-1\" \/>\n<link rel=\"canonical\" href=\"https:\/\/www.fiestaclasica.org\/fr\/visite-de-raul-paz-ambassadeur-de-bonne-volonte-de-lunicef\/\" \/>\n<meta property=\"og:locale\" content=\"fr_FR\" \/>\n<meta property=\"og:type\" content=\"article\" \/>\n<meta property=\"og:title\" content=\"Visite de Raul Paz, Ambassadeur de Bonne Volont\u00e9 de l\u2019Unicef - Fiesta Clasica\" \/>\n<meta property=\"og:description\" content=\"[vc_row][vc_column][vc_column_text]Saint Domingue . 28 f\u00e9vrier 2020 : L\u2019auteur compositeur et interpr\u00e8te Raul Paz \u00e9tait de passage en R\u00e9publique Dominicaine pour deux concerts. Il a profit\u00e9 de sa pr\u00e9sence pour visiter notre n\u00facleo Jos\u00e9 Reyes situ\u00e9 dans la Zone Coloniale et assurer un atelier de cr\u00e9ation musicale pour un groupe d&rsquo;\u00e9l\u00e8ves de la fondation. Cela a&hellip;\" \/>\n<meta property=\"og:url\" content=\"https:\/\/www.fiestaclasica.org\/fr\/visite-de-raul-paz-ambassadeur-de-bonne-volonte-de-lunicef\/\" \/>\n<meta property=\"og:site_name\" content=\"Fiesta Clasica\" \/>\n<meta property=\"article:publisher\" content=\"https:\/\/www.facebook.com\/FiestaClasica\/\" \/>\n<meta property=\"article:published_time\" content=\"2020-03-07T15:10:19+00:00\" \/>\n<meta property=\"article:modified_time\" content=\"2021-09-30T13:21:12+00:00\" \/>\n<meta property=\"og:image\" content=\"https:\/\/www.fiestaclasica.org\/wp-content\/uploads\/2020\/03\/not_unicef.jpg\" \/>\n\t<meta property=\"og:image:width\" content=\"960\" \/>\n\t<meta property=\"og:image:height\" content=\"720\" \/>\n\t<meta property=\"og:image:type\" content=\"image\/jpeg\" \/>\n<meta name=\"author\" content=\"webzwin\" \/>\n<meta name=\"twitter:card\" content=\"summary_large_image\" \/>\n<meta name=\"twitter:creator\" content=\"@fiestaclasica\" \/>\n<meta name=\"twitter:site\" content=\"@fiestaclasica\" \/>\n<meta name=\"twitter:label1\" content=\"\u00c9crit par\" \/>\n\t<meta name=\"twitter:data1\" content=\"webzwin\" \/>\n<script type=\"application\/ld+json\" class=\"yoast-schema-graph\">{\"@context\":\"https:\/\/schema.org\",\"@graph\":[{\"@type\":\"Article\",\"@id\":\"https:\/\/www.fiestaclasica.org\/fr\/visite-de-raul-paz-ambassadeur-de-bonne-volonte-de-lunicef\/#article\",\"isPartOf\":{\"@id\":\"https:\/\/www.fiestaclasica.org\/fr\/visite-de-raul-paz-ambassadeur-de-bonne-volonte-de-lunicef\/\"},\"author\":{\"name\":\"webzwin\",\"@id\":\"https:\/\/www.fiestaclasica.org\/#\/schema\/person\/e8219b53c2a1c7e6b03ea5329053f8ac\"},\"headline\":\"Visite de Raul Paz, Ambassadeur de Bonne Volont\u00e9 de l\u2019Unicef\",\"datePublished\":\"2020-03-07T15:10:19+00:00\",\"dateModified\":\"2021-09-30T13:21:12+00:00\",\"mainEntityOfPage\":{\"@id\":\"https:\/\/www.fiestaclasica.org\/fr\/visite-de-raul-paz-ambassadeur-de-bonne-volonte-de-lunicef\/\"},\"wordCount\":95,\"commentCount\":0,\"publisher\":{\"@id\":\"https:\/\/www.fiestaclasica.org\/#organization\"},\"articleSection\":[\"Actualit\u00e9s\"],\"inLanguage\":\"fr-FR\",\"potentialAction\":[{\"@type\":\"CommentAction\",\"name\":\"Comment\",\"target\":[\"https:\/\/www.fiestaclasica.org\/fr\/visite-de-raul-paz-ambassadeur-de-bonne-volonte-de-lunicef\/#respond\"]}]},{\"@type\":\"WebPage\",\"@id\":\"https:\/\/www.fiestaclasica.org\/fr\/visite-de-raul-paz-ambassadeur-de-bonne-volonte-de-lunicef\/\",\"url\":\"https:\/\/www.fiestaclasica.org\/fr\/visite-de-raul-paz-ambassadeur-de-bonne-volonte-de-lunicef\/\",\"name\":\"Visite de Raul Paz, Ambassadeur de Bonne Volont\u00e9 de l\u2019Unicef - Fiesta Clasica\",\"isPartOf\":{\"@id\":\"https:\/\/www.fiestaclasica.org\/#website\"},\"datePublished\":\"2020-03-07T15:10:19+00:00\",\"dateModified\":\"2021-09-30T13:21:12+00:00\",\"breadcrumb\":{\"@id\":\"https:\/\/www.fiestaclasica.org\/fr\/visite-de-raul-paz-ambassadeur-de-bonne-volonte-de-lunicef\/#breadcrumb\"},\"inLanguage\":\"fr-FR\",\"potentialAction\":[{\"@type\":\"ReadAction\",\"target\":[\"https:\/\/www.fiestaclasica.org\/fr\/visite-de-raul-paz-ambassadeur-de-bonne-volonte-de-lunicef\/\"]}]},{\"@type\":\"BreadcrumbList\",\"@id\":\"https:\/\/www.fiestaclasica.org\/fr\/visite-de-raul-paz-ambassadeur-de-bonne-volonte-de-lunicef\/#breadcrumb\",\"itemListElement\":[{\"@type\":\"ListItem\",\"position\":1,\"name\":\"Portada\",\"item\":\"https:\/\/www.fiestaclasica.org\/fr\/\"},{\"@type\":\"ListItem\",\"position\":2,\"name\":\"Visite de Raul Paz, Ambassadeur de Bonne Volont\u00e9 de l\u2019Unicef\"}]},{\"@type\":\"WebSite\",\"@id\":\"https:\/\/www.fiestaclasica.org\/#website\",\"url\":\"https:\/\/www.fiestaclasica.org\/\",\"name\":\"Fiesta Clasica\",\"description\":\"Fiesta Clasica\",\"publisher\":{\"@id\":\"https:\/\/www.fiestaclasica.org\/#organization\"},\"potentialAction\":[{\"@type\":\"SearchAction\",\"target\":{\"@type\":\"EntryPoint\",\"urlTemplate\":\"https:\/\/www.fiestaclasica.org\/?s={search_term_string}\"},\"query-input\":\"required name=search_term_string\"}],\"inLanguage\":\"fr-FR\"},{\"@type\":\"Organization\",\"@id\":\"https:\/\/www.fiestaclasica.org\/#organization\",\"name\":\"fiesta clasica\",\"url\":\"https:\/\/www.fiestaclasica.org\/\",\"logo\":{\"@type\":\"ImageObject\",\"inLanguage\":\"fr-FR\",\"@id\":\"https:\/\/www.fiestaclasica.org\/#\/schema\/logo\/image\/\",\"url\":\"https:\/\/www.fiestaclasica.org\/wp-content\/uploads\/2016\/04\/logo-FC-prensa.jpg\",\"contentUrl\":\"https:\/\/www.fiestaclasica.org\/wp-content\/uploads\/2016\/04\/logo-FC-prensa.jpg\",\"width\":449,\"height\":261,\"caption\":\"fiesta clasica\"},\"image\":{\"@id\":\"https:\/\/www.fiestaclasica.org\/#\/schema\/logo\/image\/\"},\"sameAs\":[\"https:\/\/www.facebook.com\/FiestaClasica\/\",\"https:\/\/twitter.com\/fiestaclasica\",\"https:\/\/www.instagram.com\/fiestaclasica\/\",\"https:\/\/www.youtube.com\/channel\/UCt82JYKhPM3Th7pNLCA7-xw\"]},{\"@type\":\"Person\",\"@id\":\"https:\/\/www.fiestaclasica.org\/#\/schema\/person\/e8219b53c2a1c7e6b03ea5329053f8ac\",\"name\":\"webzwin\",\"image\":{\"@type\":\"ImageObject\",\"inLanguage\":\"fr-FR\",\"@id\":\"https:\/\/www.fiestaclasica.org\/#\/schema\/person\/image\/\",\"url\":\"https:\/\/secure.gravatar.com\/avatar\/b61cecce942f25228da00c5f6ea9bef8?s=96&d=mm&r=g\",\"contentUrl\":\"https:\/\/secure.gravatar.com\/avatar\/b61cecce942f25228da00c5f6ea9bef8?s=96&d=mm&r=g\",\"caption\":\"webzwin\"},\"url\":\"https:\/\/www.fiestaclasica.org\/fr\/author\/webzwin\/\"}]}<\/script>\n<!-- \/ Yoast SEO plugin. -->","yoast_head_json":{"title":"Visite de Raul Paz, Ambassadeur de Bonne Volont\u00e9 de l\u2019Unicef - Fiesta Clasica","robots":{"index":"index","follow":"follow","max-snippet":"max-snippet:-1","max-image-preview":"max-image-preview:large","max-video-preview":"max-video-preview:-1"},"canonical":"https:\/\/www.fiestaclasica.org\/fr\/visite-de-raul-paz-ambassadeur-de-bonne-volonte-de-lunicef\/","og_locale":"fr_FR","og_type":"article","og_title":"Visite de Raul Paz, Ambassadeur de Bonne Volont\u00e9 de l\u2019Unicef - Fiesta Clasica","og_description":"[vc_row][vc_column][vc_column_text]Saint Domingue . 28 f\u00e9vrier 2020 : L\u2019auteur compositeur et interpr\u00e8te Raul Paz \u00e9tait de passage en R\u00e9publique Dominicaine pour deux concerts. Il a profit\u00e9 de sa pr\u00e9sence pour visiter notre n\u00facleo Jos\u00e9 Reyes situ\u00e9 dans la Zone Coloniale et assurer un atelier de cr\u00e9ation musicale pour un groupe d&rsquo;\u00e9l\u00e8ves de la fondation. Cela a&hellip;","og_url":"https:\/\/www.fiestaclasica.org\/fr\/visite-de-raul-paz-ambassadeur-de-bonne-volonte-de-lunicef\/","og_site_name":"Fiesta Clasica","article_publisher":"https:\/\/www.facebook.com\/FiestaClasica\/","article_published_time":"2020-03-07T15:10:19+00:00","article_modified_time":"2021-09-30T13:21:12+00:00","og_image":[{"width":960,"height":720,"url":"https:\/\/www.fiestaclasica.org\/wp-content\/uploads\/2020\/03\/not_unicef.jpg","type":"image\/jpeg"}],"author":"webzwin","twitter_card":"summary_large_image","twitter_creator":"@fiestaclasica","twitter_site":"@fiestaclasica","twitter_misc":{"\u00c9crit par":"webzwin"},"schema":{"@context":"https:\/\/schema.org","@graph":[{"@type":"Article","@id":"https:\/\/www.fiestaclasica.org\/fr\/visite-de-raul-paz-ambassadeur-de-bonne-volonte-de-lunicef\/#article","isPartOf":{"@id":"https:\/\/www.fiestaclasica.org\/fr\/visite-de-raul-paz-ambassadeur-de-bonne-volonte-de-lunicef\/"},"author":{"name":"webzwin","@id":"https:\/\/www.fiestaclasica.org\/#\/schema\/person\/e8219b53c2a1c7e6b03ea5329053f8ac"},"headline":"Visite de Raul Paz, Ambassadeur de Bonne Volont\u00e9 de l\u2019Unicef","datePublished":"2020-03-07T15:10:19+00:00","dateModified":"2021-09-30T13:21:12+00:00","mainEntityOfPage":{"@id":"https:\/\/www.fiestaclasica.org\/fr\/visite-de-raul-paz-ambassadeur-de-bonne-volonte-de-lunicef\/"},"wordCount":95,"commentCount":0,"publisher":{"@id":"https:\/\/www.fiestaclasica.org\/#organization"},"articleSection":["Actualit\u00e9s"],"inLanguage":"fr-FR","potentialAction":[{"@type":"CommentAction","name":"Comment","target":["https:\/\/www.fiestaclasica.org\/fr\/visite-de-raul-paz-ambassadeur-de-bonne-volonte-de-lunicef\/#respond"]}]},{"@type":"WebPage","@id":"https:\/\/www.fiestaclasica.org\/fr\/visite-de-raul-paz-ambassadeur-de-bonne-volonte-de-lunicef\/","url":"https:\/\/www.fiestaclasica.org\/fr\/visite-de-raul-paz-ambassadeur-de-bonne-volonte-de-lunicef\/","name":"Visite de Raul Paz, Ambassadeur de Bonne Volont\u00e9 de l\u2019Unicef - Fiesta Clasica","isPartOf":{"@id":"https:\/\/www.fiestaclasica.org\/#website"},"datePublished":"2020-03-07T15:10:19+00:00","dateModified":"2021-09-30T13:21:12+00:00","breadcrumb":{"@id":"https:\/\/www.fiestaclasica.org\/fr\/visite-de-raul-paz-ambassadeur-de-bonne-volonte-de-lunicef\/#breadcrumb"},"inLanguage":"fr-FR","potentialAction":[{"@type":"ReadAction","target":["https:\/\/www.fiestaclasica.org\/fr\/visite-de-raul-paz-ambassadeur-de-bonne-volonte-de-lunicef\/"]}]},{"@type":"BreadcrumbList","@id":"https:\/\/www.fiestaclasica.org\/fr\/visite-de-raul-paz-ambassadeur-de-bonne-volonte-de-lunicef\/#breadcrumb","itemListElement":[{"@type":"ListItem","position":1,"name":"Portada","item":"https:\/\/www.fiestaclasica.org\/fr\/"},{"@type":"ListItem","position":2,"name":"Visite de Raul Paz, Ambassadeur de Bonne Volont\u00e9 de l\u2019Unicef"}]},{"@type":"WebSite","@id":"https:\/\/www.fiestaclasica.org\/#website","url":"https:\/\/www.fiestaclasica.org\/","name":"Fiesta Clasica","description":"Fiesta Clasica","publisher":{"@id":"https:\/\/www.fiestaclasica.org\/#organization"},"potentialAction":[{"@type":"SearchAction","target":{"@type":"EntryPoint","urlTemplate":"https:\/\/www.fiestaclasica.org\/?s={search_term_string}"},"query-input":"required name=search_term_string"}],"inLanguage":"fr-FR"},{"@type":"Organization","@id":"https:\/\/www.fiestaclasica.org\/#organization","name":"fiesta clasica","url":"https:\/\/www.fiestaclasica.org\/","logo":{"@type":"ImageObject","inLanguage":"fr-FR","@id":"https:\/\/www.fiestaclasica.org\/#\/schema\/logo\/image\/","url":"https:\/\/www.fiestaclasica.org\/wp-content\/uploads\/2016\/04\/logo-FC-prensa.jpg","contentUrl":"https:\/\/www.fiestaclasica.org\/wp-content\/uploads\/2016\/04\/logo-FC-prensa.jpg","width":449,"height":261,"caption":"fiesta clasica"},"image":{"@id":"https:\/\/www.fiestaclasica.org\/#\/schema\/logo\/image\/"},"sameAs":["https:\/\/www.facebook.com\/FiestaClasica\/","https:\/\/twitter.com\/fiestaclasica","https:\/\/www.instagram.com\/fiestaclasica\/","https:\/\/www.youtube.com\/channel\/UCt82JYKhPM3Th7pNLCA7-xw"]},{"@type":"Person","@id":"https:\/\/www.fiestaclasica.org\/#\/schema\/person\/e8219b53c2a1c7e6b03ea5329053f8ac","name":"webzwin","image":{"@type":"ImageObject","inLanguage":"fr-FR","@id":"https:\/\/www.fiestaclasica.org\/#\/schema\/person\/image\/","url":"https:\/\/secure.gravatar.com\/avatar\/b61cecce942f25228da00c5f6ea9bef8?s=96&d=mm&r=g","contentUrl":"https:\/\/secure.gravatar.com\/avatar\/b61cecce942f25228da00c5f6ea9bef8?s=96&d=mm&r=g","caption":"webzwin"},"url":"https:\/\/www.fiestaclasica.org\/fr\/author\/webzwin\/"}]}},"_links":{"self":[{"href":"https:\/\/www.fiestaclasica.org\/fr\/wp-json\/wp\/v2\/posts\/11265\/"}],"collection":[{"href":"https:\/\/www.fiestaclasica.org\/fr\/wp-json\/wp\/v2\/posts\/"}],"about":[{"href":"https:\/\/www.fiestaclasica.org\/fr\/wp-json\/wp\/v2\/types\/post\/"}],"author":[{"embeddable":true,"href":"https:\/\/www.fiestaclasica.org\/fr\/wp-json\/wp\/v2\/users\/1\/"}],"replies":[{"embeddable":true,"href":"https:\/\/www.fiestaclasica.org\/fr\/wp-json\/wp\/v2\/comments\/?post=11265"}],"version-history":[{"count":6,"href":"https:\/\/www.fiestaclasica.org\/fr\/wp-json\/wp\/v2\/posts\/11265\/revisions\/"}],"predecessor-version":[{"id":11690,"href":"https:\/\/www.fiestaclasica.org\/fr\/wp-json\/wp\/v2\/posts\/11265\/revisions\/11690\/"}],"wp:featuredmedia":[{"embeddable":true,"href":"https:\/\/www.fiestaclasica.org\/fr\/wp-json\/wp\/v2\/media\/11248\/"}],"wp:attachment":[{"href":"https:\/\/www.fiestaclasica.org\/fr\/wp-json\/wp\/v2\/media\/?parent=11265"}],"wp:term":[{"taxonomy":"category","embeddable":true,"href":"https:\/\/www.fiestaclasica.org\/fr\/wp-json\/wp\/v2\/categories\/?post=11265"},{"taxonomy":"post_tag","embeddable":true,"href":"https:\/\/www.fiestaclasica.org\/fr\/wp-json\/wp\/v2\/tags\/?post=11265"},{"taxonomy":"post_series","embeddable":true,"href":"https:\/\/www.fiestaclasica.org\/fr\/wp-json\/wp\/v2\/post_series\/?post=11265"}],"curies":[{"name":"wp","href":"https:\/\/api.w.org\/{rel}","templated":true}]}}