{"id":10700,"date":"2019-12-05T19:21:57","date_gmt":"2019-12-05T19:21:57","guid":{"rendered":"http:\/\/www.fiestaclasica.org\/?p=10700"},"modified":"2021-09-30T12:42:58","modified_gmt":"2021-09-30T12:42:58","slug":"accord-de-collaboration-entre-fiesta-clasica-et-ciudad-santa-maria","status":"publish","type":"post","link":"https:\/\/www.fiestaclasica.org\/fr\/accord-de-collaboration-entre-fiesta-clasica-et-ciudad-santa-maria\/","title":{"rendered":"Accord de collaboration entre Fiesta Cl\u00e1sica et ciudad Santa Mar\u00eda"},"content":{"rendered":"<p>Saint Domingue &#8211; 19 Novembre 2019: La Fondation Fiesta Cl\u00e1sica repr\u00e9sent\u00e9e par sa Pr\u00e9sidente Corinne Bouygues Gobbi et la Fondation Ciudad Santa Mar\u00eda repr\u00e9sent\u00e9e par sa Vice-Pr\u00e9sidente Soraya Checo de \u00c1lvarez ont sign\u00e9 un accord de collaboration ayant pour objectif de d\u00e9velopper l\u2019enseignement de la musique \u00e0 Santiago.<\/p>\n<p>Cet accord exprime le d\u00e9sir des deux institutions de collaborer pour l\u2019enseignement et la diffusion de l\u2019excellence musicale bas\u00e9e sur la p\u00e9dagogie de El Sistema. Elle permet \u00e9galement \u00e0 la Fondation Ciudad Santa Mar\u00eda d\u2019\u00e9largir son offre acad\u00e9mique et d\u2019am\u00e9liorer la qualit\u00e9 de l\u2019\u00e9ducation du Centre Educatif et Communautaire Ciudad Santa Mar\u00eda en cr\u00e9ant un orchestre philarmonique juv\u00e9nile et un choeur de jeunes \u00e0 Santiago de los Caballeros.<\/p>\n<p>Cette collaboration consiste en un accompagnement p\u00e9dagogique et acad\u00e9mique o\u00fa l\u2019equipe de direction de Fiesta Cl\u00e1sica Saint Domingue appuiera les professeurs de Santiago, \u00e9valuera l\u2019\u00e9volution du projet et offrira les recommendations n\u00e9cessaires \u00e0 son bon d\u00e9veloppement. Situ\u00e9 dans la nouvelle \u00e9cole des arts du Centre \u00c9ducatif et Communautaire Ciudad Santa Mar\u00eda, ce nouveau n\u00facleo portera le nom de Fiesta Cl\u00e1sica Santiago et dispensera ses premi\u00e8rs cours d\u00e8s ce mois de noviembre. De plus, il recevra dans quelques semaines la visite de la Directrice des Choeurs de El Sistema, la professeur Lourdes S\u00e1nchez afin de pr\u00e9parer une premi\u00e8re pr\u00e9sentation publique.<\/p>\n","protected":false},"excerpt":{"rendered":"<p>Saint Domingue &#8211; 19 Novembre 2019: La Fondation Fiesta Cl\u00e1sica repr\u00e9sent\u00e9e par sa Pr\u00e9sidente Corinne Bouygues Gobbi et la Fondation Ciudad Santa Mar\u00eda repr\u00e9sent\u00e9e par sa Vice-Pr\u00e9sidente Soraya Checo de \u00c1lvarez ont sign\u00e9 un accord de collaboration ayant pour objectif de d\u00e9velopper l\u2019enseignement de la musique \u00e0 Santiago. Cet accord exprime le d\u00e9sir des deux&hellip;<\/p>\n","protected":false},"author":1,"featured_media":10682,"comment_status":"open","ping_status":"open","sticky":false,"template":"","format":"gallery","meta":[],"categories":[18],"tags":[],"post_series":[],"yoast_head":"<!-- This site is optimized with the Yoast SEO plugin v20.7 - https:\/\/yoast.com\/wordpress\/plugins\/seo\/ -->\n<title>Accord de collaboration entre Fiesta Cl\u00e1sica et ciudad Santa Mar\u00eda - Fiesta Clasica<\/title>\n<meta name=\"robots\" content=\"index, follow, max-snippet:-1, max-image-preview:large, max-video-preview:-1\" \/>\n<link rel=\"canonical\" href=\"https:\/\/www.fiestaclasica.org\/fr\/accord-de-collaboration-entre-fiesta-clasica-et-ciudad-santa-maria\/\" \/>\n<meta property=\"og:locale\" content=\"fr_FR\" \/>\n<meta property=\"og:type\" content=\"article\" \/>\n<meta property=\"og:title\" content=\"Accord de collaboration entre Fiesta Cl\u00e1sica et ciudad Santa Mar\u00eda - Fiesta Clasica\" \/>\n<meta property=\"og:description\" content=\"Saint Domingue &#8211; 19 Novembre 2019: La Fondation Fiesta Cl\u00e1sica repr\u00e9sent\u00e9e par sa Pr\u00e9sidente Corinne Bouygues Gobbi et la Fondation Ciudad Santa Mar\u00eda repr\u00e9sent\u00e9e par sa Vice-Pr\u00e9sidente Soraya Checo de \u00c1lvarez ont sign\u00e9 un accord de collaboration ayant pour objectif de d\u00e9velopper l\u2019enseignement de la musique \u00e0 Santiago. Cet accord exprime le d\u00e9sir des deux&hellip;\" \/>\n<meta property=\"og:url\" content=\"https:\/\/www.fiestaclasica.org\/fr\/accord-de-collaboration-entre-fiesta-clasica-et-ciudad-santa-maria\/\" \/>\n<meta property=\"og:site_name\" content=\"Fiesta Clasica\" \/>\n<meta property=\"article:publisher\" content=\"https:\/\/www.facebook.com\/FiestaClasica\/\" \/>\n<meta property=\"article:published_time\" content=\"2019-12-05T19:21:57+00:00\" \/>\n<meta property=\"article:modified_time\" content=\"2021-09-30T12:42:58+00:00\" \/>\n<meta property=\"og:image\" content=\"https:\/\/www.fiestaclasica.org\/wp-content\/uploads\/2019\/12\/not_smaria3.jpg\" \/>\n\t<meta property=\"og:image:width\" content=\"1280\" \/>\n\t<meta property=\"og:image:height\" content=\"850\" \/>\n\t<meta property=\"og:image:type\" content=\"image\/jpeg\" \/>\n<meta name=\"author\" content=\"webzwin\" \/>\n<meta name=\"twitter:card\" content=\"summary_large_image\" \/>\n<meta name=\"twitter:creator\" content=\"@fiestaclasica\" \/>\n<meta name=\"twitter:site\" content=\"@fiestaclasica\" \/>\n<meta name=\"twitter:label1\" content=\"\u00c9crit par\" \/>\n\t<meta name=\"twitter:data1\" content=\"webzwin\" \/>\n\t<meta name=\"twitter:label2\" content=\"Dur\u00e9e de lecture estim\u00e9e\" \/>\n\t<meta name=\"twitter:data2\" content=\"1 minute\" \/>\n<script type=\"application\/ld+json\" class=\"yoast-schema-graph\">{\"@context\":\"https:\/\/schema.org\",\"@graph\":[{\"@type\":\"Article\",\"@id\":\"https:\/\/www.fiestaclasica.org\/fr\/accord-de-collaboration-entre-fiesta-clasica-et-ciudad-santa-maria\/#article\",\"isPartOf\":{\"@id\":\"https:\/\/www.fiestaclasica.org\/fr\/accord-de-collaboration-entre-fiesta-clasica-et-ciudad-santa-maria\/\"},\"author\":{\"name\":\"webzwin\",\"@id\":\"https:\/\/www.fiestaclasica.org\/#\/schema\/person\/e8219b53c2a1c7e6b03ea5329053f8ac\"},\"headline\":\"Accord de collaboration entre Fiesta Cl\u00e1sica et ciudad Santa Mar\u00eda\",\"datePublished\":\"2019-12-05T19:21:57+00:00\",\"dateModified\":\"2021-09-30T12:42:58+00:00\",\"mainEntityOfPage\":{\"@id\":\"https:\/\/www.fiestaclasica.org\/fr\/accord-de-collaboration-entre-fiesta-clasica-et-ciudad-santa-maria\/\"},\"wordCount\":261,\"commentCount\":0,\"publisher\":{\"@id\":\"https:\/\/www.fiestaclasica.org\/#organization\"},\"articleSection\":[\"Actualit\u00e9s\"],\"inLanguage\":\"fr-FR\",\"potentialAction\":[{\"@type\":\"CommentAction\",\"name\":\"Comment\",\"target\":[\"https:\/\/www.fiestaclasica.org\/fr\/accord-de-collaboration-entre-fiesta-clasica-et-ciudad-santa-maria\/#respond\"]}]},{\"@type\":\"WebPage\",\"@id\":\"https:\/\/www.fiestaclasica.org\/fr\/accord-de-collaboration-entre-fiesta-clasica-et-ciudad-santa-maria\/\",\"url\":\"https:\/\/www.fiestaclasica.org\/fr\/accord-de-collaboration-entre-fiesta-clasica-et-ciudad-santa-maria\/\",\"name\":\"Accord de collaboration entre Fiesta Cl\u00e1sica et ciudad Santa Mar\u00eda - Fiesta Clasica\",\"isPartOf\":{\"@id\":\"https:\/\/www.fiestaclasica.org\/#website\"},\"datePublished\":\"2019-12-05T19:21:57+00:00\",\"dateModified\":\"2021-09-30T12:42:58+00:00\",\"breadcrumb\":{\"@id\":\"https:\/\/www.fiestaclasica.org\/fr\/accord-de-collaboration-entre-fiesta-clasica-et-ciudad-santa-maria\/#breadcrumb\"},\"inLanguage\":\"fr-FR\",\"potentialAction\":[{\"@type\":\"ReadAction\",\"target\":[\"https:\/\/www.fiestaclasica.org\/fr\/accord-de-collaboration-entre-fiesta-clasica-et-ciudad-santa-maria\/\"]}]},{\"@type\":\"BreadcrumbList\",\"@id\":\"https:\/\/www.fiestaclasica.org\/fr\/accord-de-collaboration-entre-fiesta-clasica-et-ciudad-santa-maria\/#breadcrumb\",\"itemListElement\":[{\"@type\":\"ListItem\",\"position\":1,\"name\":\"Portada\",\"item\":\"https:\/\/www.fiestaclasica.org\/fr\/\"},{\"@type\":\"ListItem\",\"position\":2,\"name\":\"Accord de collaboration entre Fiesta Cl\u00e1sica et ciudad Santa Mar\u00eda\"}]},{\"@type\":\"WebSite\",\"@id\":\"https:\/\/www.fiestaclasica.org\/#website\",\"url\":\"https:\/\/www.fiestaclasica.org\/\",\"name\":\"Fiesta Clasica\",\"description\":\"Fiesta Clasica\",\"publisher\":{\"@id\":\"https:\/\/www.fiestaclasica.org\/#organization\"},\"potentialAction\":[{\"@type\":\"SearchAction\",\"target\":{\"@type\":\"EntryPoint\",\"urlTemplate\":\"https:\/\/www.fiestaclasica.org\/?s={search_term_string}\"},\"query-input\":\"required name=search_term_string\"}],\"inLanguage\":\"fr-FR\"},{\"@type\":\"Organization\",\"@id\":\"https:\/\/www.fiestaclasica.org\/#organization\",\"name\":\"fiesta clasica\",\"url\":\"https:\/\/www.fiestaclasica.org\/\",\"logo\":{\"@type\":\"ImageObject\",\"inLanguage\":\"fr-FR\",\"@id\":\"https:\/\/www.fiestaclasica.org\/#\/schema\/logo\/image\/\",\"url\":\"https:\/\/www.fiestaclasica.org\/wp-content\/uploads\/2016\/04\/logo-FC-prensa.jpg\",\"contentUrl\":\"https:\/\/www.fiestaclasica.org\/wp-content\/uploads\/2016\/04\/logo-FC-prensa.jpg\",\"width\":449,\"height\":261,\"caption\":\"fiesta clasica\"},\"image\":{\"@id\":\"https:\/\/www.fiestaclasica.org\/#\/schema\/logo\/image\/\"},\"sameAs\":[\"https:\/\/www.facebook.com\/FiestaClasica\/\",\"https:\/\/twitter.com\/fiestaclasica\",\"https:\/\/www.instagram.com\/fiestaclasica\/\",\"https:\/\/www.youtube.com\/channel\/UCt82JYKhPM3Th7pNLCA7-xw\"]},{\"@type\":\"Person\",\"@id\":\"https:\/\/www.fiestaclasica.org\/#\/schema\/person\/e8219b53c2a1c7e6b03ea5329053f8ac\",\"name\":\"webzwin\",\"image\":{\"@type\":\"ImageObject\",\"inLanguage\":\"fr-FR\",\"@id\":\"https:\/\/www.fiestaclasica.org\/#\/schema\/person\/image\/\",\"url\":\"https:\/\/secure.gravatar.com\/avatar\/b61cecce942f25228da00c5f6ea9bef8?s=96&d=mm&r=g\",\"contentUrl\":\"https:\/\/secure.gravatar.com\/avatar\/b61cecce942f25228da00c5f6ea9bef8?s=96&d=mm&r=g\",\"caption\":\"webzwin\"},\"url\":\"https:\/\/www.fiestaclasica.org\/fr\/author\/webzwin\/\"}]}<\/script>\n<!-- \/ Yoast SEO plugin. -->","yoast_head_json":{"title":"Accord de collaboration entre Fiesta Cl\u00e1sica et ciudad Santa Mar\u00eda - Fiesta Clasica","robots":{"index":"index","follow":"follow","max-snippet":"max-snippet:-1","max-image-preview":"max-image-preview:large","max-video-preview":"max-video-preview:-1"},"canonical":"https:\/\/www.fiestaclasica.org\/fr\/accord-de-collaboration-entre-fiesta-clasica-et-ciudad-santa-maria\/","og_locale":"fr_FR","og_type":"article","og_title":"Accord de collaboration entre Fiesta Cl\u00e1sica et ciudad Santa Mar\u00eda - Fiesta Clasica","og_description":"Saint Domingue &#8211; 19 Novembre 2019: La Fondation Fiesta Cl\u00e1sica repr\u00e9sent\u00e9e par sa Pr\u00e9sidente Corinne Bouygues Gobbi et la Fondation Ciudad Santa Mar\u00eda repr\u00e9sent\u00e9e par sa Vice-Pr\u00e9sidente Soraya Checo de \u00c1lvarez ont sign\u00e9 un accord de collaboration ayant pour objectif de d\u00e9velopper l\u2019enseignement de la musique \u00e0 Santiago. Cet accord exprime le d\u00e9sir des deux&hellip;","og_url":"https:\/\/www.fiestaclasica.org\/fr\/accord-de-collaboration-entre-fiesta-clasica-et-ciudad-santa-maria\/","og_site_name":"Fiesta Clasica","article_publisher":"https:\/\/www.facebook.com\/FiestaClasica\/","article_published_time":"2019-12-05T19:21:57+00:00","article_modified_time":"2021-09-30T12:42:58+00:00","og_image":[{"width":1280,"height":850,"url":"https:\/\/www.fiestaclasica.org\/wp-content\/uploads\/2019\/12\/not_smaria3.jpg","type":"image\/jpeg"}],"author":"webzwin","twitter_card":"summary_large_image","twitter_creator":"@fiestaclasica","twitter_site":"@fiestaclasica","twitter_misc":{"\u00c9crit par":"webzwin","Dur\u00e9e de lecture estim\u00e9e":"1 minute"},"schema":{"@context":"https:\/\/schema.org","@graph":[{"@type":"Article","@id":"https:\/\/www.fiestaclasica.org\/fr\/accord-de-collaboration-entre-fiesta-clasica-et-ciudad-santa-maria\/#article","isPartOf":{"@id":"https:\/\/www.fiestaclasica.org\/fr\/accord-de-collaboration-entre-fiesta-clasica-et-ciudad-santa-maria\/"},"author":{"name":"webzwin","@id":"https:\/\/www.fiestaclasica.org\/#\/schema\/person\/e8219b53c2a1c7e6b03ea5329053f8ac"},"headline":"Accord de collaboration entre Fiesta Cl\u00e1sica et ciudad Santa Mar\u00eda","datePublished":"2019-12-05T19:21:57+00:00","dateModified":"2021-09-30T12:42:58+00:00","mainEntityOfPage":{"@id":"https:\/\/www.fiestaclasica.org\/fr\/accord-de-collaboration-entre-fiesta-clasica-et-ciudad-santa-maria\/"},"wordCount":261,"commentCount":0,"publisher":{"@id":"https:\/\/www.fiestaclasica.org\/#organization"},"articleSection":["Actualit\u00e9s"],"inLanguage":"fr-FR","potentialAction":[{"@type":"CommentAction","name":"Comment","target":["https:\/\/www.fiestaclasica.org\/fr\/accord-de-collaboration-entre-fiesta-clasica-et-ciudad-santa-maria\/#respond"]}]},{"@type":"WebPage","@id":"https:\/\/www.fiestaclasica.org\/fr\/accord-de-collaboration-entre-fiesta-clasica-et-ciudad-santa-maria\/","url":"https:\/\/www.fiestaclasica.org\/fr\/accord-de-collaboration-entre-fiesta-clasica-et-ciudad-santa-maria\/","name":"Accord de collaboration entre Fiesta Cl\u00e1sica et ciudad Santa Mar\u00eda - Fiesta Clasica","isPartOf":{"@id":"https:\/\/www.fiestaclasica.org\/#website"},"datePublished":"2019-12-05T19:21:57+00:00","dateModified":"2021-09-30T12:42:58+00:00","breadcrumb":{"@id":"https:\/\/www.fiestaclasica.org\/fr\/accord-de-collaboration-entre-fiesta-clasica-et-ciudad-santa-maria\/#breadcrumb"},"inLanguage":"fr-FR","potentialAction":[{"@type":"ReadAction","target":["https:\/\/www.fiestaclasica.org\/fr\/accord-de-collaboration-entre-fiesta-clasica-et-ciudad-santa-maria\/"]}]},{"@type":"BreadcrumbList","@id":"https:\/\/www.fiestaclasica.org\/fr\/accord-de-collaboration-entre-fiesta-clasica-et-ciudad-santa-maria\/#breadcrumb","itemListElement":[{"@type":"ListItem","position":1,"name":"Portada","item":"https:\/\/www.fiestaclasica.org\/fr\/"},{"@type":"ListItem","position":2,"name":"Accord de collaboration entre Fiesta Cl\u00e1sica et ciudad Santa Mar\u00eda"}]},{"@type":"WebSite","@id":"https:\/\/www.fiestaclasica.org\/#website","url":"https:\/\/www.fiestaclasica.org\/","name":"Fiesta Clasica","description":"Fiesta Clasica","publisher":{"@id":"https:\/\/www.fiestaclasica.org\/#organization"},"potentialAction":[{"@type":"SearchAction","target":{"@type":"EntryPoint","urlTemplate":"https:\/\/www.fiestaclasica.org\/?s={search_term_string}"},"query-input":"required name=search_term_string"}],"inLanguage":"fr-FR"},{"@type":"Organization","@id":"https:\/\/www.fiestaclasica.org\/#organization","name":"fiesta clasica","url":"https:\/\/www.fiestaclasica.org\/","logo":{"@type":"ImageObject","inLanguage":"fr-FR","@id":"https:\/\/www.fiestaclasica.org\/#\/schema\/logo\/image\/","url":"https:\/\/www.fiestaclasica.org\/wp-content\/uploads\/2016\/04\/logo-FC-prensa.jpg","contentUrl":"https:\/\/www.fiestaclasica.org\/wp-content\/uploads\/2016\/04\/logo-FC-prensa.jpg","width":449,"height":261,"caption":"fiesta clasica"},"image":{"@id":"https:\/\/www.fiestaclasica.org\/#\/schema\/logo\/image\/"},"sameAs":["https:\/\/www.facebook.com\/FiestaClasica\/","https:\/\/twitter.com\/fiestaclasica","https:\/\/www.instagram.com\/fiestaclasica\/","https:\/\/www.youtube.com\/channel\/UCt82JYKhPM3Th7pNLCA7-xw"]},{"@type":"Person","@id":"https:\/\/www.fiestaclasica.org\/#\/schema\/person\/e8219b53c2a1c7e6b03ea5329053f8ac","name":"webzwin","image":{"@type":"ImageObject","inLanguage":"fr-FR","@id":"https:\/\/www.fiestaclasica.org\/#\/schema\/person\/image\/","url":"https:\/\/secure.gravatar.com\/avatar\/b61cecce942f25228da00c5f6ea9bef8?s=96&d=mm&r=g","contentUrl":"https:\/\/secure.gravatar.com\/avatar\/b61cecce942f25228da00c5f6ea9bef8?s=96&d=mm&r=g","caption":"webzwin"},"url":"https:\/\/www.fiestaclasica.org\/fr\/author\/webzwin\/"}]}},"_links":{"self":[{"href":"https:\/\/www.fiestaclasica.org\/fr\/wp-json\/wp\/v2\/posts\/10700\/"}],"collection":[{"href":"https:\/\/www.fiestaclasica.org\/fr\/wp-json\/wp\/v2\/posts\/"}],"about":[{"href":"https:\/\/www.fiestaclasica.org\/fr\/wp-json\/wp\/v2\/types\/post\/"}],"author":[{"embeddable":true,"href":"https:\/\/www.fiestaclasica.org\/fr\/wp-json\/wp\/v2\/users\/1\/"}],"replies":[{"embeddable":true,"href":"https:\/\/www.fiestaclasica.org\/fr\/wp-json\/wp\/v2\/comments\/?post=10700"}],"version-history":[{"count":5,"href":"https:\/\/www.fiestaclasica.org\/fr\/wp-json\/wp\/v2\/posts\/10700\/revisions\/"}],"predecessor-version":[{"id":11673,"href":"https:\/\/www.fiestaclasica.org\/fr\/wp-json\/wp\/v2\/posts\/10700\/revisions\/11673\/"}],"wp:featuredmedia":[{"embeddable":true,"href":"https:\/\/www.fiestaclasica.org\/fr\/wp-json\/wp\/v2\/media\/10682\/"}],"wp:attachment":[{"href":"https:\/\/www.fiestaclasica.org\/fr\/wp-json\/wp\/v2\/media\/?parent=10700"}],"wp:term":[{"taxonomy":"category","embeddable":true,"href":"https:\/\/www.fiestaclasica.org\/fr\/wp-json\/wp\/v2\/categories\/?post=10700"},{"taxonomy":"post_tag","embeddable":true,"href":"https:\/\/www.fiestaclasica.org\/fr\/wp-json\/wp\/v2\/tags\/?post=10700"},{"taxonomy":"post_series","embeddable":true,"href":"https:\/\/www.fiestaclasica.org\/fr\/wp-json\/wp\/v2\/post_series\/?post=10700"}],"curies":[{"name":"wp","href":"https:\/\/api.w.org\/{rel}","templated":true}]}}