{"id":10661,"date":"2019-11-11T20:19:48","date_gmt":"2019-11-11T20:19:48","guid":{"rendered":"http:\/\/www.fiestaclasica.org\/?p=10661"},"modified":"2019-11-21T02:50:01","modified_gmt":"2019-11-21T02:50:01","slug":"total-nouveau-partenaire-de-fiesta-clasica","status":"publish","type":"post","link":"https:\/\/www.fiestaclasica.org\/fr\/total-nouveau-partenaire-de-fiesta-clasica\/","title":{"rendered":"TOTAL nouveau partenaire de Fiesta Cl\u00e1sica"},"content":{"rendered":"<p><span style=\"font-weight: 400;\">Saint Domingue &#8211; 15 octobre 2019<\/span><\/p>\n<p><span style=\"font-weight: 400;\">Un accord vient d\u2019\u00eatre sign\u00e9 entre notre Pr\u00e9sidente Corinne Bouygues Gobbi et Philippe Jaurrey Directeur G\u00e9n\u00e9ral de TOTAL en R\u00e9publique dominicaine et en pr\u00e9sence de Fran\u00e7ois Boussagol, Deputy Senior Vice President de Total Am\u00e9riques. Gr\u00e2ce \u00e0 cet accord, TOTAL s\u2019engage \u00e0 parrainer les 13 \u00e9l\u00e8ves qui composent notre Orchestre de Chambre durant 3 ann\u00e9es consecutives.<br \/>\n<\/span><span style=\"font-weight: 400;\">De plus les collaborateurs de TOTAL appuieront par leur pr\u00e9sence la fondation durant ses activit\u00e9s, accompagnant les \u00e9l\u00e8ves \u00e0 l\u2019occasion de visites p\u00e9dagogiques ou de concerts. Nos \u00e9l\u00e8ves quant \u00e0 eux seront invit\u00e9s pour des presentations ou concerts dans le cadre des activit\u00e9s internes de TOTAL.<br \/>\n<\/span><span style=\"font-weight: 400;\">Cet accord entre Fiesta Cl\u00e1sica et l\u2019un des plus importants acteurs \u00e9conomiques de R\u00e9publique Dominicaine met en place une collaboration tr\u00e8s positive qui s\u2019inscrit dans le cadre des actions de responsabilit\u00e9 sociale de TOTAL.\u00a0<\/span><\/p>\n","protected":false},"excerpt":{"rendered":"<p>Saint Domingue &#8211; 15 octobre 2019 Un accord vient d\u2019\u00eatre sign\u00e9 entre notre Pr\u00e9sidente Corinne Bouygues Gobbi et Philippe Jaurrey Directeur G\u00e9n\u00e9ral de TOTAL en R\u00e9publique dominicaine et en pr\u00e9sence de Fran\u00e7ois Boussagol, Deputy Senior Vice President de Total Am\u00e9riques. Gr\u00e2ce \u00e0 cet accord, TOTAL s\u2019engage \u00e0 parrainer les 13 \u00e9l\u00e8ves qui composent notre Orchestre&hellip;<\/p>\n","protected":false},"author":1,"featured_media":10652,"comment_status":"open","ping_status":"open","sticky":false,"template":"","format":"gallery","meta":[],"categories":[18],"tags":[],"post_series":[],"yoast_head":"<!-- This site is optimized with the Yoast SEO plugin v20.7 - https:\/\/yoast.com\/wordpress\/plugins\/seo\/ -->\n<title>TOTAL nouveau partenaire de Fiesta Cl\u00e1sica - Fiesta Clasica<\/title>\n<meta name=\"robots\" content=\"index, follow, max-snippet:-1, max-image-preview:large, max-video-preview:-1\" \/>\n<link rel=\"canonical\" href=\"https:\/\/www.fiestaclasica.org\/fr\/total-nouveau-partenaire-de-fiesta-clasica\/\" \/>\n<meta property=\"og:locale\" content=\"fr_FR\" \/>\n<meta property=\"og:type\" content=\"article\" \/>\n<meta property=\"og:title\" content=\"TOTAL nouveau partenaire de Fiesta Cl\u00e1sica - Fiesta Clasica\" \/>\n<meta property=\"og:description\" content=\"Saint Domingue &#8211; 15 octobre 2019 Un accord vient d\u2019\u00eatre sign\u00e9 entre notre Pr\u00e9sidente Corinne Bouygues Gobbi et Philippe Jaurrey Directeur G\u00e9n\u00e9ral de TOTAL en R\u00e9publique dominicaine et en pr\u00e9sence de Fran\u00e7ois Boussagol, Deputy Senior Vice President de Total Am\u00e9riques. Gr\u00e2ce \u00e0 cet accord, TOTAL s\u2019engage \u00e0 parrainer les 13 \u00e9l\u00e8ves qui composent notre Orchestre&hellip;\" \/>\n<meta property=\"og:url\" content=\"https:\/\/www.fiestaclasica.org\/fr\/total-nouveau-partenaire-de-fiesta-clasica\/\" \/>\n<meta property=\"og:site_name\" content=\"Fiesta Clasica\" \/>\n<meta property=\"article:publisher\" content=\"https:\/\/www.facebook.com\/FiestaClasica\/\" \/>\n<meta property=\"article:published_time\" content=\"2019-11-11T20:19:48+00:00\" \/>\n<meta property=\"article:modified_time\" content=\"2019-11-21T02:50:01+00:00\" \/>\n<meta property=\"og:image\" content=\"https:\/\/www.fiestaclasica.org\/wp-content\/uploads\/2019\/11\/logo_total_not.jpg\" \/>\n\t<meta property=\"og:image:width\" content=\"667\" \/>\n\t<meta property=\"og:image:height\" content=\"557\" \/>\n\t<meta property=\"og:image:type\" content=\"image\/jpeg\" \/>\n<meta name=\"author\" content=\"webzwin\" \/>\n<meta name=\"twitter:card\" content=\"summary_large_image\" \/>\n<meta name=\"twitter:creator\" content=\"@fiestaclasica\" \/>\n<meta name=\"twitter:site\" content=\"@fiestaclasica\" \/>\n<meta name=\"twitter:label1\" content=\"\u00c9crit par\" \/>\n\t<meta name=\"twitter:data1\" content=\"webzwin\" \/>\n\t<meta name=\"twitter:label2\" content=\"Dur\u00e9e de lecture estim\u00e9e\" \/>\n\t<meta name=\"twitter:data2\" content=\"1 minute\" \/>\n<script type=\"application\/ld+json\" class=\"yoast-schema-graph\">{\"@context\":\"https:\/\/schema.org\",\"@graph\":[{\"@type\":\"Article\",\"@id\":\"https:\/\/www.fiestaclasica.org\/fr\/total-nouveau-partenaire-de-fiesta-clasica\/#article\",\"isPartOf\":{\"@id\":\"https:\/\/www.fiestaclasica.org\/fr\/total-nouveau-partenaire-de-fiesta-clasica\/\"},\"author\":{\"name\":\"webzwin\",\"@id\":\"https:\/\/www.fiestaclasica.org\/#\/schema\/person\/e8219b53c2a1c7e6b03ea5329053f8ac\"},\"headline\":\"TOTAL nouveau partenaire de Fiesta Cl\u00e1sica\",\"datePublished\":\"2019-11-11T20:19:48+00:00\",\"dateModified\":\"2019-11-21T02:50:01+00:00\",\"mainEntityOfPage\":{\"@id\":\"https:\/\/www.fiestaclasica.org\/fr\/total-nouveau-partenaire-de-fiesta-clasica\/\"},\"wordCount\":165,\"commentCount\":0,\"publisher\":{\"@id\":\"https:\/\/www.fiestaclasica.org\/#organization\"},\"articleSection\":[\"Actualit\u00e9s\"],\"inLanguage\":\"fr-FR\",\"potentialAction\":[{\"@type\":\"CommentAction\",\"name\":\"Comment\",\"target\":[\"https:\/\/www.fiestaclasica.org\/fr\/total-nouveau-partenaire-de-fiesta-clasica\/#respond\"]}]},{\"@type\":\"WebPage\",\"@id\":\"https:\/\/www.fiestaclasica.org\/fr\/total-nouveau-partenaire-de-fiesta-clasica\/\",\"url\":\"https:\/\/www.fiestaclasica.org\/fr\/total-nouveau-partenaire-de-fiesta-clasica\/\",\"name\":\"TOTAL nouveau partenaire de Fiesta Cl\u00e1sica - Fiesta Clasica\",\"isPartOf\":{\"@id\":\"https:\/\/www.fiestaclasica.org\/#website\"},\"datePublished\":\"2019-11-11T20:19:48+00:00\",\"dateModified\":\"2019-11-21T02:50:01+00:00\",\"breadcrumb\":{\"@id\":\"https:\/\/www.fiestaclasica.org\/fr\/total-nouveau-partenaire-de-fiesta-clasica\/#breadcrumb\"},\"inLanguage\":\"fr-FR\",\"potentialAction\":[{\"@type\":\"ReadAction\",\"target\":[\"https:\/\/www.fiestaclasica.org\/fr\/total-nouveau-partenaire-de-fiesta-clasica\/\"]}]},{\"@type\":\"BreadcrumbList\",\"@id\":\"https:\/\/www.fiestaclasica.org\/fr\/total-nouveau-partenaire-de-fiesta-clasica\/#breadcrumb\",\"itemListElement\":[{\"@type\":\"ListItem\",\"position\":1,\"name\":\"Portada\",\"item\":\"https:\/\/www.fiestaclasica.org\/fr\/\"},{\"@type\":\"ListItem\",\"position\":2,\"name\":\"TOTAL nouveau partenaire de Fiesta Cl\u00e1sica\"}]},{\"@type\":\"WebSite\",\"@id\":\"https:\/\/www.fiestaclasica.org\/#website\",\"url\":\"https:\/\/www.fiestaclasica.org\/\",\"name\":\"Fiesta Clasica\",\"description\":\"Fiesta Clasica\",\"publisher\":{\"@id\":\"https:\/\/www.fiestaclasica.org\/#organization\"},\"potentialAction\":[{\"@type\":\"SearchAction\",\"target\":{\"@type\":\"EntryPoint\",\"urlTemplate\":\"https:\/\/www.fiestaclasica.org\/?s={search_term_string}\"},\"query-input\":\"required name=search_term_string\"}],\"inLanguage\":\"fr-FR\"},{\"@type\":\"Organization\",\"@id\":\"https:\/\/www.fiestaclasica.org\/#organization\",\"name\":\"fiesta clasica\",\"url\":\"https:\/\/www.fiestaclasica.org\/\",\"logo\":{\"@type\":\"ImageObject\",\"inLanguage\":\"fr-FR\",\"@id\":\"https:\/\/www.fiestaclasica.org\/#\/schema\/logo\/image\/\",\"url\":\"https:\/\/www.fiestaclasica.org\/wp-content\/uploads\/2016\/04\/logo-FC-prensa.jpg\",\"contentUrl\":\"https:\/\/www.fiestaclasica.org\/wp-content\/uploads\/2016\/04\/logo-FC-prensa.jpg\",\"width\":449,\"height\":261,\"caption\":\"fiesta clasica\"},\"image\":{\"@id\":\"https:\/\/www.fiestaclasica.org\/#\/schema\/logo\/image\/\"},\"sameAs\":[\"https:\/\/www.facebook.com\/FiestaClasica\/\",\"https:\/\/twitter.com\/fiestaclasica\",\"https:\/\/www.instagram.com\/fiestaclasica\/\",\"https:\/\/www.youtube.com\/channel\/UCt82JYKhPM3Th7pNLCA7-xw\"]},{\"@type\":\"Person\",\"@id\":\"https:\/\/www.fiestaclasica.org\/#\/schema\/person\/e8219b53c2a1c7e6b03ea5329053f8ac\",\"name\":\"webzwin\",\"image\":{\"@type\":\"ImageObject\",\"inLanguage\":\"fr-FR\",\"@id\":\"https:\/\/www.fiestaclasica.org\/#\/schema\/person\/image\/\",\"url\":\"https:\/\/secure.gravatar.com\/avatar\/b61cecce942f25228da00c5f6ea9bef8?s=96&d=mm&r=g\",\"contentUrl\":\"https:\/\/secure.gravatar.com\/avatar\/b61cecce942f25228da00c5f6ea9bef8?s=96&d=mm&r=g\",\"caption\":\"webzwin\"},\"url\":\"https:\/\/www.fiestaclasica.org\/fr\/author\/webzwin\/\"}]}<\/script>\n<!-- \/ Yoast SEO plugin. -->","yoast_head_json":{"title":"TOTAL nouveau partenaire de Fiesta Cl\u00e1sica - Fiesta Clasica","robots":{"index":"index","follow":"follow","max-snippet":"max-snippet:-1","max-image-preview":"max-image-preview:large","max-video-preview":"max-video-preview:-1"},"canonical":"https:\/\/www.fiestaclasica.org\/fr\/total-nouveau-partenaire-de-fiesta-clasica\/","og_locale":"fr_FR","og_type":"article","og_title":"TOTAL nouveau partenaire de Fiesta Cl\u00e1sica - Fiesta Clasica","og_description":"Saint Domingue &#8211; 15 octobre 2019 Un accord vient d\u2019\u00eatre sign\u00e9 entre notre Pr\u00e9sidente Corinne Bouygues Gobbi et Philippe Jaurrey Directeur G\u00e9n\u00e9ral de TOTAL en R\u00e9publique dominicaine et en pr\u00e9sence de Fran\u00e7ois Boussagol, Deputy Senior Vice President de Total Am\u00e9riques. Gr\u00e2ce \u00e0 cet accord, TOTAL s\u2019engage \u00e0 parrainer les 13 \u00e9l\u00e8ves qui composent notre Orchestre&hellip;","og_url":"https:\/\/www.fiestaclasica.org\/fr\/total-nouveau-partenaire-de-fiesta-clasica\/","og_site_name":"Fiesta Clasica","article_publisher":"https:\/\/www.facebook.com\/FiestaClasica\/","article_published_time":"2019-11-11T20:19:48+00:00","article_modified_time":"2019-11-21T02:50:01+00:00","og_image":[{"width":667,"height":557,"url":"https:\/\/www.fiestaclasica.org\/wp-content\/uploads\/2019\/11\/logo_total_not.jpg","type":"image\/jpeg"}],"author":"webzwin","twitter_card":"summary_large_image","twitter_creator":"@fiestaclasica","twitter_site":"@fiestaclasica","twitter_misc":{"\u00c9crit par":"webzwin","Dur\u00e9e de lecture estim\u00e9e":"1 minute"},"schema":{"@context":"https:\/\/schema.org","@graph":[{"@type":"Article","@id":"https:\/\/www.fiestaclasica.org\/fr\/total-nouveau-partenaire-de-fiesta-clasica\/#article","isPartOf":{"@id":"https:\/\/www.fiestaclasica.org\/fr\/total-nouveau-partenaire-de-fiesta-clasica\/"},"author":{"name":"webzwin","@id":"https:\/\/www.fiestaclasica.org\/#\/schema\/person\/e8219b53c2a1c7e6b03ea5329053f8ac"},"headline":"TOTAL nouveau partenaire de Fiesta Cl\u00e1sica","datePublished":"2019-11-11T20:19:48+00:00","dateModified":"2019-11-21T02:50:01+00:00","mainEntityOfPage":{"@id":"https:\/\/www.fiestaclasica.org\/fr\/total-nouveau-partenaire-de-fiesta-clasica\/"},"wordCount":165,"commentCount":0,"publisher":{"@id":"https:\/\/www.fiestaclasica.org\/#organization"},"articleSection":["Actualit\u00e9s"],"inLanguage":"fr-FR","potentialAction":[{"@type":"CommentAction","name":"Comment","target":["https:\/\/www.fiestaclasica.org\/fr\/total-nouveau-partenaire-de-fiesta-clasica\/#respond"]}]},{"@type":"WebPage","@id":"https:\/\/www.fiestaclasica.org\/fr\/total-nouveau-partenaire-de-fiesta-clasica\/","url":"https:\/\/www.fiestaclasica.org\/fr\/total-nouveau-partenaire-de-fiesta-clasica\/","name":"TOTAL nouveau partenaire de Fiesta Cl\u00e1sica - Fiesta Clasica","isPartOf":{"@id":"https:\/\/www.fiestaclasica.org\/#website"},"datePublished":"2019-11-11T20:19:48+00:00","dateModified":"2019-11-21T02:50:01+00:00","breadcrumb":{"@id":"https:\/\/www.fiestaclasica.org\/fr\/total-nouveau-partenaire-de-fiesta-clasica\/#breadcrumb"},"inLanguage":"fr-FR","potentialAction":[{"@type":"ReadAction","target":["https:\/\/www.fiestaclasica.org\/fr\/total-nouveau-partenaire-de-fiesta-clasica\/"]}]},{"@type":"BreadcrumbList","@id":"https:\/\/www.fiestaclasica.org\/fr\/total-nouveau-partenaire-de-fiesta-clasica\/#breadcrumb","itemListElement":[{"@type":"ListItem","position":1,"name":"Portada","item":"https:\/\/www.fiestaclasica.org\/fr\/"},{"@type":"ListItem","position":2,"name":"TOTAL nouveau partenaire de Fiesta Cl\u00e1sica"}]},{"@type":"WebSite","@id":"https:\/\/www.fiestaclasica.org\/#website","url":"https:\/\/www.fiestaclasica.org\/","name":"Fiesta Clasica","description":"Fiesta Clasica","publisher":{"@id":"https:\/\/www.fiestaclasica.org\/#organization"},"potentialAction":[{"@type":"SearchAction","target":{"@type":"EntryPoint","urlTemplate":"https:\/\/www.fiestaclasica.org\/?s={search_term_string}"},"query-input":"required name=search_term_string"}],"inLanguage":"fr-FR"},{"@type":"Organization","@id":"https:\/\/www.fiestaclasica.org\/#organization","name":"fiesta clasica","url":"https:\/\/www.fiestaclasica.org\/","logo":{"@type":"ImageObject","inLanguage":"fr-FR","@id":"https:\/\/www.fiestaclasica.org\/#\/schema\/logo\/image\/","url":"https:\/\/www.fiestaclasica.org\/wp-content\/uploads\/2016\/04\/logo-FC-prensa.jpg","contentUrl":"https:\/\/www.fiestaclasica.org\/wp-content\/uploads\/2016\/04\/logo-FC-prensa.jpg","width":449,"height":261,"caption":"fiesta clasica"},"image":{"@id":"https:\/\/www.fiestaclasica.org\/#\/schema\/logo\/image\/"},"sameAs":["https:\/\/www.facebook.com\/FiestaClasica\/","https:\/\/twitter.com\/fiestaclasica","https:\/\/www.instagram.com\/fiestaclasica\/","https:\/\/www.youtube.com\/channel\/UCt82JYKhPM3Th7pNLCA7-xw"]},{"@type":"Person","@id":"https:\/\/www.fiestaclasica.org\/#\/schema\/person\/e8219b53c2a1c7e6b03ea5329053f8ac","name":"webzwin","image":{"@type":"ImageObject","inLanguage":"fr-FR","@id":"https:\/\/www.fiestaclasica.org\/#\/schema\/person\/image\/","url":"https:\/\/secure.gravatar.com\/avatar\/b61cecce942f25228da00c5f6ea9bef8?s=96&d=mm&r=g","contentUrl":"https:\/\/secure.gravatar.com\/avatar\/b61cecce942f25228da00c5f6ea9bef8?s=96&d=mm&r=g","caption":"webzwin"},"url":"https:\/\/www.fiestaclasica.org\/fr\/author\/webzwin\/"}]}},"_links":{"self":[{"href":"https:\/\/www.fiestaclasica.org\/fr\/wp-json\/wp\/v2\/posts\/10661\/"}],"collection":[{"href":"https:\/\/www.fiestaclasica.org\/fr\/wp-json\/wp\/v2\/posts\/"}],"about":[{"href":"https:\/\/www.fiestaclasica.org\/fr\/wp-json\/wp\/v2\/types\/post\/"}],"author":[{"embeddable":true,"href":"https:\/\/www.fiestaclasica.org\/fr\/wp-json\/wp\/v2\/users\/1\/"}],"replies":[{"embeddable":true,"href":"https:\/\/www.fiestaclasica.org\/fr\/wp-json\/wp\/v2\/comments\/?post=10661"}],"version-history":[{"count":3,"href":"https:\/\/www.fiestaclasica.org\/fr\/wp-json\/wp\/v2\/posts\/10661\/revisions\/"}],"predecessor-version":[{"id":10667,"href":"https:\/\/www.fiestaclasica.org\/fr\/wp-json\/wp\/v2\/posts\/10661\/revisions\/10667\/"}],"wp:featuredmedia":[{"embeddable":true,"href":"https:\/\/www.fiestaclasica.org\/fr\/wp-json\/wp\/v2\/media\/10652\/"}],"wp:attachment":[{"href":"https:\/\/www.fiestaclasica.org\/fr\/wp-json\/wp\/v2\/media\/?parent=10661"}],"wp:term":[{"taxonomy":"category","embeddable":true,"href":"https:\/\/www.fiestaclasica.org\/fr\/wp-json\/wp\/v2\/categories\/?post=10661"},{"taxonomy":"post_tag","embeddable":true,"href":"https:\/\/www.fiestaclasica.org\/fr\/wp-json\/wp\/v2\/tags\/?post=10661"},{"taxonomy":"post_series","embeddable":true,"href":"https:\/\/www.fiestaclasica.org\/fr\/wp-json\/wp\/v2\/post_series\/?post=10661"}],"curies":[{"name":"wp","href":"https:\/\/api.w.org\/{rel}","templated":true}]}}