{"id":699,"date":"2016-03-30T16:27:03","date_gmt":"2016-03-30T16:27:03","guid":{"rendered":"http:\/\/www.fiestaclasica.org\/en\/?p=699"},"modified":"2020-03-13T19:31:52","modified_gmt":"2020-03-13T19:31:52","slug":"2017-concerts-a-rendez-vous-with-prestige","status":"publish","type":"post","link":"https:\/\/www.fiestaclasica.org\/en\/2017-concerts-a-rendez-vous-with-prestige\/","title":{"rendered":"Nuestro primer cargamento de instrumentos."},"content":{"rendered":"[vc_row][vc_column][vc_column_text]\n<p style=\"text-align: left;\">Santo Domingo\u00a0&#8211; 22 de Febrero 2017.<br \/>\nRecibimos el primer cargamento con 70\u00a0instrumentos que la Fundaci\u00f3n <span class=\"_5afx\"><a class=\"_58cn\" href=\"https:\/\/www.facebook.com\/hashtag\/fiestaclasica?source=feed_text&amp;story_id=10210589449625210\" data-ft=\"{&quot;tn&quot;:&quot;*N&quot;,&quot;type&quot;:104}\"><span class=\"_58cl _5afz\">#<\/span><span class=\"_58cm\">fiestaclasica<\/span><\/a>\u00a0pondr\u00e1 a disposici\u00f3n a los ni\u00f1os para que as\u00ed demos inicio\u00a0con<\/span>\u00a0la segunda\u00a0etapa del N\u00facleo Jos\u00e9 Reyes de la Zona Colonial, teniendo como reto montar o preparar la primera Orquesta Infantil y Juvenil.<\/p>\n<p><img decoding=\"async\" loading=\"lazy\" class=\"alignnone size-medium wp-image-826\" src=\"https:\/\/www.fiestaclasica.org\/wp-content\/uploads\/2016\/03\/DSC_0206-300x199.png\" alt=\"DSC_0206\" width=\"300\" height=\"199\" srcset=\"https:\/\/www.fiestaclasica.org\/wp-content\/uploads\/2016\/03\/DSC_0206-300x199.png 300w, https:\/\/www.fiestaclasica.org\/wp-content\/uploads\/2016\/03\/DSC_0206-768x510.png 768w, https:\/\/www.fiestaclasica.org\/wp-content\/uploads\/2016\/03\/DSC_0206-1024x680.png 1024w, https:\/\/www.fiestaclasica.org\/wp-content\/uploads\/2016\/03\/DSC_0206.png 1080w\" sizes=\"(max-width: 300px) 100vw, 300px\" \/> <img decoding=\"async\" loading=\"lazy\" class=\"alignnone size-medium wp-image-827\" src=\"https:\/\/www.fiestaclasica.org\/wp-content\/uploads\/2016\/03\/DSC_0211-300x199.png\" alt=\"DSC_0211\" width=\"300\" height=\"199\" srcset=\"https:\/\/www.fiestaclasica.org\/wp-content\/uploads\/2016\/03\/DSC_0211-300x199.png 300w, https:\/\/www.fiestaclasica.org\/wp-content\/uploads\/2016\/03\/DSC_0211-768x510.png 768w, https:\/\/www.fiestaclasica.org\/wp-content\/uploads\/2016\/03\/DSC_0211-1024x680.png 1024w, https:\/\/www.fiestaclasica.org\/wp-content\/uploads\/2016\/03\/DSC_0211.png 1080w\" sizes=\"(max-width: 300px) 100vw, 300px\" \/> <img decoding=\"async\" loading=\"lazy\" class=\"alignnone size-medium wp-image-828\" src=\"https:\/\/www.fiestaclasica.org\/wp-content\/uploads\/2016\/03\/DSC_0219-300x199.png\" alt=\"DSC_0219\" width=\"300\" height=\"199\" srcset=\"https:\/\/www.fiestaclasica.org\/wp-content\/uploads\/2016\/03\/DSC_0219-300x199.png 300w, https:\/\/www.fiestaclasica.org\/wp-content\/uploads\/2016\/03\/DSC_0219-768x510.png 768w, https:\/\/www.fiestaclasica.org\/wp-content\/uploads\/2016\/03\/DSC_0219-1024x680.png 1024w, https:\/\/www.fiestaclasica.org\/wp-content\/uploads\/2016\/03\/DSC_0219.png 1080w\" sizes=\"(max-width: 300px) 100vw, 300px\" \/> <img decoding=\"async\" loading=\"lazy\" class=\"alignnone size-medium wp-image-829\" src=\"https:\/\/www.fiestaclasica.org\/wp-content\/uploads\/2016\/03\/DSC_0220-300x199.png\" alt=\"DSC_0220\" width=\"300\" height=\"199\" srcset=\"https:\/\/www.fiestaclasica.org\/wp-content\/uploads\/2016\/03\/DSC_0220-300x199.png 300w, https:\/\/www.fiestaclasica.org\/wp-content\/uploads\/2016\/03\/DSC_0220-768x510.png 768w, https:\/\/www.fiestaclasica.org\/wp-content\/uploads\/2016\/03\/DSC_0220-1024x680.png 1024w, https:\/\/www.fiestaclasica.org\/wp-content\/uploads\/2016\/03\/DSC_0220.png 1080w\" sizes=\"(max-width: 300px) 100vw, 300px\" \/> <img decoding=\"async\" loading=\"lazy\" class=\"alignnone size-medium wp-image-830\" src=\"https:\/\/www.fiestaclasica.org\/wp-content\/uploads\/2016\/03\/DSC_0226-300x199.png\" alt=\"DSC_0226\" width=\"300\" height=\"199\" srcset=\"https:\/\/www.fiestaclasica.org\/wp-content\/uploads\/2016\/03\/DSC_0226-300x199.png 300w, https:\/\/www.fiestaclasica.org\/wp-content\/uploads\/2016\/03\/DSC_0226-768x510.png 768w, https:\/\/www.fiestaclasica.org\/wp-content\/uploads\/2016\/03\/DSC_0226-1024x680.png 1024w, https:\/\/www.fiestaclasica.org\/wp-content\/uploads\/2016\/03\/DSC_0226.png 1080w\" sizes=\"(max-width: 300px) 100vw, 300px\" \/> <img decoding=\"async\" loading=\"lazy\" class=\"alignnone size-medium wp-image-831\" src=\"https:\/\/www.fiestaclasica.org\/wp-content\/uploads\/2016\/03\/DSC_0228-300x199.png\" alt=\"DSC_0228\" width=\"300\" height=\"199\" srcset=\"https:\/\/www.fiestaclasica.org\/wp-content\/uploads\/2016\/03\/DSC_0228-300x199.png 300w, https:\/\/www.fiestaclasica.org\/wp-content\/uploads\/2016\/03\/DSC_0228-768x510.png 768w, https:\/\/www.fiestaclasica.org\/wp-content\/uploads\/2016\/03\/DSC_0228-1024x680.png 1024w, https:\/\/www.fiestaclasica.org\/wp-content\/uploads\/2016\/03\/DSC_0228.png 1080w\" sizes=\"(max-width: 300px) 100vw, 300px\" \/> <img decoding=\"async\" loading=\"lazy\" class=\"alignnone size-medium wp-image-832\" src=\"https:\/\/www.fiestaclasica.org\/wp-content\/uploads\/2016\/03\/DSC_0229-300x199.png\" alt=\"DSC_0229\" width=\"300\" height=\"199\" srcset=\"https:\/\/www.fiestaclasica.org\/wp-content\/uploads\/2016\/03\/DSC_0229-300x199.png 300w, https:\/\/www.fiestaclasica.org\/wp-content\/uploads\/2016\/03\/DSC_0229-768x510.png 768w, https:\/\/www.fiestaclasica.org\/wp-content\/uploads\/2016\/03\/DSC_0229-1024x680.png 1024w, https:\/\/www.fiestaclasica.org\/wp-content\/uploads\/2016\/03\/DSC_0229.png 1080w\" sizes=\"(max-width: 300px) 100vw, 300px\" \/>\u00a0 \u00a0 \u00a0 \u00a0 \u00a0 \u00a0 \u00a0 \u00a0 \u00a0 \u00a0\u00a0<img decoding=\"async\" loading=\"lazy\" class=\"alignnone size-medium wp-image-834\" src=\"https:\/\/www.fiestaclasica.org\/wp-content\/uploads\/2016\/03\/DSC_0236-300x199.png\" alt=\"DSC_0236\" width=\"300\" height=\"199\" srcset=\"https:\/\/www.fiestaclasica.org\/wp-content\/uploads\/2016\/03\/DSC_0236-300x199.png 300w, https:\/\/www.fiestaclasica.org\/wp-content\/uploads\/2016\/03\/DSC_0236-768x510.png 768w, https:\/\/www.fiestaclasica.org\/wp-content\/uploads\/2016\/03\/DSC_0236-1024x680.png 1024w, https:\/\/www.fiestaclasica.org\/wp-content\/uploads\/2016\/03\/DSC_0236.png 1080w\" sizes=\"(max-width: 300px) 100vw, 300px\" \/><img decoding=\"async\" loading=\"lazy\" class=\"alignnone size-medium wp-image-838\" src=\"https:\/\/www.fiestaclasica.org\/wp-content\/uploads\/2016\/03\/DSC_0475-300x199.png\" alt=\"DSC_0475\" width=\"300\" height=\"199\" srcset=\"https:\/\/www.fiestaclasica.org\/wp-content\/uploads\/2016\/03\/DSC_0475-300x199.png 300w, https:\/\/www.fiestaclasica.org\/wp-content\/uploads\/2016\/03\/DSC_0475-768x510.png 768w, https:\/\/www.fiestaclasica.org\/wp-content\/uploads\/2016\/03\/DSC_0475-1024x680.png 1024w, https:\/\/www.fiestaclasica.org\/wp-content\/uploads\/2016\/03\/DSC_0475.png 1080w\" sizes=\"(max-width: 300px) 100vw, 300px\" \/> <img decoding=\"async\" loading=\"lazy\" class=\"alignnone size-medium wp-image-837\" src=\"https:\/\/www.fiestaclasica.org\/wp-content\/uploads\/2016\/03\/DSC_0470-300x199.png\" alt=\"DSC_0470\" width=\"300\" height=\"199\" srcset=\"https:\/\/www.fiestaclasica.org\/wp-content\/uploads\/2016\/03\/DSC_0470-300x199.png 300w, https:\/\/www.fiestaclasica.org\/wp-content\/uploads\/2016\/03\/DSC_0470-768x510.png 768w, https:\/\/www.fiestaclasica.org\/wp-content\/uploads\/2016\/03\/DSC_0470-1024x680.png 1024w, https:\/\/www.fiestaclasica.org\/wp-content\/uploads\/2016\/03\/DSC_0470.png 1080w\" sizes=\"(max-width: 300px) 100vw, 300px\" \/> <img decoding=\"async\" loading=\"lazy\" class=\"alignnone size-medium wp-image-836\" src=\"https:\/\/www.fiestaclasica.org\/wp-content\/uploads\/2016\/03\/DSC_0531-300x199.png\" alt=\"DSC_0531\" width=\"300\" height=\"199\" srcset=\"https:\/\/www.fiestaclasica.org\/wp-content\/uploads\/2016\/03\/DSC_0531-300x199.png 300w, https:\/\/www.fiestaclasica.org\/wp-content\/uploads\/2016\/03\/DSC_0531-768x510.png 768w, https:\/\/www.fiestaclasica.org\/wp-content\/uploads\/2016\/03\/DSC_0531-1024x680.png 1024w, https:\/\/www.fiestaclasica.org\/wp-content\/uploads\/2016\/03\/DSC_0531.png 1080w\" sizes=\"(max-width: 300px) 100vw, 300px\" \/>\u00a0 \u00a0 \u00a0 \u00a0 \u00a0 \u00a0 \u00a0 \u00a0 \u00a0 \u00a0\u00a0<img decoding=\"async\" loading=\"lazy\" class=\"alignnone size-medium wp-image-834\" src=\"https:\/\/www.fiestaclasica.org\/wp-content\/uploads\/2016\/03\/DSC_0236-300x199.png\" alt=\"DSC_0236\" width=\"300\" height=\"199\" srcset=\"https:\/\/www.fiestaclasica.org\/wp-content\/uploads\/2016\/03\/DSC_0236-300x199.png 300w, https:\/\/www.fiestaclasica.org\/wp-content\/uploads\/2016\/03\/DSC_0236-768x510.png 768w, https:\/\/www.fiestaclasica.org\/wp-content\/uploads\/2016\/03\/DSC_0236-1024x680.png 1024w, https:\/\/www.fiestaclasica.org\/wp-content\/uploads\/2016\/03\/DSC_0236.png 1080w\" sizes=\"(max-width: 300px) 100vw, 300px\" \/>[\/vc_column_text][\/vc_column][\/vc_row]\n","protected":false},"excerpt":{"rendered":"<p>[vc_row][vc_column][vc_column_text] Santo Domingo\u00a0&#8211; 22 de Febrero 2017. Recibimos el primer cargamento con 70\u00a0instrumentos que la Fundaci\u00f3n #fiestaclasica\u00a0pondr\u00e1 a disposici\u00f3n a los ni\u00f1os para que as\u00ed demos inicio\u00a0con\u00a0la segunda\u00a0etapa del N\u00facleo Jos\u00e9 Reyes de la Zona Colonial, teniendo como reto montar o preparar la primera Orquesta Infantil y Juvenil. \u00a0 \u00a0 \u00a0 \u00a0 \u00a0 \u00a0 \u00a0&hellip;<\/p>\n","protected":false},"author":1,"featured_media":4100,"comment_status":"open","ping_status":"open","sticky":false,"template":"","format":"standard","meta":[],"categories":[17],"tags":[],"post_series":[],"yoast_head":"<!-- This site is optimized with the Yoast SEO plugin v20.7 - https:\/\/yoast.com\/wordpress\/plugins\/seo\/ -->\n<title>Nuestro primer cargamento de instrumentos. - Fiesta Clasica<\/title>\n<meta name=\"robots\" content=\"index, follow, max-snippet:-1, max-image-preview:large, max-video-preview:-1\" \/>\n<link rel=\"canonical\" href=\"https:\/\/www.fiestaclasica.org\/en\/2017-concerts-a-rendez-vous-with-prestige\/\" \/>\n<meta property=\"og:locale\" content=\"en_US\" \/>\n<meta property=\"og:type\" content=\"article\" \/>\n<meta property=\"og:title\" content=\"Nuestro primer cargamento de instrumentos. - Fiesta Clasica\" \/>\n<meta property=\"og:description\" content=\"[vc_row][vc_column][vc_column_text] Santo Domingo\u00a0&#8211; 22 de Febrero 2017. Recibimos el primer cargamento con 70\u00a0instrumentos que la Fundaci\u00f3n #fiestaclasica\u00a0pondr\u00e1 a disposici\u00f3n a los ni\u00f1os para que as\u00ed demos inicio\u00a0con\u00a0la segunda\u00a0etapa del N\u00facleo Jos\u00e9 Reyes de la Zona Colonial, teniendo como reto montar o preparar la primera Orquesta Infantil y Juvenil. \u00a0 \u00a0 \u00a0 \u00a0 \u00a0 \u00a0 \u00a0&hellip;\" \/>\n<meta property=\"og:url\" content=\"https:\/\/www.fiestaclasica.org\/en\/2017-concerts-a-rendez-vous-with-prestige\/\" \/>\n<meta property=\"og:site_name\" content=\"Fiesta Clasica\" \/>\n<meta property=\"article:publisher\" content=\"https:\/\/www.facebook.com\/FiestaClasica\/\" \/>\n<meta property=\"article:published_time\" content=\"2016-03-30T16:27:03+00:00\" \/>\n<meta property=\"article:modified_time\" content=\"2020-03-13T19:31:52+00:00\" \/>\n<meta property=\"og:image\" content=\"https:\/\/www.fiestaclasica.org\/wp-content\/uploads\/2016\/03\/foto-de-articulos.png\" \/>\n\t<meta property=\"og:image:width\" content=\"847\" \/>\n\t<meta property=\"og:image:height\" content=\"565\" \/>\n\t<meta property=\"og:image:type\" content=\"image\/png\" \/>\n<meta name=\"author\" content=\"webzwin\" \/>\n<meta name=\"twitter:card\" content=\"summary_large_image\" \/>\n<meta name=\"twitter:creator\" content=\"@fiestaclasica\" \/>\n<meta name=\"twitter:site\" content=\"@fiestaclasica\" \/>\n<meta name=\"twitter:label1\" content=\"Written by\" \/>\n\t<meta name=\"twitter:data1\" content=\"webzwin\" \/>\n<script type=\"application\/ld+json\" class=\"yoast-schema-graph\">{\"@context\":\"https:\/\/schema.org\",\"@graph\":[{\"@type\":\"Article\",\"@id\":\"https:\/\/www.fiestaclasica.org\/en\/2017-concerts-a-rendez-vous-with-prestige\/#article\",\"isPartOf\":{\"@id\":\"https:\/\/www.fiestaclasica.org\/en\/2017-concerts-a-rendez-vous-with-prestige\/\"},\"author\":{\"name\":\"webzwin\",\"@id\":\"https:\/\/www.fiestaclasica.org\/#\/schema\/person\/e8219b53c2a1c7e6b03ea5329053f8ac\"},\"headline\":\"Nuestro primer cargamento de instrumentos.\",\"datePublished\":\"2016-03-30T16:27:03+00:00\",\"dateModified\":\"2020-03-13T19:31:52+00:00\",\"mainEntityOfPage\":{\"@id\":\"https:\/\/www.fiestaclasica.org\/en\/2017-concerts-a-rendez-vous-with-prestige\/\"},\"wordCount\":73,\"commentCount\":0,\"publisher\":{\"@id\":\"https:\/\/www.fiestaclasica.org\/#organization\"},\"articleSection\":[\"News\"],\"inLanguage\":\"en-US\",\"potentialAction\":[{\"@type\":\"CommentAction\",\"name\":\"Comment\",\"target\":[\"https:\/\/www.fiestaclasica.org\/en\/2017-concerts-a-rendez-vous-with-prestige\/#respond\"]}]},{\"@type\":\"WebPage\",\"@id\":\"https:\/\/www.fiestaclasica.org\/en\/2017-concerts-a-rendez-vous-with-prestige\/\",\"url\":\"https:\/\/www.fiestaclasica.org\/en\/2017-concerts-a-rendez-vous-with-prestige\/\",\"name\":\"Nuestro primer cargamento de instrumentos. - Fiesta Clasica\",\"isPartOf\":{\"@id\":\"https:\/\/www.fiestaclasica.org\/#website\"},\"datePublished\":\"2016-03-30T16:27:03+00:00\",\"dateModified\":\"2020-03-13T19:31:52+00:00\",\"breadcrumb\":{\"@id\":\"https:\/\/www.fiestaclasica.org\/en\/2017-concerts-a-rendez-vous-with-prestige\/#breadcrumb\"},\"inLanguage\":\"en-US\",\"potentialAction\":[{\"@type\":\"ReadAction\",\"target\":[\"https:\/\/www.fiestaclasica.org\/en\/2017-concerts-a-rendez-vous-with-prestige\/\"]}]},{\"@type\":\"BreadcrumbList\",\"@id\":\"https:\/\/www.fiestaclasica.org\/en\/2017-concerts-a-rendez-vous-with-prestige\/#breadcrumb\",\"itemListElement\":[{\"@type\":\"ListItem\",\"position\":1,\"name\":\"Portada\",\"item\":\"https:\/\/www.fiestaclasica.org\/en\/\"},{\"@type\":\"ListItem\",\"position\":2,\"name\":\"Nuestro primer cargamento de instrumentos.\"}]},{\"@type\":\"WebSite\",\"@id\":\"https:\/\/www.fiestaclasica.org\/#website\",\"url\":\"https:\/\/www.fiestaclasica.org\/\",\"name\":\"Fiesta Clasica\",\"description\":\"Fiesta Clasica\",\"publisher\":{\"@id\":\"https:\/\/www.fiestaclasica.org\/#organization\"},\"potentialAction\":[{\"@type\":\"SearchAction\",\"target\":{\"@type\":\"EntryPoint\",\"urlTemplate\":\"https:\/\/www.fiestaclasica.org\/?s={search_term_string}\"},\"query-input\":\"required name=search_term_string\"}],\"inLanguage\":\"en-US\"},{\"@type\":\"Organization\",\"@id\":\"https:\/\/www.fiestaclasica.org\/#organization\",\"name\":\"fiesta clasica\",\"url\":\"https:\/\/www.fiestaclasica.org\/\",\"logo\":{\"@type\":\"ImageObject\",\"inLanguage\":\"en-US\",\"@id\":\"https:\/\/www.fiestaclasica.org\/#\/schema\/logo\/image\/\",\"url\":\"https:\/\/www.fiestaclasica.org\/wp-content\/uploads\/2016\/04\/logo-FC-prensa.jpg\",\"contentUrl\":\"https:\/\/www.fiestaclasica.org\/wp-content\/uploads\/2016\/04\/logo-FC-prensa.jpg\",\"width\":449,\"height\":261,\"caption\":\"fiesta clasica\"},\"image\":{\"@id\":\"https:\/\/www.fiestaclasica.org\/#\/schema\/logo\/image\/\"},\"sameAs\":[\"https:\/\/www.facebook.com\/FiestaClasica\/\",\"https:\/\/twitter.com\/fiestaclasica\",\"https:\/\/www.instagram.com\/fiestaclasica\/\",\"https:\/\/www.youtube.com\/channel\/UCt82JYKhPM3Th7pNLCA7-xw\"]},{\"@type\":\"Person\",\"@id\":\"https:\/\/www.fiestaclasica.org\/#\/schema\/person\/e8219b53c2a1c7e6b03ea5329053f8ac\",\"name\":\"webzwin\",\"image\":{\"@type\":\"ImageObject\",\"inLanguage\":\"en-US\",\"@id\":\"https:\/\/www.fiestaclasica.org\/#\/schema\/person\/image\/\",\"url\":\"https:\/\/secure.gravatar.com\/avatar\/b61cecce942f25228da00c5f6ea9bef8?s=96&d=mm&r=g\",\"contentUrl\":\"https:\/\/secure.gravatar.com\/avatar\/b61cecce942f25228da00c5f6ea9bef8?s=96&d=mm&r=g\",\"caption\":\"webzwin\"},\"url\":\"https:\/\/www.fiestaclasica.org\/en\/author\/webzwin\/\"}]}<\/script>\n<!-- \/ Yoast SEO plugin. -->","yoast_head_json":{"title":"Nuestro primer cargamento de instrumentos. - Fiesta Clasica","robots":{"index":"index","follow":"follow","max-snippet":"max-snippet:-1","max-image-preview":"max-image-preview:large","max-video-preview":"max-video-preview:-1"},"canonical":"https:\/\/www.fiestaclasica.org\/en\/2017-concerts-a-rendez-vous-with-prestige\/","og_locale":"en_US","og_type":"article","og_title":"Nuestro primer cargamento de instrumentos. - Fiesta Clasica","og_description":"[vc_row][vc_column][vc_column_text] Santo Domingo\u00a0&#8211; 22 de Febrero 2017. Recibimos el primer cargamento con 70\u00a0instrumentos que la Fundaci\u00f3n #fiestaclasica\u00a0pondr\u00e1 a disposici\u00f3n a los ni\u00f1os para que as\u00ed demos inicio\u00a0con\u00a0la segunda\u00a0etapa del N\u00facleo Jos\u00e9 Reyes de la Zona Colonial, teniendo como reto montar o preparar la primera Orquesta Infantil y Juvenil. \u00a0 \u00a0 \u00a0 \u00a0 \u00a0 \u00a0 \u00a0&hellip;","og_url":"https:\/\/www.fiestaclasica.org\/en\/2017-concerts-a-rendez-vous-with-prestige\/","og_site_name":"Fiesta Clasica","article_publisher":"https:\/\/www.facebook.com\/FiestaClasica\/","article_published_time":"2016-03-30T16:27:03+00:00","article_modified_time":"2020-03-13T19:31:52+00:00","og_image":[{"width":847,"height":565,"url":"https:\/\/www.fiestaclasica.org\/wp-content\/uploads\/2016\/03\/foto-de-articulos.png","type":"image\/png"}],"author":"webzwin","twitter_card":"summary_large_image","twitter_creator":"@fiestaclasica","twitter_site":"@fiestaclasica","twitter_misc":{"Written by":"webzwin"},"schema":{"@context":"https:\/\/schema.org","@graph":[{"@type":"Article","@id":"https:\/\/www.fiestaclasica.org\/en\/2017-concerts-a-rendez-vous-with-prestige\/#article","isPartOf":{"@id":"https:\/\/www.fiestaclasica.org\/en\/2017-concerts-a-rendez-vous-with-prestige\/"},"author":{"name":"webzwin","@id":"https:\/\/www.fiestaclasica.org\/#\/schema\/person\/e8219b53c2a1c7e6b03ea5329053f8ac"},"headline":"Nuestro primer cargamento de instrumentos.","datePublished":"2016-03-30T16:27:03+00:00","dateModified":"2020-03-13T19:31:52+00:00","mainEntityOfPage":{"@id":"https:\/\/www.fiestaclasica.org\/en\/2017-concerts-a-rendez-vous-with-prestige\/"},"wordCount":73,"commentCount":0,"publisher":{"@id":"https:\/\/www.fiestaclasica.org\/#organization"},"articleSection":["News"],"inLanguage":"en-US","potentialAction":[{"@type":"CommentAction","name":"Comment","target":["https:\/\/www.fiestaclasica.org\/en\/2017-concerts-a-rendez-vous-with-prestige\/#respond"]}]},{"@type":"WebPage","@id":"https:\/\/www.fiestaclasica.org\/en\/2017-concerts-a-rendez-vous-with-prestige\/","url":"https:\/\/www.fiestaclasica.org\/en\/2017-concerts-a-rendez-vous-with-prestige\/","name":"Nuestro primer cargamento de instrumentos. - Fiesta Clasica","isPartOf":{"@id":"https:\/\/www.fiestaclasica.org\/#website"},"datePublished":"2016-03-30T16:27:03+00:00","dateModified":"2020-03-13T19:31:52+00:00","breadcrumb":{"@id":"https:\/\/www.fiestaclasica.org\/en\/2017-concerts-a-rendez-vous-with-prestige\/#breadcrumb"},"inLanguage":"en-US","potentialAction":[{"@type":"ReadAction","target":["https:\/\/www.fiestaclasica.org\/en\/2017-concerts-a-rendez-vous-with-prestige\/"]}]},{"@type":"BreadcrumbList","@id":"https:\/\/www.fiestaclasica.org\/en\/2017-concerts-a-rendez-vous-with-prestige\/#breadcrumb","itemListElement":[{"@type":"ListItem","position":1,"name":"Portada","item":"https:\/\/www.fiestaclasica.org\/en\/"},{"@type":"ListItem","position":2,"name":"Nuestro primer cargamento de instrumentos."}]},{"@type":"WebSite","@id":"https:\/\/www.fiestaclasica.org\/#website","url":"https:\/\/www.fiestaclasica.org\/","name":"Fiesta Clasica","description":"Fiesta Clasica","publisher":{"@id":"https:\/\/www.fiestaclasica.org\/#organization"},"potentialAction":[{"@type":"SearchAction","target":{"@type":"EntryPoint","urlTemplate":"https:\/\/www.fiestaclasica.org\/?s={search_term_string}"},"query-input":"required name=search_term_string"}],"inLanguage":"en-US"},{"@type":"Organization","@id":"https:\/\/www.fiestaclasica.org\/#organization","name":"fiesta clasica","url":"https:\/\/www.fiestaclasica.org\/","logo":{"@type":"ImageObject","inLanguage":"en-US","@id":"https:\/\/www.fiestaclasica.org\/#\/schema\/logo\/image\/","url":"https:\/\/www.fiestaclasica.org\/wp-content\/uploads\/2016\/04\/logo-FC-prensa.jpg","contentUrl":"https:\/\/www.fiestaclasica.org\/wp-content\/uploads\/2016\/04\/logo-FC-prensa.jpg","width":449,"height":261,"caption":"fiesta clasica"},"image":{"@id":"https:\/\/www.fiestaclasica.org\/#\/schema\/logo\/image\/"},"sameAs":["https:\/\/www.facebook.com\/FiestaClasica\/","https:\/\/twitter.com\/fiestaclasica","https:\/\/www.instagram.com\/fiestaclasica\/","https:\/\/www.youtube.com\/channel\/UCt82JYKhPM3Th7pNLCA7-xw"]},{"@type":"Person","@id":"https:\/\/www.fiestaclasica.org\/#\/schema\/person\/e8219b53c2a1c7e6b03ea5329053f8ac","name":"webzwin","image":{"@type":"ImageObject","inLanguage":"en-US","@id":"https:\/\/www.fiestaclasica.org\/#\/schema\/person\/image\/","url":"https:\/\/secure.gravatar.com\/avatar\/b61cecce942f25228da00c5f6ea9bef8?s=96&d=mm&r=g","contentUrl":"https:\/\/secure.gravatar.com\/avatar\/b61cecce942f25228da00c5f6ea9bef8?s=96&d=mm&r=g","caption":"webzwin"},"url":"https:\/\/www.fiestaclasica.org\/en\/author\/webzwin\/"}]}},"_links":{"self":[{"href":"https:\/\/www.fiestaclasica.org\/en\/wp-json\/wp\/v2\/posts\/699\/"}],"collection":[{"href":"https:\/\/www.fiestaclasica.org\/en\/wp-json\/wp\/v2\/posts\/"}],"about":[{"href":"https:\/\/www.fiestaclasica.org\/en\/wp-json\/wp\/v2\/types\/post\/"}],"author":[{"embeddable":true,"href":"https:\/\/www.fiestaclasica.org\/en\/wp-json\/wp\/v2\/users\/1\/"}],"replies":[{"embeddable":true,"href":"https:\/\/www.fiestaclasica.org\/en\/wp-json\/wp\/v2\/comments\/?post=699"}],"version-history":[{"count":6,"href":"https:\/\/www.fiestaclasica.org\/en\/wp-json\/wp\/v2\/posts\/699\/revisions\/"}],"predecessor-version":[{"id":11344,"href":"https:\/\/www.fiestaclasica.org\/en\/wp-json\/wp\/v2\/posts\/699\/revisions\/11344\/"}],"wp:featuredmedia":[{"embeddable":true,"href":"https:\/\/www.fiestaclasica.org\/en\/wp-json\/wp\/v2\/media\/4100\/"}],"wp:attachment":[{"href":"https:\/\/www.fiestaclasica.org\/en\/wp-json\/wp\/v2\/media\/?parent=699"}],"wp:term":[{"taxonomy":"category","embeddable":true,"href":"https:\/\/www.fiestaclasica.org\/en\/wp-json\/wp\/v2\/categories\/?post=699"},{"taxonomy":"post_tag","embeddable":true,"href":"https:\/\/www.fiestaclasica.org\/en\/wp-json\/wp\/v2\/tags\/?post=699"},{"taxonomy":"post_series","embeddable":true,"href":"https:\/\/www.fiestaclasica.org\/en\/wp-json\/wp\/v2\/post_series\/?post=699"}],"curies":[{"name":"wp","href":"https:\/\/api.w.org\/{rel}","templated":true}]}}