{"id":2224,"date":"2018-01-23T02:56:42","date_gmt":"2018-01-23T02:56:42","guid":{"rendered":"http:\/\/www.fiestaclasica.org\/?p=2224"},"modified":"2021-09-30T13:00:55","modified_gmt":"2021-09-30T13:00:55","slug":"santo-domingo-23-01-18-noche-benefica","status":"publish","type":"post","link":"https:\/\/www.fiestaclasica.org\/en\/santo-domingo-23-01-18-noche-benefica\/","title":{"rendered":"Noche Ben\u00e9fica en Santo Domingo (23-01-18)"},"content":{"rendered":"<p>El pasado 23 de Enero, la Fundaci\u00f3n Fiesta Cl\u00e1sica ofrezco a sus invitados una noche ben\u00e9fica en la Iglesia de Las Mercedes con el proposition presentar el trabajo realizado durante el a\u00f1o 2017 y recaudar fondos. En esta ocasi\u00f3n contamos con la presencia de prestigiosos invitados tal como Monse\u00f1or Francisco Ozoria, Arzobispo de Santo Domingo, el Sr David Collado, alcalde del Distrito Nacional, la Sra Vanessa Medina, hija del Presidente de la Rep\u00fablica, el Maestro Jose Antonio Molina, Director de la Orquesta Sinf\u00f3nica Nacional, el Dr Eduardo M\u00e9ndez, director general de El Sistema y varios representantes de la comunidad art\u00edstica o de negocios.<\/p>\n<p>El concierto empez\u00f3 con el coro bajo la direcci\u00f3n de la profesora Lourdes S\u00e1nchez, pues la orquesta juvenil dirigida por el Maestro Eduardo Abi Harb interpret\u00f3 algunas obras de su repertorio antes de acoger el violinista serbio Nemanja Radulovic &amp; the Trill\u2019s.<\/p>\n<p>Presentada por Jatnna Tavarez, esta noche fue muy exitosa y el p\u00fablico fue encantado tanto por la labor de los alumnos como por los artistas invitados.<\/p>\n<p>El c\u00f3ctel en el patio de la Logia Cuna de Am\u00e9rica 2 di\u00f3 la oportunidad a los invitados encontrar los artistas e intercambiar comentarios y agradecimientos.<\/p>\n<p>Encontrar\u00e1n aqu\u00ed unas fotos de esta maravillosa noche. El reportaje completo (fotos y videos) se encuentra en nuestra secci\u00f3n de \u00ab\u00a0<a href=\"http:\/\/www.fiestaclasica.org\/multimedia\/\">Multimedias<\/a>\u00a0\u00bb<\/p>\n","protected":false},"excerpt":{"rendered":"<p>El pasado 23 de Enero, la Fundaci\u00f3n Fiesta Cl\u00e1sica ofrezco a sus invitados una noche ben\u00e9fica en la Iglesia de Las Mercedes con el proposition presentar el trabajo realizado durante el a\u00f1o 2017 y recaudar fondos. En esta ocasi\u00f3n contamos con la presencia de prestigiosos invitados tal como Monse\u00f1or Francisco Ozoria, Arzobispo de Santo Domingo,&hellip;<\/p>\n","protected":false},"author":1,"featured_media":2221,"comment_status":"open","ping_status":"open","sticky":false,"template":"","format":"gallery","meta":[],"categories":[17],"tags":[],"post_series":[],"yoast_head":"<!-- This site is optimized with the Yoast SEO plugin v20.7 - https:\/\/yoast.com\/wordpress\/plugins\/seo\/ -->\n<title>Noche Ben\u00e9fica en Santo Domingo (23-01-18) - Fiesta Clasica<\/title>\n<meta name=\"robots\" content=\"index, follow, max-snippet:-1, max-image-preview:large, max-video-preview:-1\" \/>\n<link rel=\"canonical\" href=\"https:\/\/www.fiestaclasica.org\/en\/santo-domingo-23-01-18-noche-benefica\/\" \/>\n<meta property=\"og:locale\" content=\"en_US\" \/>\n<meta property=\"og:type\" content=\"article\" \/>\n<meta property=\"og:title\" content=\"Noche Ben\u00e9fica en Santo Domingo (23-01-18) - Fiesta Clasica\" \/>\n<meta property=\"og:description\" content=\"El pasado 23 de Enero, la Fundaci\u00f3n Fiesta Cl\u00e1sica ofrezco a sus invitados una noche ben\u00e9fica en la Iglesia de Las Mercedes con el proposition presentar el trabajo realizado durante el a\u00f1o 2017 y recaudar fondos. En esta ocasi\u00f3n contamos con la presencia de prestigiosos invitados tal como Monse\u00f1or Francisco Ozoria, Arzobispo de Santo Domingo,&hellip;\" \/>\n<meta property=\"og:url\" content=\"https:\/\/www.fiestaclasica.org\/santo-domingo-23-01-18-noche-benefica\/\" \/>\n<meta property=\"og:site_name\" content=\"Fiesta Clasica\" \/>\n<meta property=\"article:publisher\" content=\"https:\/\/www.facebook.com\/FiestaClasica\/\" \/>\n<meta property=\"article:published_time\" content=\"2018-01-23T02:56:42+00:00\" \/>\n<meta property=\"article:modified_time\" content=\"2021-09-30T13:00:55+00:00\" \/>\n<meta property=\"og:image\" content=\"https:\/\/www.fiestaclasica.org\/wp-content\/uploads\/2018\/03\/Not_concierto2301_IMG_7724.jpg\" \/>\n\t<meta property=\"og:image:width\" content=\"1280\" \/>\n\t<meta property=\"og:image:height\" content=\"853\" \/>\n\t<meta property=\"og:image:type\" content=\"image\/jpeg\" \/>\n<meta name=\"author\" content=\"webzwin\" \/>\n<meta name=\"twitter:card\" content=\"summary_large_image\" \/>\n<meta name=\"twitter:creator\" content=\"@fiestaclasica\" \/>\n<meta name=\"twitter:site\" content=\"@fiestaclasica\" \/>\n<meta name=\"twitter:label1\" content=\"Written by\" \/>\n\t<meta name=\"twitter:data1\" content=\"webzwin\" \/>\n\t<meta name=\"twitter:label2\" content=\"Est. reading time\" \/>\n\t<meta name=\"twitter:data2\" content=\"1 minute\" \/>\n<script type=\"application\/ld+json\" class=\"yoast-schema-graph\">{\"@context\":\"https:\/\/schema.org\",\"@graph\":[{\"@type\":\"Article\",\"@id\":\"https:\/\/www.fiestaclasica.org\/santo-domingo-23-01-18-noche-benefica\/#article\",\"isPartOf\":{\"@id\":\"https:\/\/www.fiestaclasica.org\/santo-domingo-23-01-18-noche-benefica\/\"},\"author\":{\"name\":\"webzwin\",\"@id\":\"https:\/\/www.fiestaclasica.org\/#\/schema\/person\/e8219b53c2a1c7e6b03ea5329053f8ac\"},\"headline\":\"Noche Ben\u00e9fica en Santo Domingo (23-01-18)\",\"datePublished\":\"2018-01-23T02:56:42+00:00\",\"dateModified\":\"2021-09-30T13:00:55+00:00\",\"mainEntityOfPage\":{\"@id\":\"https:\/\/www.fiestaclasica.org\/santo-domingo-23-01-18-noche-benefica\/\"},\"wordCount\":241,\"commentCount\":0,\"publisher\":{\"@id\":\"https:\/\/www.fiestaclasica.org\/#organization\"},\"articleSection\":[\"News\"],\"inLanguage\":\"en-US\",\"potentialAction\":[{\"@type\":\"CommentAction\",\"name\":\"Comment\",\"target\":[\"https:\/\/www.fiestaclasica.org\/santo-domingo-23-01-18-noche-benefica\/#respond\"]}]},{\"@type\":\"WebPage\",\"@id\":\"https:\/\/www.fiestaclasica.org\/santo-domingo-23-01-18-noche-benefica\/\",\"url\":\"https:\/\/www.fiestaclasica.org\/santo-domingo-23-01-18-noche-benefica\/\",\"name\":\"Noche Ben\u00e9fica en Santo Domingo (23-01-18) - Fiesta Clasica\",\"isPartOf\":{\"@id\":\"https:\/\/www.fiestaclasica.org\/#website\"},\"datePublished\":\"2018-01-23T02:56:42+00:00\",\"dateModified\":\"2021-09-30T13:00:55+00:00\",\"breadcrumb\":{\"@id\":\"https:\/\/www.fiestaclasica.org\/santo-domingo-23-01-18-noche-benefica\/#breadcrumb\"},\"inLanguage\":\"en-US\",\"potentialAction\":[{\"@type\":\"ReadAction\",\"target\":[\"https:\/\/www.fiestaclasica.org\/santo-domingo-23-01-18-noche-benefica\/\"]}]},{\"@type\":\"BreadcrumbList\",\"@id\":\"https:\/\/www.fiestaclasica.org\/santo-domingo-23-01-18-noche-benefica\/#breadcrumb\",\"itemListElement\":[{\"@type\":\"ListItem\",\"position\":1,\"name\":\"Portada\",\"item\":\"https:\/\/www.fiestaclasica.org\/en\/\"},{\"@type\":\"ListItem\",\"position\":2,\"name\":\"Noche Ben\u00e9fica en Santo Domingo (23-01-18)\"}]},{\"@type\":\"WebSite\",\"@id\":\"https:\/\/www.fiestaclasica.org\/#website\",\"url\":\"https:\/\/www.fiestaclasica.org\/\",\"name\":\"Fiesta Clasica\",\"description\":\"Fiesta Clasica\",\"publisher\":{\"@id\":\"https:\/\/www.fiestaclasica.org\/#organization\"},\"potentialAction\":[{\"@type\":\"SearchAction\",\"target\":{\"@type\":\"EntryPoint\",\"urlTemplate\":\"https:\/\/www.fiestaclasica.org\/?s={search_term_string}\"},\"query-input\":\"required name=search_term_string\"}],\"inLanguage\":\"en-US\"},{\"@type\":\"Organization\",\"@id\":\"https:\/\/www.fiestaclasica.org\/#organization\",\"name\":\"fiesta clasica\",\"url\":\"https:\/\/www.fiestaclasica.org\/\",\"logo\":{\"@type\":\"ImageObject\",\"inLanguage\":\"en-US\",\"@id\":\"https:\/\/www.fiestaclasica.org\/#\/schema\/logo\/image\/\",\"url\":\"https:\/\/www.fiestaclasica.org\/wp-content\/uploads\/2016\/04\/logo-FC-prensa.jpg\",\"contentUrl\":\"https:\/\/www.fiestaclasica.org\/wp-content\/uploads\/2016\/04\/logo-FC-prensa.jpg\",\"width\":449,\"height\":261,\"caption\":\"fiesta clasica\"},\"image\":{\"@id\":\"https:\/\/www.fiestaclasica.org\/#\/schema\/logo\/image\/\"},\"sameAs\":[\"https:\/\/www.facebook.com\/FiestaClasica\/\",\"https:\/\/twitter.com\/fiestaclasica\",\"https:\/\/www.instagram.com\/fiestaclasica\/\",\"https:\/\/www.youtube.com\/channel\/UCt82JYKhPM3Th7pNLCA7-xw\"]},{\"@type\":\"Person\",\"@id\":\"https:\/\/www.fiestaclasica.org\/#\/schema\/person\/e8219b53c2a1c7e6b03ea5329053f8ac\",\"name\":\"webzwin\",\"image\":{\"@type\":\"ImageObject\",\"inLanguage\":\"en-US\",\"@id\":\"https:\/\/www.fiestaclasica.org\/#\/schema\/person\/image\/\",\"url\":\"https:\/\/secure.gravatar.com\/avatar\/b61cecce942f25228da00c5f6ea9bef8?s=96&d=mm&r=g\",\"contentUrl\":\"https:\/\/secure.gravatar.com\/avatar\/b61cecce942f25228da00c5f6ea9bef8?s=96&d=mm&r=g\",\"caption\":\"webzwin\"},\"url\":\"https:\/\/www.fiestaclasica.org\/en\/author\/webzwin\/\"}]}<\/script>\n<!-- \/ Yoast SEO plugin. -->","yoast_head_json":{"title":"Noche Ben\u00e9fica en Santo Domingo (23-01-18) - Fiesta Clasica","robots":{"index":"index","follow":"follow","max-snippet":"max-snippet:-1","max-image-preview":"max-image-preview:large","max-video-preview":"max-video-preview:-1"},"canonical":"https:\/\/www.fiestaclasica.org\/en\/santo-domingo-23-01-18-noche-benefica\/","og_locale":"en_US","og_type":"article","og_title":"Noche Ben\u00e9fica en Santo Domingo (23-01-18) - Fiesta Clasica","og_description":"El pasado 23 de Enero, la Fundaci\u00f3n Fiesta Cl\u00e1sica ofrezco a sus invitados una noche ben\u00e9fica en la Iglesia de Las Mercedes con el proposition presentar el trabajo realizado durante el a\u00f1o 2017 y recaudar fondos. En esta ocasi\u00f3n contamos con la presencia de prestigiosos invitados tal como Monse\u00f1or Francisco Ozoria, Arzobispo de Santo Domingo,&hellip;","og_url":"https:\/\/www.fiestaclasica.org\/santo-domingo-23-01-18-noche-benefica\/","og_site_name":"Fiesta Clasica","article_publisher":"https:\/\/www.facebook.com\/FiestaClasica\/","article_published_time":"2018-01-23T02:56:42+00:00","article_modified_time":"2021-09-30T13:00:55+00:00","og_image":[{"width":1280,"height":853,"url":"https:\/\/www.fiestaclasica.org\/wp-content\/uploads\/2018\/03\/Not_concierto2301_IMG_7724.jpg","type":"image\/jpeg"}],"author":"webzwin","twitter_card":"summary_large_image","twitter_creator":"@fiestaclasica","twitter_site":"@fiestaclasica","twitter_misc":{"Written by":"webzwin","Est. reading time":"1 minute"},"schema":{"@context":"https:\/\/schema.org","@graph":[{"@type":"Article","@id":"https:\/\/www.fiestaclasica.org\/santo-domingo-23-01-18-noche-benefica\/#article","isPartOf":{"@id":"https:\/\/www.fiestaclasica.org\/santo-domingo-23-01-18-noche-benefica\/"},"author":{"name":"webzwin","@id":"https:\/\/www.fiestaclasica.org\/#\/schema\/person\/e8219b53c2a1c7e6b03ea5329053f8ac"},"headline":"Noche Ben\u00e9fica en Santo Domingo (23-01-18)","datePublished":"2018-01-23T02:56:42+00:00","dateModified":"2021-09-30T13:00:55+00:00","mainEntityOfPage":{"@id":"https:\/\/www.fiestaclasica.org\/santo-domingo-23-01-18-noche-benefica\/"},"wordCount":241,"commentCount":0,"publisher":{"@id":"https:\/\/www.fiestaclasica.org\/#organization"},"articleSection":["News"],"inLanguage":"en-US","potentialAction":[{"@type":"CommentAction","name":"Comment","target":["https:\/\/www.fiestaclasica.org\/santo-domingo-23-01-18-noche-benefica\/#respond"]}]},{"@type":"WebPage","@id":"https:\/\/www.fiestaclasica.org\/santo-domingo-23-01-18-noche-benefica\/","url":"https:\/\/www.fiestaclasica.org\/santo-domingo-23-01-18-noche-benefica\/","name":"Noche Ben\u00e9fica en Santo Domingo (23-01-18) - Fiesta Clasica","isPartOf":{"@id":"https:\/\/www.fiestaclasica.org\/#website"},"datePublished":"2018-01-23T02:56:42+00:00","dateModified":"2021-09-30T13:00:55+00:00","breadcrumb":{"@id":"https:\/\/www.fiestaclasica.org\/santo-domingo-23-01-18-noche-benefica\/#breadcrumb"},"inLanguage":"en-US","potentialAction":[{"@type":"ReadAction","target":["https:\/\/www.fiestaclasica.org\/santo-domingo-23-01-18-noche-benefica\/"]}]},{"@type":"BreadcrumbList","@id":"https:\/\/www.fiestaclasica.org\/santo-domingo-23-01-18-noche-benefica\/#breadcrumb","itemListElement":[{"@type":"ListItem","position":1,"name":"Portada","item":"https:\/\/www.fiestaclasica.org\/en\/"},{"@type":"ListItem","position":2,"name":"Noche Ben\u00e9fica en Santo Domingo (23-01-18)"}]},{"@type":"WebSite","@id":"https:\/\/www.fiestaclasica.org\/#website","url":"https:\/\/www.fiestaclasica.org\/","name":"Fiesta Clasica","description":"Fiesta Clasica","publisher":{"@id":"https:\/\/www.fiestaclasica.org\/#organization"},"potentialAction":[{"@type":"SearchAction","target":{"@type":"EntryPoint","urlTemplate":"https:\/\/www.fiestaclasica.org\/?s={search_term_string}"},"query-input":"required name=search_term_string"}],"inLanguage":"en-US"},{"@type":"Organization","@id":"https:\/\/www.fiestaclasica.org\/#organization","name":"fiesta clasica","url":"https:\/\/www.fiestaclasica.org\/","logo":{"@type":"ImageObject","inLanguage":"en-US","@id":"https:\/\/www.fiestaclasica.org\/#\/schema\/logo\/image\/","url":"https:\/\/www.fiestaclasica.org\/wp-content\/uploads\/2016\/04\/logo-FC-prensa.jpg","contentUrl":"https:\/\/www.fiestaclasica.org\/wp-content\/uploads\/2016\/04\/logo-FC-prensa.jpg","width":449,"height":261,"caption":"fiesta clasica"},"image":{"@id":"https:\/\/www.fiestaclasica.org\/#\/schema\/logo\/image\/"},"sameAs":["https:\/\/www.facebook.com\/FiestaClasica\/","https:\/\/twitter.com\/fiestaclasica","https:\/\/www.instagram.com\/fiestaclasica\/","https:\/\/www.youtube.com\/channel\/UCt82JYKhPM3Th7pNLCA7-xw"]},{"@type":"Person","@id":"https:\/\/www.fiestaclasica.org\/#\/schema\/person\/e8219b53c2a1c7e6b03ea5329053f8ac","name":"webzwin","image":{"@type":"ImageObject","inLanguage":"en-US","@id":"https:\/\/www.fiestaclasica.org\/#\/schema\/person\/image\/","url":"https:\/\/secure.gravatar.com\/avatar\/b61cecce942f25228da00c5f6ea9bef8?s=96&d=mm&r=g","contentUrl":"https:\/\/secure.gravatar.com\/avatar\/b61cecce942f25228da00c5f6ea9bef8?s=96&d=mm&r=g","caption":"webzwin"},"url":"https:\/\/www.fiestaclasica.org\/en\/author\/webzwin\/"}]}},"_links":{"self":[{"href":"https:\/\/www.fiestaclasica.org\/en\/wp-json\/wp\/v2\/posts\/2224\/"}],"collection":[{"href":"https:\/\/www.fiestaclasica.org\/en\/wp-json\/wp\/v2\/posts\/"}],"about":[{"href":"https:\/\/www.fiestaclasica.org\/en\/wp-json\/wp\/v2\/types\/post\/"}],"author":[{"embeddable":true,"href":"https:\/\/www.fiestaclasica.org\/en\/wp-json\/wp\/v2\/users\/1\/"}],"replies":[{"embeddable":true,"href":"https:\/\/www.fiestaclasica.org\/en\/wp-json\/wp\/v2\/comments\/?post=2224"}],"version-history":[{"count":5,"href":"https:\/\/www.fiestaclasica.org\/en\/wp-json\/wp\/v2\/posts\/2224\/revisions\/"}],"predecessor-version":[{"id":11680,"href":"https:\/\/www.fiestaclasica.org\/en\/wp-json\/wp\/v2\/posts\/2224\/revisions\/11680\/"}],"wp:featuredmedia":[{"embeddable":true,"href":"https:\/\/www.fiestaclasica.org\/en\/wp-json\/wp\/v2\/media\/2221\/"}],"wp:attachment":[{"href":"https:\/\/www.fiestaclasica.org\/en\/wp-json\/wp\/v2\/media\/?parent=2224"}],"wp:term":[{"taxonomy":"category","embeddable":true,"href":"https:\/\/www.fiestaclasica.org\/en\/wp-json\/wp\/v2\/categories\/?post=2224"},{"taxonomy":"post_tag","embeddable":true,"href":"https:\/\/www.fiestaclasica.org\/en\/wp-json\/wp\/v2\/tags\/?post=2224"},{"taxonomy":"post_series","embeddable":true,"href":"https:\/\/www.fiestaclasica.org\/en\/wp-json\/wp\/v2\/post_series\/?post=2224"}],"curies":[{"name":"wp","href":"https:\/\/api.w.org\/{rel}","templated":true}]}}