{"id":11479,"date":"2020-08-06T12:38:05","date_gmt":"2020-08-06T16:38:05","guid":{"rendered":"http:\/\/www.fiestaclasica.org\/?p=11479"},"modified":"2021-09-30T12:45:08","modified_gmt":"2021-09-30T12:45:08","slug":"aisha-syed-castro-el-sistema","status":"publish","type":"post","link":"https:\/\/www.fiestaclasica.org\/en\/aisha-syed-castro-el-sistema\/","title":{"rendered":"Aisha Syed Castro &#038; El Sistema"},"content":{"rendered":"[vc_row][vc_column]<div class=\"wpex-slider-preloaderimg wpex-relative\"><img width=\"1280\" height=\"850\" src=\"https:\/\/www.fiestaclasica.org\/wp-content\/uploads\/2020\/08\/NoticiaN_5-3.jpg\" class=\"skip-lazy\" alt=\"\" decoding=\"async\" data-no-lazy=\"1\" srcset=\"https:\/\/www.fiestaclasica.org\/wp-content\/uploads\/2020\/08\/NoticiaN_5-3.jpg 1280w, https:\/\/www.fiestaclasica.org\/wp-content\/uploads\/2020\/08\/NoticiaN_5-3-300x199.jpg 300w, https:\/\/www.fiestaclasica.org\/wp-content\/uploads\/2020\/08\/NoticiaN_5-3-1024x680.jpg 1024w, https:\/\/www.fiestaclasica.org\/wp-content\/uploads\/2020\/08\/NoticiaN_5-3-768x510.jpg 768w\" sizes=\"(max-width: 1280px) 100vw, 1280px\" \/><\/div><div class=\"vcex-module wpex-slider slider-pro vcex-image-slider wpex-clr\" data-auto-play-delay=\"5000\" data-buttons=\"false\" data-thumbnails=\"true\" data-animation-speed=\"600\" data-height-animation-duration=\"500\" data-thumbnail-height=\"70\" data-thumbnail-width=\"70\"><div class=\"wpex-slider-slides sp-slides\"><div class=\"wpex-slider-slide sp-slide\"><div class=\"wpex-slider-media\"><img width=\"1280\" height=\"850\" src=\"https:\/\/www.fiestaclasica.org\/wp-content\/uploads\/2020\/08\/NoticiaN_5-3.jpg\" class=\"skip-lazy\" alt=\"\" decoding=\"async\" data-no-lazy=\"1\" srcset=\"https:\/\/www.fiestaclasica.org\/wp-content\/uploads\/2020\/08\/NoticiaN_5-3.jpg 1280w, https:\/\/www.fiestaclasica.org\/wp-content\/uploads\/2020\/08\/NoticiaN_5-3-300x199.jpg 300w, https:\/\/www.fiestaclasica.org\/wp-content\/uploads\/2020\/08\/NoticiaN_5-3-1024x680.jpg 1024w, https:\/\/www.fiestaclasica.org\/wp-content\/uploads\/2020\/08\/NoticiaN_5-3-768x510.jpg 768w\" sizes=\"(max-width: 1280px) 100vw, 1280px\" \/><div class=\"wpex-slider-caption sp-layer sp-padding wpex-clr sp-black\"data-position=\"bottomCenter\" data-show-transition=\"up\" data-hide-transition=\"down\" data-width=\"100%\" data-show-delay=\"500\"><p>Corinne Bouygues de Gobbi, Aisha Syed Castro <\/p>\n<\/div><\/div><\/div><div class=\"wpex-slider-slide sp-slide\"><div class=\"wpex-slider-media\"><img width=\"1280\" height=\"850\" src=\"https:\/\/www.fiestaclasica.org\/wp-content\/uploads\/2020\/08\/NoticiaN_5-1.jpg\" class=\"skip-lazy\" alt=\"\" decoding=\"async\" data-no-lazy=\"1\" srcset=\"https:\/\/www.fiestaclasica.org\/wp-content\/uploads\/2020\/08\/NoticiaN_5-1.jpg 1280w, https:\/\/www.fiestaclasica.org\/wp-content\/uploads\/2020\/08\/NoticiaN_5-1-300x199.jpg 300w, https:\/\/www.fiestaclasica.org\/wp-content\/uploads\/2020\/08\/NoticiaN_5-1-1024x680.jpg 1024w, https:\/\/www.fiestaclasica.org\/wp-content\/uploads\/2020\/08\/NoticiaN_5-1-768x510.jpg 768w\" sizes=\"(max-width: 1280px) 100vw, 1280px\" \/><\/div><\/div><div class=\"wpex-slider-slide sp-slide\"><div class=\"wpex-slider-media\"><img width=\"1280\" height=\"850\" src=\"https:\/\/www.fiestaclasica.org\/wp-content\/uploads\/2020\/08\/NoticiaN_5-2.jpg\" class=\"skip-lazy\" alt=\"\" decoding=\"async\" data-no-lazy=\"1\" srcset=\"https:\/\/www.fiestaclasica.org\/wp-content\/uploads\/2020\/08\/NoticiaN_5-2.jpg 1280w, https:\/\/www.fiestaclasica.org\/wp-content\/uploads\/2020\/08\/NoticiaN_5-2-300x199.jpg 300w, https:\/\/www.fiestaclasica.org\/wp-content\/uploads\/2020\/08\/NoticiaN_5-2-1024x680.jpg 1024w, https:\/\/www.fiestaclasica.org\/wp-content\/uploads\/2020\/08\/NoticiaN_5-2-768x510.jpg 768w\" sizes=\"(max-width: 1280px) 100vw, 1280px\" \/><\/div><\/div><\/div><div class=\"wpex-slider-thumbnails sp-thumbnails\"><img width=\"1280\" height=\"850\" src=\"https:\/\/www.fiestaclasica.org\/wp-content\/uploads\/2020\/08\/NoticiaN_5-3.jpg\" class=\"wpex-slider-thumbnail sp-thumbnail skip-lazy\" alt=\"\" decoding=\"async\" data-no-lazy=\"1\" srcset=\"https:\/\/www.fiestaclasica.org\/wp-content\/uploads\/2020\/08\/NoticiaN_5-3.jpg 1280w, https:\/\/www.fiestaclasica.org\/wp-content\/uploads\/2020\/08\/NoticiaN_5-3-300x199.jpg 300w, https:\/\/www.fiestaclasica.org\/wp-content\/uploads\/2020\/08\/NoticiaN_5-3-1024x680.jpg 1024w, https:\/\/www.fiestaclasica.org\/wp-content\/uploads\/2020\/08\/NoticiaN_5-3-768x510.jpg 768w\" sizes=\"(max-width: 1280px) 100vw, 1280px\" \/><img width=\"1280\" height=\"850\" src=\"https:\/\/www.fiestaclasica.org\/wp-content\/uploads\/2020\/08\/NoticiaN_5-1.jpg\" class=\"wpex-slider-thumbnail sp-thumbnail skip-lazy\" alt=\"\" decoding=\"async\" data-no-lazy=\"1\" srcset=\"https:\/\/www.fiestaclasica.org\/wp-content\/uploads\/2020\/08\/NoticiaN_5-1.jpg 1280w, https:\/\/www.fiestaclasica.org\/wp-content\/uploads\/2020\/08\/NoticiaN_5-1-300x199.jpg 300w, https:\/\/www.fiestaclasica.org\/wp-content\/uploads\/2020\/08\/NoticiaN_5-1-1024x680.jpg 1024w, https:\/\/www.fiestaclasica.org\/wp-content\/uploads\/2020\/08\/NoticiaN_5-1-768x510.jpg 768w\" sizes=\"(max-width: 1280px) 100vw, 1280px\" \/><img width=\"1280\" height=\"850\" src=\"https:\/\/www.fiestaclasica.org\/wp-content\/uploads\/2020\/08\/NoticiaN_5-2.jpg\" class=\"wpex-slider-thumbnail sp-thumbnail skip-lazy\" alt=\"\" decoding=\"async\" data-no-lazy=\"1\" srcset=\"https:\/\/www.fiestaclasica.org\/wp-content\/uploads\/2020\/08\/NoticiaN_5-2.jpg 1280w, https:\/\/www.fiestaclasica.org\/wp-content\/uploads\/2020\/08\/NoticiaN_5-2-300x199.jpg 300w, https:\/\/www.fiestaclasica.org\/wp-content\/uploads\/2020\/08\/NoticiaN_5-2-1024x680.jpg 1024w, https:\/\/www.fiestaclasica.org\/wp-content\/uploads\/2020\/08\/NoticiaN_5-2-768x510.jpg 768w\" sizes=\"(max-width: 1280px) 100vw, 1280px\" \/><\/div><\/div>[\/vc_column][\/vc_row][vc_row][vc_column][vc_column_text]Santo Domingo \u2013 August 6<sup>th<\/sup>, 2020 : Our friend the violinist Aisha Syed Castro, Member of Honor of Fiesta Cl\u00e1sica, gave this Wednesday, August 5<sup>th<\/sup> a master class at the invitation of El Sistema. During two hours Aisha was able to exchange with the students of El Sistema and Fiesta Cl\u00e1sica connected to the platform Zoom as well as with our Academic Director Maestro Efrain Lara.[\/vc_column_text][\/vc_column][\/vc_row]\n","protected":false},"excerpt":{"rendered":"<p>[vc_row][vc_column][\/vc_column][\/vc_row][vc_row][vc_column][vc_column_text]Santo Domingo \u2013 August 6th, 2020 : Our friend the violinist Aisha Syed Castro, Member of Honor of Fiesta Cl\u00e1sica, gave this Wednesday, August 5th a master class at the invitation of El Sistema. During two hours Aisha was able to exchange with the students of El Sistema and Fiesta Cl\u00e1sica connected to the platform&hellip;<\/p>\n","protected":false},"author":1,"featured_media":11393,"comment_status":"open","ping_status":"open","sticky":false,"template":"","format":"standard","meta":[],"categories":[17],"tags":[],"post_series":[],"yoast_head":"<!-- This site is optimized with the Yoast SEO plugin v20.7 - https:\/\/yoast.com\/wordpress\/plugins\/seo\/ -->\n<title>Aisha Syed Castro &amp; El Sistema - Fiesta Clasica<\/title>\n<meta name=\"description\" content=\"Santo Domingo \u2013 6 de Agosto, 2020: Nuestra amiga la violinista Aisha Syed Castro, Miembro de Honor de Fiesta Cl\u00e1sica, dio este mi\u00e9rcoles 5 de agosto una clase magistral por invitaci\u00f3n de El Sistema.\" \/>\n<meta name=\"robots\" content=\"index, follow, max-snippet:-1, max-image-preview:large, max-video-preview:-1\" \/>\n<link rel=\"canonical\" href=\"https:\/\/www.fiestaclasica.org\/en\/aisha-syed-castro-el-sistema\/\" \/>\n<meta property=\"og:locale\" content=\"en_US\" \/>\n<meta property=\"og:type\" content=\"article\" \/>\n<meta property=\"og:title\" content=\"Aisha Syed Castro &amp; El Sistema - Fiesta Clasica\" \/>\n<meta property=\"og:description\" content=\"Santo Domingo \u2013 6 de Agosto, 2020: Nuestra amiga la violinista Aisha Syed Castro, Miembro de Honor de Fiesta Cl\u00e1sica, dio este mi\u00e9rcoles 5 de agosto una clase magistral por invitaci\u00f3n de El Sistema.\" \/>\n<meta property=\"og:url\" content=\"https:\/\/www.fiestaclasica.org\/en\/aisha-syed-castro-el-sistema\/\" \/>\n<meta property=\"og:site_name\" content=\"Fiesta Clasica\" \/>\n<meta property=\"article:publisher\" content=\"https:\/\/www.facebook.com\/FiestaClasica\/\" \/>\n<meta property=\"article:published_time\" content=\"2020-08-06T16:38:05+00:00\" \/>\n<meta property=\"article:modified_time\" content=\"2021-09-30T12:45:08+00:00\" \/>\n<meta property=\"og:image\" content=\"http:\/\/www.fiestaclasica.org\/wp-content\/uploads\/2020\/08\/NoticiaN_5-1.jpg\" \/>\n\t<meta property=\"og:image:width\" content=\"1280\" \/>\n\t<meta property=\"og:image:height\" content=\"850\" \/>\n\t<meta property=\"og:image:type\" content=\"image\/jpeg\" \/>\n<meta name=\"author\" content=\"webzwin\" \/>\n<meta name=\"twitter:card\" content=\"summary_large_image\" \/>\n<meta name=\"twitter:creator\" content=\"@fiestaclasica\" \/>\n<meta name=\"twitter:site\" content=\"@fiestaclasica\" \/>\n<meta name=\"twitter:label1\" content=\"Written by\" \/>\n\t<meta name=\"twitter:data1\" content=\"webzwin\" \/>\n<script type=\"application\/ld+json\" class=\"yoast-schema-graph\">{\"@context\":\"https:\/\/schema.org\",\"@graph\":[{\"@type\":\"Article\",\"@id\":\"https:\/\/www.fiestaclasica.org\/en\/aisha-syed-castro-el-sistema\/#article\",\"isPartOf\":{\"@id\":\"https:\/\/www.fiestaclasica.org\/en\/aisha-syed-castro-el-sistema\/\"},\"author\":{\"name\":\"webzwin\",\"@id\":\"https:\/\/www.fiestaclasica.org\/#\/schema\/person\/e8219b53c2a1c7e6b03ea5329053f8ac\"},\"headline\":\"Aisha Syed Castro &#038; El Sistema\",\"datePublished\":\"2020-08-06T16:38:05+00:00\",\"dateModified\":\"2021-09-30T12:45:08+00:00\",\"mainEntityOfPage\":{\"@id\":\"https:\/\/www.fiestaclasica.org\/en\/aisha-syed-castro-el-sistema\/\"},\"wordCount\":102,\"commentCount\":0,\"publisher\":{\"@id\":\"https:\/\/www.fiestaclasica.org\/#organization\"},\"articleSection\":[\"News\"],\"inLanguage\":\"en-US\",\"potentialAction\":[{\"@type\":\"CommentAction\",\"name\":\"Comment\",\"target\":[\"https:\/\/www.fiestaclasica.org\/en\/aisha-syed-castro-el-sistema\/#respond\"]}]},{\"@type\":\"WebPage\",\"@id\":\"https:\/\/www.fiestaclasica.org\/en\/aisha-syed-castro-el-sistema\/\",\"url\":\"https:\/\/www.fiestaclasica.org\/en\/aisha-syed-castro-el-sistema\/\",\"name\":\"Aisha Syed Castro & El Sistema - Fiesta Clasica\",\"isPartOf\":{\"@id\":\"https:\/\/www.fiestaclasica.org\/#website\"},\"datePublished\":\"2020-08-06T16:38:05+00:00\",\"dateModified\":\"2021-09-30T12:45:08+00:00\",\"description\":\"Santo Domingo \u2013 6 de Agosto, 2020: Nuestra amiga la violinista Aisha Syed Castro, Miembro de Honor de Fiesta Cl\u00e1sica, dio este mi\u00e9rcoles 5 de agosto una clase magistral por invitaci\u00f3n de El Sistema.\",\"breadcrumb\":{\"@id\":\"https:\/\/www.fiestaclasica.org\/en\/aisha-syed-castro-el-sistema\/#breadcrumb\"},\"inLanguage\":\"en-US\",\"potentialAction\":[{\"@type\":\"ReadAction\",\"target\":[\"https:\/\/www.fiestaclasica.org\/en\/aisha-syed-castro-el-sistema\/\"]}]},{\"@type\":\"BreadcrumbList\",\"@id\":\"https:\/\/www.fiestaclasica.org\/en\/aisha-syed-castro-el-sistema\/#breadcrumb\",\"itemListElement\":[{\"@type\":\"ListItem\",\"position\":1,\"name\":\"Portada\",\"item\":\"https:\/\/www.fiestaclasica.org\/en\/\"},{\"@type\":\"ListItem\",\"position\":2,\"name\":\"Aisha Syed Castro &#038; El Sistema\"}]},{\"@type\":\"WebSite\",\"@id\":\"https:\/\/www.fiestaclasica.org\/#website\",\"url\":\"https:\/\/www.fiestaclasica.org\/\",\"name\":\"Fiesta Clasica\",\"description\":\"Fiesta Clasica\",\"publisher\":{\"@id\":\"https:\/\/www.fiestaclasica.org\/#organization\"},\"potentialAction\":[{\"@type\":\"SearchAction\",\"target\":{\"@type\":\"EntryPoint\",\"urlTemplate\":\"https:\/\/www.fiestaclasica.org\/?s={search_term_string}\"},\"query-input\":\"required name=search_term_string\"}],\"inLanguage\":\"en-US\"},{\"@type\":\"Organization\",\"@id\":\"https:\/\/www.fiestaclasica.org\/#organization\",\"name\":\"fiesta clasica\",\"url\":\"https:\/\/www.fiestaclasica.org\/\",\"logo\":{\"@type\":\"ImageObject\",\"inLanguage\":\"en-US\",\"@id\":\"https:\/\/www.fiestaclasica.org\/#\/schema\/logo\/image\/\",\"url\":\"https:\/\/www.fiestaclasica.org\/wp-content\/uploads\/2016\/04\/logo-FC-prensa.jpg\",\"contentUrl\":\"https:\/\/www.fiestaclasica.org\/wp-content\/uploads\/2016\/04\/logo-FC-prensa.jpg\",\"width\":449,\"height\":261,\"caption\":\"fiesta clasica\"},\"image\":{\"@id\":\"https:\/\/www.fiestaclasica.org\/#\/schema\/logo\/image\/\"},\"sameAs\":[\"https:\/\/www.facebook.com\/FiestaClasica\/\",\"https:\/\/twitter.com\/fiestaclasica\",\"https:\/\/www.instagram.com\/fiestaclasica\/\",\"https:\/\/www.youtube.com\/channel\/UCt82JYKhPM3Th7pNLCA7-xw\"]},{\"@type\":\"Person\",\"@id\":\"https:\/\/www.fiestaclasica.org\/#\/schema\/person\/e8219b53c2a1c7e6b03ea5329053f8ac\",\"name\":\"webzwin\",\"image\":{\"@type\":\"ImageObject\",\"inLanguage\":\"en-US\",\"@id\":\"https:\/\/www.fiestaclasica.org\/#\/schema\/person\/image\/\",\"url\":\"https:\/\/secure.gravatar.com\/avatar\/b61cecce942f25228da00c5f6ea9bef8?s=96&d=mm&r=g\",\"contentUrl\":\"https:\/\/secure.gravatar.com\/avatar\/b61cecce942f25228da00c5f6ea9bef8?s=96&d=mm&r=g\",\"caption\":\"webzwin\"},\"url\":\"https:\/\/www.fiestaclasica.org\/en\/author\/webzwin\/\"}]}<\/script>\n<!-- \/ Yoast SEO plugin. -->","yoast_head_json":{"title":"Aisha Syed Castro & El Sistema - Fiesta Clasica","description":"Santo Domingo \u2013 6 de Agosto, 2020: Nuestra amiga la violinista Aisha Syed Castro, Miembro de Honor de Fiesta Cl\u00e1sica, dio este mi\u00e9rcoles 5 de agosto una clase magistral por invitaci\u00f3n de El Sistema.","robots":{"index":"index","follow":"follow","max-snippet":"max-snippet:-1","max-image-preview":"max-image-preview:large","max-video-preview":"max-video-preview:-1"},"canonical":"https:\/\/www.fiestaclasica.org\/en\/aisha-syed-castro-el-sistema\/","og_locale":"en_US","og_type":"article","og_title":"Aisha Syed Castro & El Sistema - Fiesta Clasica","og_description":"Santo Domingo \u2013 6 de Agosto, 2020: Nuestra amiga la violinista Aisha Syed Castro, Miembro de Honor de Fiesta Cl\u00e1sica, dio este mi\u00e9rcoles 5 de agosto una clase magistral por invitaci\u00f3n de El Sistema.","og_url":"https:\/\/www.fiestaclasica.org\/en\/aisha-syed-castro-el-sistema\/","og_site_name":"Fiesta Clasica","article_publisher":"https:\/\/www.facebook.com\/FiestaClasica\/","article_published_time":"2020-08-06T16:38:05+00:00","article_modified_time":"2021-09-30T12:45:08+00:00","og_image":[{"width":1280,"height":850,"url":"http:\/\/www.fiestaclasica.org\/wp-content\/uploads\/2020\/08\/NoticiaN_5-1.jpg","type":"image\/jpeg"}],"author":"webzwin","twitter_card":"summary_large_image","twitter_creator":"@fiestaclasica","twitter_site":"@fiestaclasica","twitter_misc":{"Written by":"webzwin"},"schema":{"@context":"https:\/\/schema.org","@graph":[{"@type":"Article","@id":"https:\/\/www.fiestaclasica.org\/en\/aisha-syed-castro-el-sistema\/#article","isPartOf":{"@id":"https:\/\/www.fiestaclasica.org\/en\/aisha-syed-castro-el-sistema\/"},"author":{"name":"webzwin","@id":"https:\/\/www.fiestaclasica.org\/#\/schema\/person\/e8219b53c2a1c7e6b03ea5329053f8ac"},"headline":"Aisha Syed Castro &#038; El Sistema","datePublished":"2020-08-06T16:38:05+00:00","dateModified":"2021-09-30T12:45:08+00:00","mainEntityOfPage":{"@id":"https:\/\/www.fiestaclasica.org\/en\/aisha-syed-castro-el-sistema\/"},"wordCount":102,"commentCount":0,"publisher":{"@id":"https:\/\/www.fiestaclasica.org\/#organization"},"articleSection":["News"],"inLanguage":"en-US","potentialAction":[{"@type":"CommentAction","name":"Comment","target":["https:\/\/www.fiestaclasica.org\/en\/aisha-syed-castro-el-sistema\/#respond"]}]},{"@type":"WebPage","@id":"https:\/\/www.fiestaclasica.org\/en\/aisha-syed-castro-el-sistema\/","url":"https:\/\/www.fiestaclasica.org\/en\/aisha-syed-castro-el-sistema\/","name":"Aisha Syed Castro & El Sistema - Fiesta Clasica","isPartOf":{"@id":"https:\/\/www.fiestaclasica.org\/#website"},"datePublished":"2020-08-06T16:38:05+00:00","dateModified":"2021-09-30T12:45:08+00:00","description":"Santo Domingo \u2013 6 de Agosto, 2020: Nuestra amiga la violinista Aisha Syed Castro, Miembro de Honor de Fiesta Cl\u00e1sica, dio este mi\u00e9rcoles 5 de agosto una clase magistral por invitaci\u00f3n de El Sistema.","breadcrumb":{"@id":"https:\/\/www.fiestaclasica.org\/en\/aisha-syed-castro-el-sistema\/#breadcrumb"},"inLanguage":"en-US","potentialAction":[{"@type":"ReadAction","target":["https:\/\/www.fiestaclasica.org\/en\/aisha-syed-castro-el-sistema\/"]}]},{"@type":"BreadcrumbList","@id":"https:\/\/www.fiestaclasica.org\/en\/aisha-syed-castro-el-sistema\/#breadcrumb","itemListElement":[{"@type":"ListItem","position":1,"name":"Portada","item":"https:\/\/www.fiestaclasica.org\/en\/"},{"@type":"ListItem","position":2,"name":"Aisha Syed Castro &#038; El Sistema"}]},{"@type":"WebSite","@id":"https:\/\/www.fiestaclasica.org\/#website","url":"https:\/\/www.fiestaclasica.org\/","name":"Fiesta Clasica","description":"Fiesta Clasica","publisher":{"@id":"https:\/\/www.fiestaclasica.org\/#organization"},"potentialAction":[{"@type":"SearchAction","target":{"@type":"EntryPoint","urlTemplate":"https:\/\/www.fiestaclasica.org\/?s={search_term_string}"},"query-input":"required name=search_term_string"}],"inLanguage":"en-US"},{"@type":"Organization","@id":"https:\/\/www.fiestaclasica.org\/#organization","name":"fiesta clasica","url":"https:\/\/www.fiestaclasica.org\/","logo":{"@type":"ImageObject","inLanguage":"en-US","@id":"https:\/\/www.fiestaclasica.org\/#\/schema\/logo\/image\/","url":"https:\/\/www.fiestaclasica.org\/wp-content\/uploads\/2016\/04\/logo-FC-prensa.jpg","contentUrl":"https:\/\/www.fiestaclasica.org\/wp-content\/uploads\/2016\/04\/logo-FC-prensa.jpg","width":449,"height":261,"caption":"fiesta clasica"},"image":{"@id":"https:\/\/www.fiestaclasica.org\/#\/schema\/logo\/image\/"},"sameAs":["https:\/\/www.facebook.com\/FiestaClasica\/","https:\/\/twitter.com\/fiestaclasica","https:\/\/www.instagram.com\/fiestaclasica\/","https:\/\/www.youtube.com\/channel\/UCt82JYKhPM3Th7pNLCA7-xw"]},{"@type":"Person","@id":"https:\/\/www.fiestaclasica.org\/#\/schema\/person\/e8219b53c2a1c7e6b03ea5329053f8ac","name":"webzwin","image":{"@type":"ImageObject","inLanguage":"en-US","@id":"https:\/\/www.fiestaclasica.org\/#\/schema\/person\/image\/","url":"https:\/\/secure.gravatar.com\/avatar\/b61cecce942f25228da00c5f6ea9bef8?s=96&d=mm&r=g","contentUrl":"https:\/\/secure.gravatar.com\/avatar\/b61cecce942f25228da00c5f6ea9bef8?s=96&d=mm&r=g","caption":"webzwin"},"url":"https:\/\/www.fiestaclasica.org\/en\/author\/webzwin\/"}]}},"_links":{"self":[{"href":"https:\/\/www.fiestaclasica.org\/en\/wp-json\/wp\/v2\/posts\/11479\/"}],"collection":[{"href":"https:\/\/www.fiestaclasica.org\/en\/wp-json\/wp\/v2\/posts\/"}],"about":[{"href":"https:\/\/www.fiestaclasica.org\/en\/wp-json\/wp\/v2\/types\/post\/"}],"author":[{"embeddable":true,"href":"https:\/\/www.fiestaclasica.org\/en\/wp-json\/wp\/v2\/users\/1\/"}],"replies":[{"embeddable":true,"href":"https:\/\/www.fiestaclasica.org\/en\/wp-json\/wp\/v2\/comments\/?post=11479"}],"version-history":[{"count":8,"href":"https:\/\/www.fiestaclasica.org\/en\/wp-json\/wp\/v2\/posts\/11479\/revisions\/"}],"predecessor-version":[{"id":11675,"href":"https:\/\/www.fiestaclasica.org\/en\/wp-json\/wp\/v2\/posts\/11479\/revisions\/11675\/"}],"wp:featuredmedia":[{"embeddable":true,"href":"https:\/\/www.fiestaclasica.org\/en\/wp-json\/wp\/v2\/media\/11393\/"}],"wp:attachment":[{"href":"https:\/\/www.fiestaclasica.org\/en\/wp-json\/wp\/v2\/media\/?parent=11479"}],"wp:term":[{"taxonomy":"category","embeddable":true,"href":"https:\/\/www.fiestaclasica.org\/en\/wp-json\/wp\/v2\/categories\/?post=11479"},{"taxonomy":"post_tag","embeddable":true,"href":"https:\/\/www.fiestaclasica.org\/en\/wp-json\/wp\/v2\/tags\/?post=11479"},{"taxonomy":"post_series","embeddable":true,"href":"https:\/\/www.fiestaclasica.org\/en\/wp-json\/wp\/v2\/post_series\/?post=11479"}],"curies":[{"name":"wp","href":"https:\/\/api.w.org\/{rel}","templated":true}]}}