{"id":10688,"date":"2019-12-05T19:21:57","date_gmt":"2019-12-05T19:21:57","guid":{"rendered":"http:\/\/www.fiestaclasica.org\/?p=10688"},"modified":"2021-09-30T12:42:20","modified_gmt":"2021-09-30T12:42:20","slug":"fiesta-clasica-and-santa-maria-city-sign-a-collaboration-agreement","status":"publish","type":"post","link":"https:\/\/www.fiestaclasica.org\/en\/fiesta-clasica-and-santa-maria-city-sign-a-collaboration-agreement\/","title":{"rendered":"Fiesta Cl\u00e1sica and Santa Maria City sign a collaboration agreement"},"content":{"rendered":"<p>Santo Domingo &#8211; November 19<sup>th <\/sup>: Foundation Fiesta Cl\u00e1sica represented by its Presdient Mrs Corinne Bouygues de Gobbi and Foundation Ciudad Santa Mar\u00eda represented by its Vice President Mrs Soraya Checo de \u00c1lvarez have firmed an agreement of cooperation which objective is to develop music teaching in Santiago.<\/p>\n<p>This agreement expresses the will of the two institutions to collaborate in order to develop the pedagogy implemented by El Sistema. Its allows Foudation Ciudad Santa Mar\u00eda to enlarge its academic offer and to optimize the quality of the programs of the Ciudad Santa Mar\u00eda Educational Center by creating a Philarmonic Orchestra and a Youth Choir in Santiago de los Caballeros.<\/p>\n<p>This new collaboration consists in a pedagogic and academic partnership during which teschers from Fiesta Cl\u00e1sica in Santo Domingo will provide help and support to the team in Santiago. Located in the Educational Center of Ciudad Santa Maria, this new \u201cn\u00facleo\u201d will be called Fiesta Cl\u00e1sica Santiago and will start its activities in November. Moreover it will receive the visit of Lourdes S\u00e1nchez who is in charge of the Choirs in El Sistema in order to set up the first classes and a public presentation during Christmas Holidays.<\/p>\n","protected":false},"excerpt":{"rendered":"<p>Santo Domingo &#8211; November 19th : Foundation Fiesta Cl\u00e1sica represented by its Presdient Mrs Corinne Bouygues de Gobbi and Foundation Ciudad Santa Mar\u00eda represented by its Vice President Mrs Soraya Checo de \u00c1lvarez have firmed an agreement of cooperation which objective is to develop music teaching in Santiago. This agreement expresses the will of the&hellip;<\/p>\n","protected":false},"author":1,"featured_media":10681,"comment_status":"open","ping_status":"open","sticky":false,"template":"","format":"gallery","meta":[],"categories":[17],"tags":[],"post_series":[],"yoast_head":"<!-- This site is optimized with the Yoast SEO plugin v20.7 - https:\/\/yoast.com\/wordpress\/plugins\/seo\/ -->\n<title>Fiesta Cl\u00e1sica and Santa Maria City sign a collaboration agreement - Fiesta Clasica<\/title>\n<meta name=\"robots\" content=\"index, follow, max-snippet:-1, max-image-preview:large, max-video-preview:-1\" \/>\n<link rel=\"canonical\" href=\"https:\/\/www.fiestaclasica.org\/en\/fiesta-clasica-and-santa-maria-city-sign-a-collaboration-agreement\/\" \/>\n<meta property=\"og:locale\" content=\"en_US\" \/>\n<meta property=\"og:type\" content=\"article\" \/>\n<meta property=\"og:title\" content=\"Fiesta Cl\u00e1sica and Santa Maria City sign a collaboration agreement - Fiesta Clasica\" \/>\n<meta property=\"og:description\" content=\"Santo Domingo &#8211; November 19th : Foundation Fiesta Cl\u00e1sica represented by its Presdient Mrs Corinne Bouygues de Gobbi and Foundation Ciudad Santa Mar\u00eda represented by its Vice President Mrs Soraya Checo de \u00c1lvarez have firmed an agreement of cooperation which objective is to develop music teaching in Santiago. This agreement expresses the will of the&hellip;\" \/>\n<meta property=\"og:url\" content=\"https:\/\/www.fiestaclasica.org\/en\/fiesta-clasica-and-santa-maria-city-sign-a-collaboration-agreement\/\" \/>\n<meta property=\"og:site_name\" content=\"Fiesta Clasica\" \/>\n<meta property=\"article:publisher\" content=\"https:\/\/www.facebook.com\/FiestaClasica\/\" \/>\n<meta property=\"article:published_time\" content=\"2019-12-05T19:21:57+00:00\" \/>\n<meta property=\"article:modified_time\" content=\"2021-09-30T12:42:20+00:00\" \/>\n<meta property=\"og:image\" content=\"https:\/\/www.fiestaclasica.org\/wp-content\/uploads\/2019\/12\/not_smaria3.jpg\" \/>\n\t<meta property=\"og:image:width\" content=\"1280\" \/>\n\t<meta property=\"og:image:height\" content=\"850\" \/>\n\t<meta property=\"og:image:type\" content=\"image\/jpeg\" \/>\n<meta name=\"author\" content=\"webzwin\" \/>\n<meta name=\"twitter:card\" content=\"summary_large_image\" \/>\n<meta name=\"twitter:creator\" content=\"@fiestaclasica\" \/>\n<meta name=\"twitter:site\" content=\"@fiestaclasica\" \/>\n<meta name=\"twitter:label1\" content=\"Written by\" \/>\n\t<meta name=\"twitter:data1\" content=\"webzwin\" \/>\n\t<meta name=\"twitter:label2\" content=\"Est. reading time\" \/>\n\t<meta name=\"twitter:data2\" content=\"1 minute\" \/>\n<script type=\"application\/ld+json\" class=\"yoast-schema-graph\">{\"@context\":\"https:\/\/schema.org\",\"@graph\":[{\"@type\":\"Article\",\"@id\":\"https:\/\/www.fiestaclasica.org\/en\/fiesta-clasica-and-santa-maria-city-sign-a-collaboration-agreement\/#article\",\"isPartOf\":{\"@id\":\"https:\/\/www.fiestaclasica.org\/en\/fiesta-clasica-and-santa-maria-city-sign-a-collaboration-agreement\/\"},\"author\":{\"name\":\"webzwin\",\"@id\":\"https:\/\/www.fiestaclasica.org\/#\/schema\/person\/e8219b53c2a1c7e6b03ea5329053f8ac\"},\"headline\":\"Fiesta Cl\u00e1sica and Santa Maria City sign a collaboration agreement\",\"datePublished\":\"2019-12-05T19:21:57+00:00\",\"dateModified\":\"2021-09-30T12:42:20+00:00\",\"mainEntityOfPage\":{\"@id\":\"https:\/\/www.fiestaclasica.org\/en\/fiesta-clasica-and-santa-maria-city-sign-a-collaboration-agreement\/\"},\"wordCount\":215,\"commentCount\":0,\"publisher\":{\"@id\":\"https:\/\/www.fiestaclasica.org\/#organization\"},\"articleSection\":[\"News\"],\"inLanguage\":\"en-US\",\"potentialAction\":[{\"@type\":\"CommentAction\",\"name\":\"Comment\",\"target\":[\"https:\/\/www.fiestaclasica.org\/en\/fiesta-clasica-and-santa-maria-city-sign-a-collaboration-agreement\/#respond\"]}]},{\"@type\":\"WebPage\",\"@id\":\"https:\/\/www.fiestaclasica.org\/en\/fiesta-clasica-and-santa-maria-city-sign-a-collaboration-agreement\/\",\"url\":\"https:\/\/www.fiestaclasica.org\/en\/fiesta-clasica-and-santa-maria-city-sign-a-collaboration-agreement\/\",\"name\":\"Fiesta Cl\u00e1sica and Santa Maria City sign a collaboration agreement - Fiesta Clasica\",\"isPartOf\":{\"@id\":\"https:\/\/www.fiestaclasica.org\/#website\"},\"datePublished\":\"2019-12-05T19:21:57+00:00\",\"dateModified\":\"2021-09-30T12:42:20+00:00\",\"breadcrumb\":{\"@id\":\"https:\/\/www.fiestaclasica.org\/en\/fiesta-clasica-and-santa-maria-city-sign-a-collaboration-agreement\/#breadcrumb\"},\"inLanguage\":\"en-US\",\"potentialAction\":[{\"@type\":\"ReadAction\",\"target\":[\"https:\/\/www.fiestaclasica.org\/en\/fiesta-clasica-and-santa-maria-city-sign-a-collaboration-agreement\/\"]}]},{\"@type\":\"BreadcrumbList\",\"@id\":\"https:\/\/www.fiestaclasica.org\/en\/fiesta-clasica-and-santa-maria-city-sign-a-collaboration-agreement\/#breadcrumb\",\"itemListElement\":[{\"@type\":\"ListItem\",\"position\":1,\"name\":\"Portada\",\"item\":\"https:\/\/www.fiestaclasica.org\/en\/\"},{\"@type\":\"ListItem\",\"position\":2,\"name\":\"Fiesta Cl\u00e1sica and Santa Maria City sign a collaboration agreement\"}]},{\"@type\":\"WebSite\",\"@id\":\"https:\/\/www.fiestaclasica.org\/#website\",\"url\":\"https:\/\/www.fiestaclasica.org\/\",\"name\":\"Fiesta Clasica\",\"description\":\"Fiesta Clasica\",\"publisher\":{\"@id\":\"https:\/\/www.fiestaclasica.org\/#organization\"},\"potentialAction\":[{\"@type\":\"SearchAction\",\"target\":{\"@type\":\"EntryPoint\",\"urlTemplate\":\"https:\/\/www.fiestaclasica.org\/?s={search_term_string}\"},\"query-input\":\"required name=search_term_string\"}],\"inLanguage\":\"en-US\"},{\"@type\":\"Organization\",\"@id\":\"https:\/\/www.fiestaclasica.org\/#organization\",\"name\":\"fiesta clasica\",\"url\":\"https:\/\/www.fiestaclasica.org\/\",\"logo\":{\"@type\":\"ImageObject\",\"inLanguage\":\"en-US\",\"@id\":\"https:\/\/www.fiestaclasica.org\/#\/schema\/logo\/image\/\",\"url\":\"https:\/\/www.fiestaclasica.org\/wp-content\/uploads\/2016\/04\/logo-FC-prensa.jpg\",\"contentUrl\":\"https:\/\/www.fiestaclasica.org\/wp-content\/uploads\/2016\/04\/logo-FC-prensa.jpg\",\"width\":449,\"height\":261,\"caption\":\"fiesta clasica\"},\"image\":{\"@id\":\"https:\/\/www.fiestaclasica.org\/#\/schema\/logo\/image\/\"},\"sameAs\":[\"https:\/\/www.facebook.com\/FiestaClasica\/\",\"https:\/\/twitter.com\/fiestaclasica\",\"https:\/\/www.instagram.com\/fiestaclasica\/\",\"https:\/\/www.youtube.com\/channel\/UCt82JYKhPM3Th7pNLCA7-xw\"]},{\"@type\":\"Person\",\"@id\":\"https:\/\/www.fiestaclasica.org\/#\/schema\/person\/e8219b53c2a1c7e6b03ea5329053f8ac\",\"name\":\"webzwin\",\"image\":{\"@type\":\"ImageObject\",\"inLanguage\":\"en-US\",\"@id\":\"https:\/\/www.fiestaclasica.org\/#\/schema\/person\/image\/\",\"url\":\"https:\/\/secure.gravatar.com\/avatar\/b61cecce942f25228da00c5f6ea9bef8?s=96&d=mm&r=g\",\"contentUrl\":\"https:\/\/secure.gravatar.com\/avatar\/b61cecce942f25228da00c5f6ea9bef8?s=96&d=mm&r=g\",\"caption\":\"webzwin\"},\"url\":\"https:\/\/www.fiestaclasica.org\/en\/author\/webzwin\/\"}]}<\/script>\n<!-- \/ Yoast SEO plugin. -->","yoast_head_json":{"title":"Fiesta Cl\u00e1sica and Santa Maria City sign a collaboration agreement - Fiesta Clasica","robots":{"index":"index","follow":"follow","max-snippet":"max-snippet:-1","max-image-preview":"max-image-preview:large","max-video-preview":"max-video-preview:-1"},"canonical":"https:\/\/www.fiestaclasica.org\/en\/fiesta-clasica-and-santa-maria-city-sign-a-collaboration-agreement\/","og_locale":"en_US","og_type":"article","og_title":"Fiesta Cl\u00e1sica and Santa Maria City sign a collaboration agreement - Fiesta Clasica","og_description":"Santo Domingo &#8211; November 19th : Foundation Fiesta Cl\u00e1sica represented by its Presdient Mrs Corinne Bouygues de Gobbi and Foundation Ciudad Santa Mar\u00eda represented by its Vice President Mrs Soraya Checo de \u00c1lvarez have firmed an agreement of cooperation which objective is to develop music teaching in Santiago. This agreement expresses the will of the&hellip;","og_url":"https:\/\/www.fiestaclasica.org\/en\/fiesta-clasica-and-santa-maria-city-sign-a-collaboration-agreement\/","og_site_name":"Fiesta Clasica","article_publisher":"https:\/\/www.facebook.com\/FiestaClasica\/","article_published_time":"2019-12-05T19:21:57+00:00","article_modified_time":"2021-09-30T12:42:20+00:00","og_image":[{"width":1280,"height":850,"url":"https:\/\/www.fiestaclasica.org\/wp-content\/uploads\/2019\/12\/not_smaria3.jpg","type":"image\/jpeg"}],"author":"webzwin","twitter_card":"summary_large_image","twitter_creator":"@fiestaclasica","twitter_site":"@fiestaclasica","twitter_misc":{"Written by":"webzwin","Est. reading time":"1 minute"},"schema":{"@context":"https:\/\/schema.org","@graph":[{"@type":"Article","@id":"https:\/\/www.fiestaclasica.org\/en\/fiesta-clasica-and-santa-maria-city-sign-a-collaboration-agreement\/#article","isPartOf":{"@id":"https:\/\/www.fiestaclasica.org\/en\/fiesta-clasica-and-santa-maria-city-sign-a-collaboration-agreement\/"},"author":{"name":"webzwin","@id":"https:\/\/www.fiestaclasica.org\/#\/schema\/person\/e8219b53c2a1c7e6b03ea5329053f8ac"},"headline":"Fiesta Cl\u00e1sica and Santa Maria City sign a collaboration agreement","datePublished":"2019-12-05T19:21:57+00:00","dateModified":"2021-09-30T12:42:20+00:00","mainEntityOfPage":{"@id":"https:\/\/www.fiestaclasica.org\/en\/fiesta-clasica-and-santa-maria-city-sign-a-collaboration-agreement\/"},"wordCount":215,"commentCount":0,"publisher":{"@id":"https:\/\/www.fiestaclasica.org\/#organization"},"articleSection":["News"],"inLanguage":"en-US","potentialAction":[{"@type":"CommentAction","name":"Comment","target":["https:\/\/www.fiestaclasica.org\/en\/fiesta-clasica-and-santa-maria-city-sign-a-collaboration-agreement\/#respond"]}]},{"@type":"WebPage","@id":"https:\/\/www.fiestaclasica.org\/en\/fiesta-clasica-and-santa-maria-city-sign-a-collaboration-agreement\/","url":"https:\/\/www.fiestaclasica.org\/en\/fiesta-clasica-and-santa-maria-city-sign-a-collaboration-agreement\/","name":"Fiesta Cl\u00e1sica and Santa Maria City sign a collaboration agreement - Fiesta Clasica","isPartOf":{"@id":"https:\/\/www.fiestaclasica.org\/#website"},"datePublished":"2019-12-05T19:21:57+00:00","dateModified":"2021-09-30T12:42:20+00:00","breadcrumb":{"@id":"https:\/\/www.fiestaclasica.org\/en\/fiesta-clasica-and-santa-maria-city-sign-a-collaboration-agreement\/#breadcrumb"},"inLanguage":"en-US","potentialAction":[{"@type":"ReadAction","target":["https:\/\/www.fiestaclasica.org\/en\/fiesta-clasica-and-santa-maria-city-sign-a-collaboration-agreement\/"]}]},{"@type":"BreadcrumbList","@id":"https:\/\/www.fiestaclasica.org\/en\/fiesta-clasica-and-santa-maria-city-sign-a-collaboration-agreement\/#breadcrumb","itemListElement":[{"@type":"ListItem","position":1,"name":"Portada","item":"https:\/\/www.fiestaclasica.org\/en\/"},{"@type":"ListItem","position":2,"name":"Fiesta Cl\u00e1sica and Santa Maria City sign a collaboration agreement"}]},{"@type":"WebSite","@id":"https:\/\/www.fiestaclasica.org\/#website","url":"https:\/\/www.fiestaclasica.org\/","name":"Fiesta Clasica","description":"Fiesta Clasica","publisher":{"@id":"https:\/\/www.fiestaclasica.org\/#organization"},"potentialAction":[{"@type":"SearchAction","target":{"@type":"EntryPoint","urlTemplate":"https:\/\/www.fiestaclasica.org\/?s={search_term_string}"},"query-input":"required name=search_term_string"}],"inLanguage":"en-US"},{"@type":"Organization","@id":"https:\/\/www.fiestaclasica.org\/#organization","name":"fiesta clasica","url":"https:\/\/www.fiestaclasica.org\/","logo":{"@type":"ImageObject","inLanguage":"en-US","@id":"https:\/\/www.fiestaclasica.org\/#\/schema\/logo\/image\/","url":"https:\/\/www.fiestaclasica.org\/wp-content\/uploads\/2016\/04\/logo-FC-prensa.jpg","contentUrl":"https:\/\/www.fiestaclasica.org\/wp-content\/uploads\/2016\/04\/logo-FC-prensa.jpg","width":449,"height":261,"caption":"fiesta clasica"},"image":{"@id":"https:\/\/www.fiestaclasica.org\/#\/schema\/logo\/image\/"},"sameAs":["https:\/\/www.facebook.com\/FiestaClasica\/","https:\/\/twitter.com\/fiestaclasica","https:\/\/www.instagram.com\/fiestaclasica\/","https:\/\/www.youtube.com\/channel\/UCt82JYKhPM3Th7pNLCA7-xw"]},{"@type":"Person","@id":"https:\/\/www.fiestaclasica.org\/#\/schema\/person\/e8219b53c2a1c7e6b03ea5329053f8ac","name":"webzwin","image":{"@type":"ImageObject","inLanguage":"en-US","@id":"https:\/\/www.fiestaclasica.org\/#\/schema\/person\/image\/","url":"https:\/\/secure.gravatar.com\/avatar\/b61cecce942f25228da00c5f6ea9bef8?s=96&d=mm&r=g","contentUrl":"https:\/\/secure.gravatar.com\/avatar\/b61cecce942f25228da00c5f6ea9bef8?s=96&d=mm&r=g","caption":"webzwin"},"url":"https:\/\/www.fiestaclasica.org\/en\/author\/webzwin\/"}]}},"_links":{"self":[{"href":"https:\/\/www.fiestaclasica.org\/en\/wp-json\/wp\/v2\/posts\/10688\/"}],"collection":[{"href":"https:\/\/www.fiestaclasica.org\/en\/wp-json\/wp\/v2\/posts\/"}],"about":[{"href":"https:\/\/www.fiestaclasica.org\/en\/wp-json\/wp\/v2\/types\/post\/"}],"author":[{"embeddable":true,"href":"https:\/\/www.fiestaclasica.org\/en\/wp-json\/wp\/v2\/users\/1\/"}],"replies":[{"embeddable":true,"href":"https:\/\/www.fiestaclasica.org\/en\/wp-json\/wp\/v2\/comments\/?post=10688"}],"version-history":[{"count":7,"href":"https:\/\/www.fiestaclasica.org\/en\/wp-json\/wp\/v2\/posts\/10688\/revisions\/"}],"predecessor-version":[{"id":11672,"href":"https:\/\/www.fiestaclasica.org\/en\/wp-json\/wp\/v2\/posts\/10688\/revisions\/11672\/"}],"wp:featuredmedia":[{"embeddable":true,"href":"https:\/\/www.fiestaclasica.org\/en\/wp-json\/wp\/v2\/media\/10681\/"}],"wp:attachment":[{"href":"https:\/\/www.fiestaclasica.org\/en\/wp-json\/wp\/v2\/media\/?parent=10688"}],"wp:term":[{"taxonomy":"category","embeddable":true,"href":"https:\/\/www.fiestaclasica.org\/en\/wp-json\/wp\/v2\/categories\/?post=10688"},{"taxonomy":"post_tag","embeddable":true,"href":"https:\/\/www.fiestaclasica.org\/en\/wp-json\/wp\/v2\/tags\/?post=10688"},{"taxonomy":"post_series","embeddable":true,"href":"https:\/\/www.fiestaclasica.org\/en\/wp-json\/wp\/v2\/post_series\/?post=10688"}],"curies":[{"name":"wp","href":"https:\/\/api.w.org\/{rel}","templated":true}]}}